{"id":7701,"date":"2025-11-12T01:16:30","date_gmt":"2025-11-12T01:16:30","guid":{"rendered":"https:\/\/www.rengoenlanoticia.cl\/prensa\/?p=7701"},"modified":"2025-11-12T01:16:36","modified_gmt":"2025-11-12T01:16:36","slug":"elecciones-presidencial-y-parlamentarias-2025-nadie-queda-fuera-gobierno-y-servel-impulsan-voto-asistido-para-garantizar-participacion-de-personas-con-discapacidad","status":"publish","type":"post","link":"https:\/\/www.rengoenlanoticia.cl\/prensa\/2025\/11\/12\/elecciones-presidencial-y-parlamentarias-2025-nadie-queda-fuera-gobierno-y-servel-impulsan-voto-asistido-para-garantizar-participacion-de-personas-con-discapacidad\/","title":{"rendered":"Elecciones Presidencial y Parlamentarias 2025 Nadie queda fuera: Gobierno y Servel impulsan Voto Asistido para garantizar participaci\u00f3n de personas con discapacidad"},"content":{"rendered":"\n<p><\/p>\n\n\n\n<p><em>Las medidas incluyen uso de la plantilla ranurada y ranurada con sistema Braille para personas ciegas o con discapacidad visual, adem\u00e1s de la plataforma Visor en la web del Servel para personas sordas y con discapacidad auditiva.<\/em><\/p>\n\n\n\n<p>La ministra de Desarrollo Social y Familia, Javiera Toro; la presidenta del Consejo Directivo del Servel, Pamela Figueroa, el director nacional de Servel, Ra\u00fal Garc\u00eda, y el director nacional de Senadis, Pedro Goic, reforzaron las medidas dispuestas para promover la participaci\u00f3n de las personas con discapacidad y problemas de movilidad, en el marco de las elecciones presidencial y parlamentarias 2025, que se desarrollar\u00e1n el domingo 16 de noviembre, para que puedan ejercer con autonom\u00eda su derecho a voto.<em><\/em><\/p>\n\n\n\n<p>La normativa vigente establece que las personas con discapacidad pueden hacer uso de su derecho al voto asistido, con una persona de su confianza, o bien solicitar la asistencia del presidente de la mesa. Estar\u00e1n disponibles plantillas ranuradas y ranuradas con sistema Braille, para personas ciegas y con discapacidad visual. El Servel, adem\u00e1s, dispuso de la plataforma Visor en su sitio web para asistir a personas sordas o con discapacidad auditiva para ejercer su voto. Personas con perros de asistencia pueden realizar el sufragio acompa\u00f1adas por ellos en todo momento.<\/p>\n\n\n\n<figure class=\"wp-block-image size-full\"><img loading=\"lazy\" decoding=\"async\" width=\"1024\" height=\"684\" src=\"https:\/\/www.rengoenlanoticia.cl\/prensa\/wp-content\/uploads\/2025\/11\/Voto-Asistido-1.jpg\" alt=\"\" class=\"wp-image-7717\" srcset=\"https:\/\/www.rengoenlanoticia.cl\/prensa\/wp-content\/uploads\/2025\/11\/Voto-Asistido-1.jpg 1024w, https:\/\/www.rengoenlanoticia.cl\/prensa\/wp-content\/uploads\/2025\/11\/Voto-Asistido-1-300x200.jpg 300w, https:\/\/www.rengoenlanoticia.cl\/prensa\/wp-content\/uploads\/2025\/11\/Voto-Asistido-1-768x513.jpg 768w, https:\/\/www.rengoenlanoticia.cl\/prensa\/wp-content\/uploads\/2025\/11\/Voto-Asistido-1-110x73.jpg 110w, https:\/\/www.rengoenlanoticia.cl\/prensa\/wp-content\/uploads\/2025\/11\/Voto-Asistido-1-200x134.jpg 200w, https:\/\/www.rengoenlanoticia.cl\/prensa\/wp-content\/uploads\/2025\/11\/Voto-Asistido-1-380x254.jpg 380w, https:\/\/www.rengoenlanoticia.cl\/prensa\/wp-content\/uploads\/2025\/11\/Voto-Asistido-1-255x170.jpg 255w, https:\/\/www.rengoenlanoticia.cl\/prensa\/wp-content\/uploads\/2025\/11\/Voto-Asistido-1-550x367.jpg 550w, https:\/\/www.rengoenlanoticia.cl\/prensa\/wp-content\/uploads\/2025\/11\/Voto-Asistido-1-800x534.jpg 800w\" sizes=\"auto, (max-width: 1024px) 100vw, 1024px\" \/><\/figure>\n\n\n\n<p>Las autoridades recordaron que tendr\u00e1n atenci\u00f3n preferente para votar las personas mayores, personas con discapacidad o movilidad reducida, personas embarazadas y personas cuidadoras inscritas en el Registro Social de Hogares.<\/p>\n\n\n\n<p>La ministra de Desarrollo Social y Familia, Javiera Toro, remarc\u00f3 que \u201cel voto debe promover la autonom\u00eda, la participaci\u00f3n y la inclusi\u00f3n, garantizando que nadie quede fuera. Porque, finalmente, todas las personas tenemos derecho a decidir qui\u00e9nes dirigir\u00e1n el pa\u00eds, qui\u00e9nes cuidar\u00e1n de Chile. La democracia se construye desde esa participaci\u00f3n sin barreras ni exclusiones. Invitamos especialmente a las personas con discapacidad y a las personas autistas a asistir a sus locales de votaci\u00f3n este domingo y ejercer su derecho, en un proceso que, gracias al trabajo conjunto con el Servel, busca ser verdaderamente inclusivo\u201d.<\/p>\n\n\n\n<p>La presidenta del Consejo Directivo del Servel, Pamela Figueroa, destac\u00f3 la gu\u00eda para personas neurodivergentes disponible en la p\u00e1gina web <a href=\"https:\/\/www.servel.cl\/\">www.servel.cl<\/a>. \u201cEsta gu\u00eda es un avance muy<\/p>\n\n\n\n<p>importante que quer\u00edamos dar a conocer. Fue un trabajo en conjunto de las fundaciones con el Servicio Electoral, as\u00ed que estamos muy contentos de dar este paso y promover un proceso electoral con informaci\u00f3n inclusiva y accesible\u201d.<\/p>\n\n\n\n<p>Adem\u00e1s, la autoridad del Servicio Electoral detall\u00f3 que \u201cel documento est\u00e1 dise\u00f1ado de manera que la informaci\u00f3n sea adecuada para las personas neurodivergentes, considerando factores como el tipo de letra, colores, y elementos gr\u00e1ficos especialmente dirigidos a ellos\u201d.<\/p>\n\n\n\n<p>El director nacional del Servicio Nacional de la Discapacidad, Pedro Goic, expres\u00f3 que \u201cdesde SENADIS, hacemos un llamado a las personas con discapacidad y personas autistas con discapacidad a que asistan a los locales de votaci\u00f3n para ejercer su derecho a voto en las elecciones del pr\u00f3ximo domingo, est\u00e1n dispuestas las medidas para que puedan votar de manera aut\u00f3noma o asistidos a lo largo de nuestro pa\u00eds\u00bb.<\/p>\n\n\n\n<p>A nivel regional, la Seremi de Desarrollo Social y Familia, Nayadeth Ahumada Herrera, resalt\u00f3 la importancia de estas medidas, destacando que \u201cen la regi\u00f3n de O\u2019Higgins hemos trabajado para que este proceso obligatorio sea inclusivo estableciendo las medidas y ajustes necesarios con la finalidad que las personas con discapacidad puedan ejercer su derecho a voto de forma segura, informada y en igualdad de condiciones. Con mayor participaci\u00f3n fortalecemos nuestra democracia\u201d.<\/p>\n\n\n\n<p><strong>Detalle de las medidas<\/strong><\/p>\n\n\n\n<ul class=\"wp-block-list\">\n<li>Las personas con discapacidad pueden ejercer su derecho al voto asistido, para lo cual pueden ir acompa\u00f1adas de una persona mayor de 18 a\u00f1os de su confianza, que puede ingresar a la c\u00e1mara secreta. En caso de acudir solos, pueden solicitar asistencia al presidente de la mesa, quien debe esperar fuera de la c\u00e1mara para doblar y cerrar el voto, resguardando el secreto del sufragio. En todos los casos debe quedar constancia en el acta de mesa el nombre del elector que utiliza el voto asistido y de quien lo asiste.<\/li>\n<\/ul>\n\n\n\n<ul class=\"wp-block-list\">\n<li>En el caso de las personas con discapacidad visual, podr\u00e1n solicitar al presidente de la mesa la plantilla ranurada o ranurada con sistema Braille, que estar\u00e1n disponibles en cada local de votaci\u00f3n. Adem\u00e1s, se debe permitir el ingreso de perros de asistencia, que pueden acompa\u00f1ar al votante durante todo el proceso.<\/li>\n<\/ul>\n\n\n\n<ul class=\"wp-block-list\">\n<li>En tanto, las personas que no puedan ingresar a la c\u00e1mara secreta por usar camilla, silla de ruedas u otro motivo, estar\u00e1n autorizadas a sufragar fuera de ella, y la mesa deber\u00e1 adoptar las medidas necesarias para mantener el secreto del voto.<\/li>\n<\/ul>\n\n\n\n<ul class=\"wp-block-list\">\n<li>Las personas sordas y personas con discapacidad auditiva, pueden expresar, a trav\u00e9s de lengua de se\u00f1as o por escrito, que desean utilizar el voto asistido.<\/li>\n<\/ul>\n\n\n\n<ul class=\"wp-block-list\">\n<li>Por otra parte, el Servicio Electoral ha dispuesto en su sitio web la plataforma Visor, que permite a las personas sordas acceder a la interpretaci\u00f3n en lengua de se\u00f1as simult\u00e1nea, de manera gratuita, para resolver dudas, y dar apoyo en los locales de votaci\u00f3n. Asimismo, el Servel dispuso atenci\u00f3n telef\u00f3nica preferencial para personas mayores, que ser\u00e1n identificadas a trav\u00e9s del RUT.<\/li>\n<\/ul>\n","protected":false},"excerpt":{"rendered":"Las medidas incluyen uso de la plantilla ranurada y ranurada con sistema Braille para personas ciegas o con&hellip;\n","protected":false},"author":1,"featured_media":7716,"comment_status":"open","ping_status":"open","sticky":false,"template":"","format":"standard","meta":{"_monsterinsights_skip_tracking":false,"_monsterinsights_sitenote_active":false,"_monsterinsights_sitenote_note":"","_monsterinsights_sitenote_category":0,"footnotes":""},"categories":[8],"tags":[],"class_list":{"0":"post-7701","1":"post","2":"type-post","3":"status-publish","4":"format-standard","5":"has-post-thumbnail","7":"category-portada"},"aioseo_notices":[],"_links":{"self":[{"href":"https:\/\/www.rengoenlanoticia.cl\/prensa\/wp-json\/wp\/v2\/posts\/7701","targetHints":{"allow":["GET"]}}],"collection":[{"href":"https:\/\/www.rengoenlanoticia.cl\/prensa\/wp-json\/wp\/v2\/posts"}],"about":[{"href":"https:\/\/www.rengoenlanoticia.cl\/prensa\/wp-json\/wp\/v2\/types\/post"}],"author":[{"embeddable":true,"href":"https:\/\/www.rengoenlanoticia.cl\/prensa\/wp-json\/wp\/v2\/users\/1"}],"replies":[{"embeddable":true,"href":"https:\/\/www.rengoenlanoticia.cl\/prensa\/wp-json\/wp\/v2\/comments?post=7701"}],"version-history":[{"count":2,"href":"https:\/\/www.rengoenlanoticia.cl\/prensa\/wp-json\/wp\/v2\/posts\/7701\/revisions"}],"predecessor-version":[{"id":7723,"href":"https:\/\/www.rengoenlanoticia.cl\/prensa\/wp-json\/wp\/v2\/posts\/7701\/revisions\/7723"}],"wp:featuredmedia":[{"embeddable":true,"href":"https:\/\/www.rengoenlanoticia.cl\/prensa\/wp-json\/wp\/v2\/media\/7716"}],"wp:attachment":[{"href":"https:\/\/www.rengoenlanoticia.cl\/prensa\/wp-json\/wp\/v2\/media?parent=7701"}],"wp:term":[{"taxonomy":"category","embeddable":true,"href":"https:\/\/www.rengoenlanoticia.cl\/prensa\/wp-json\/wp\/v2\/categories?post=7701"},{"taxonomy":"post_tag","embeddable":true,"href":"https:\/\/www.rengoenlanoticia.cl\/prensa\/wp-json\/wp\/v2\/tags?post=7701"}],"curies":[{"name":"wp","href":"https:\/\/api.w.org\/{rel}","templated":true}]}}