{"id":7700,"date":"2025-11-12T01:16:11","date_gmt":"2025-11-12T01:16:11","guid":{"rendered":"https:\/\/www.rengoenlanoticia.cl\/prensa\/?p=7700"},"modified":"2025-11-12T01:16:14","modified_gmt":"2025-11-12T01:16:14","slug":"defensoria-del-contribuyente-realiza-consulta-ciudadana-por-informe-sobre-proceso-de-termino-de-giro-comercial","status":"publish","type":"post","link":"https:\/\/www.rengoenlanoticia.cl\/prensa\/2025\/11\/12\/defensoria-del-contribuyente-realiza-consulta-ciudadana-por-informe-sobre-proceso-de-termino-de-giro-comercial\/","title":{"rendered":"Defensor\u00eda del Contribuyente realiza consulta ciudadana por informe sobre proceso de t\u00e9rmino de giro comercial"},"content":{"rendered":"\n<p><strong>El formulario de consulta p\u00fablica estar\u00e1 abierto a la ciudadan\u00eda a trav\u00e9s de la web <\/strong><a href=\"http:\/\/www.dedecon.cl\"><strong>www.dedecon.cl<\/strong><\/a><strong> y desde las redes sociales de la instituci\u00f3n, durante dos semanas. Luego de ello el equipo de expertos tributarios de la Dedecon trabajar\u00e1 en un informe t\u00e9cnico, que deber\u00e1 entregar a la autoridad fiscal antes del 31 de diciembre del 2025.<\/strong><\/p>\n\n\n\n<p>La Defensor\u00eda del Contribuyente inici\u00f3 una consulta ciudadana para avanzar en el desarrollo de un informe t\u00e9cnico para analizar el proceso y tramitaci\u00f3n que implica el t\u00e9rmino de giro de un negocio o emprendimiento.<\/p>\n\n\n\n<p>Es preciso indicar que si un contribuyente va a cerrar un negocio o dejar\u00e1 de realizar actividades comerciales, debe hacer el t\u00e9rmino de giro ante el Servicio de Impuestos Internos (SII). Este tr\u00e1mite informa oficialmente que ya no tendr\u00e1 ingresos ni obligaciones tributarias como empresa o persona natural con giro.<\/p>\n\n\n\n<p>Es muy importante hacerlo, porque si no lo declara, el SII puede seguir considerando que su negocio est\u00e1 activo y podr\u00eda seguir acumulando declaraciones pendientes, multas o impuestos que ya no corresponden.<\/p>\n\n\n\n<p>En este contexto, la Defensor\u00eda del Contribuyente ha decidido revisar c\u00f3mo se est\u00e1 realizando este procedimiento y tr\u00e1mite ante el SII, para evaluar, por ejemplo, si existen problemas que afectan los derechos de los contribuyentes. &nbsp;<\/p>\n\n\n\n<figure class=\"wp-block-image size-full\"><img loading=\"lazy\" decoding=\"async\" width=\"1024\" height=\"683\" src=\"https:\/\/www.rengoenlanoticia.cl\/prensa\/wp-content\/uploads\/2025\/11\/03_07.jpg\" alt=\"\" class=\"wp-image-7712\" srcset=\"https:\/\/www.rengoenlanoticia.cl\/prensa\/wp-content\/uploads\/2025\/11\/03_07.jpg 1024w, https:\/\/www.rengoenlanoticia.cl\/prensa\/wp-content\/uploads\/2025\/11\/03_07-300x200.jpg 300w, https:\/\/www.rengoenlanoticia.cl\/prensa\/wp-content\/uploads\/2025\/11\/03_07-768x512.jpg 768w, https:\/\/www.rengoenlanoticia.cl\/prensa\/wp-content\/uploads\/2025\/11\/03_07-110x73.jpg 110w, https:\/\/www.rengoenlanoticia.cl\/prensa\/wp-content\/uploads\/2025\/11\/03_07-200x133.jpg 200w, https:\/\/www.rengoenlanoticia.cl\/prensa\/wp-content\/uploads\/2025\/11\/03_07-380x253.jpg 380w, https:\/\/www.rengoenlanoticia.cl\/prensa\/wp-content\/uploads\/2025\/11\/03_07-255x170.jpg 255w, https:\/\/www.rengoenlanoticia.cl\/prensa\/wp-content\/uploads\/2025\/11\/03_07-550x367.jpg 550w, https:\/\/www.rengoenlanoticia.cl\/prensa\/wp-content\/uploads\/2025\/11\/03_07-800x534.jpg 800w\" sizes=\"auto, (max-width: 1024px) 100vw, 1024px\" \/><\/figure>\n\n\n\n<p>El Defensor del Contribuyente, Ricardo Pizarro, explic\u00f3 que \u201cestamos implementando un proceso de consulta ciudadana. Queremos recoger opiniones, recomendaciones y observaciones que puedan tener las pymes, emprendedores, acad\u00e9micos o l\u00edderes de opini\u00f3n sobre la tramitaci\u00f3n de un proceso que es muy importante al momento de dar t\u00e9rmino de un negocio. Nuestro objetivo es recibir, analizar y sistematizar informaci\u00f3n, que sirvan para trabajar en un informe t\u00e9cnico que enviaremos a la autoridad fiscal\u201d.<\/p>\n\n\n\n<p>En este sentido, Ricardo Pizarro agreg\u00f3 que \u201cla ley le confiere a la Defensor\u00eda la facultad y atribuci\u00f3n de emitir informes t\u00e9cnicos de alguna problem\u00e1tica tributaria. Para este caso puntual, hemos abierto una consulta ciudadana, para recibir de los propios contribuyentes sus observaciones\u201d.<\/p>\n\n\n\n<p>El formulario de consulta p\u00fablica estar\u00e1 abierto a la ciudadan\u00eda a trav\u00e9s de la web <a href=\"http:\/\/www.dedecon.cl\">www.dedecon.cl<\/a> y desde las redes sociales de la Defensor\u00eda, durante dos semanas. Luego de ello, el equipo de expertos tributarios de la Dedecon trabajar\u00e1 en un informe t\u00e9cnico, que deber\u00e1 entregar a la autoridad fiscal antes del 31 de diciembre del 2025.<\/p>\n\n\n\n<p>\u201cHacemos una invitaci\u00f3n, principalmente a emprendedores y pymes, a que puedan acceder a este formulario online y nos puedan compartir sus comentarios y observaciones. La presente consulta p\u00fablica tiene por objeto recoger la opini\u00f3n de la ciudadan\u00eda en el contexto de un informe sist\u00e9mico, en el que deber\u00e1 trabajar la Defensor\u00eda del Contribuyente. Las opiniones, experiencias y antecedentes&nbsp;recogidos en este proceso ser\u00e1n consideradas por la DEDECON, manteniendo la debida reserva y confidencialidad de quienes nos compartan sus opiniones\u201d, detall\u00f3 Ricardo Pizarro.&nbsp;<\/p>\n\n\n\n<p><strong>Para responder directamente, puede ingresar al siguiente formulario<\/strong><\/p>\n\n\n\n<figure class=\"wp-block-embed\"><div class=\"wp-block-embed__wrapper\">\nhttps:\/\/forms.office.com\/Pages\/ResponsePage.aspx?id=6d44Xep9w0utLZZoJHCsUVi0c6rOyYJIs8HCkMw4W1hUODY1R0FSVVc3MDhQR0hLUEZRWUhEMlBGSy4u\n<\/div><\/figure>\n","protected":false},"excerpt":{"rendered":"El formulario de consulta p\u00fablica estar\u00e1 abierto a la ciudadan\u00eda a trav\u00e9s de la web www.dedecon.cl y desde&hellip;\n","protected":false},"author":1,"featured_media":7713,"comment_status":"open","ping_status":"open","sticky":false,"template":"","format":"standard","meta":{"_monsterinsights_skip_tracking":false,"_monsterinsights_sitenote_active":false,"_monsterinsights_sitenote_note":"","_monsterinsights_sitenote_category":0,"footnotes":""},"categories":[8],"tags":[],"class_list":{"0":"post-7700","1":"post","2":"type-post","3":"status-publish","4":"format-standard","5":"has-post-thumbnail","7":"category-portada"},"aioseo_notices":[],"_links":{"self":[{"href":"https:\/\/www.rengoenlanoticia.cl\/prensa\/wp-json\/wp\/v2\/posts\/7700","targetHints":{"allow":["GET"]}}],"collection":[{"href":"https:\/\/www.rengoenlanoticia.cl\/prensa\/wp-json\/wp\/v2\/posts"}],"about":[{"href":"https:\/\/www.rengoenlanoticia.cl\/prensa\/wp-json\/wp\/v2\/types\/post"}],"author":[{"embeddable":true,"href":"https:\/\/www.rengoenlanoticia.cl\/prensa\/wp-json\/wp\/v2\/users\/1"}],"replies":[{"embeddable":true,"href":"https:\/\/www.rengoenlanoticia.cl\/prensa\/wp-json\/wp\/v2\/comments?post=7700"}],"version-history":[{"count":2,"href":"https:\/\/www.rengoenlanoticia.cl\/prensa\/wp-json\/wp\/v2\/posts\/7700\/revisions"}],"predecessor-version":[{"id":7722,"href":"https:\/\/www.rengoenlanoticia.cl\/prensa\/wp-json\/wp\/v2\/posts\/7700\/revisions\/7722"}],"wp:featuredmedia":[{"embeddable":true,"href":"https:\/\/www.rengoenlanoticia.cl\/prensa\/wp-json\/wp\/v2\/media\/7713"}],"wp:attachment":[{"href":"https:\/\/www.rengoenlanoticia.cl\/prensa\/wp-json\/wp\/v2\/media?parent=7700"}],"wp:term":[{"taxonomy":"category","embeddable":true,"href":"https:\/\/www.rengoenlanoticia.cl\/prensa\/wp-json\/wp\/v2\/categories?post=7700"},{"taxonomy":"post_tag","embeddable":true,"href":"https:\/\/www.rengoenlanoticia.cl\/prensa\/wp-json\/wp\/v2\/tags?post=7700"}],"curies":[{"name":"wp","href":"https:\/\/api.w.org\/{rel}","templated":true}]}}