{"id":7699,"date":"2025-11-12T01:03:45","date_gmt":"2025-11-12T01:03:45","guid":{"rendered":"https:\/\/www.rengoenlanoticia.cl\/prensa\/?p=7699"},"modified":"2025-11-12T01:16:04","modified_gmt":"2025-11-12T01:16:04","slug":"sistema-de-admision-escolar-sae-2026-este-miercoles-12-de-noviembre-se-inicia-el-periodo-complementario-de-postulacion","status":"publish","type":"post","link":"https:\/\/www.rengoenlanoticia.cl\/prensa\/2025\/11\/12\/sistema-de-admision-escolar-sae-2026-este-miercoles-12-de-noviembre-se-inicia-el-periodo-complementario-de-postulacion\/","title":{"rendered":"Sistema de Admisi\u00f3n Escolar (SAE) 2026: este mi\u00e9rcoles 12 de noviembre se inicia el Periodo Complementario de Postulaci\u00f3n"},"content":{"rendered":"\n<p>Entre las 09:00 horas de este mi\u00e9rcoles 12 y las 14:00 horas del mi\u00e9rcoles 19 de noviembre las familias que no postularon en el Periodo Principal, que quedaron sin asignaci\u00f3n o que rechazaron el resultado, deber\u00e1n postular a establecimientos con vacantes disponibles. Se recomienda postular al menos a seis establecimientos en orden de preferencia.<strong><\/strong><\/p>\n\n\n\n<p><br>El Ministerio de Educaci\u00f3n informa que el <strong>Periodo Complementario de postulaci\u00f3n al Sistema de Admisi\u00f3n Escolar (SAE) 2026<\/strong> se desarrollar\u00e1 entre el <strong>mi\u00e9rcoles 12 y el mi\u00e9rcoles 19 de noviembre<\/strong>, hasta las <strong>14:00 horas<\/strong>. Esta etapa est\u00e1 dirigida a:<\/p>\n\n\n\n<ul class=\"wp-block-list\">\n<li>Quienes <strong>no postularon<\/strong> en el Periodo Principal.<\/li>\n\n\n\n<li>Quienes <strong>no obtuvieron asignaci\u00f3n<\/strong> en el Periodo Principal ni en la lista de espera.<\/li>\n\n\n\n<li>Quienes <strong>rechazaron su establecimiento asignado<\/strong> en el Periodo Principal o en la lista de espera.<\/li>\n<\/ul>\n\n\n\n<p>Durante este periodo, m\u00e1s de <strong>7.500 establecimientos<\/strong> a nivel nacional que a\u00fan cuentan con vacantes estar\u00e1n disponibles para postular a trav\u00e9s de la plataforma https:\/\/www.sistemadeadmisionescolar.cl\/.<\/p>\n\n\n\n<p>El ministro de Educaci\u00f3n, <strong>Nicol\u00e1s Cataldo<\/strong>, hizo un llamado a las familias a informarse y participar activamente: \u201cRecomendamos revisar los proyectos educativos disponibles y postular al menos a seis establecimientos distintos, en orden de preferencia, para aumentar las posibilidades de obtener un cupo acorde a sus expectativas\u201d.<\/p>\n\n\n\n<p><strong>Recomendaciones para postular<\/strong><\/p>\n\n\n\n<ul class=\"wp-block-list\">\n<li><strong>Ingresar a la plataforma de Admisi\u00f3n Escolar <\/strong>con usuario y contrase\u00f1a.<\/li>\n\n\n\n<li><strong>Explorar la vitrina de establecimientos<\/strong> y filtrar por regi\u00f3n, comuna, nivel, jornada, Programa de Integraci\u00f3n Escolar (PIE), entre otros criterios.<\/li>\n\n\n\n<li><strong>Revisar los proyectos educativos<\/strong> y los indicadores de la Agencia de la Calidad y otros aspectos como: SIMCE, infraestructura, actividades extraprogram\u00e1ticas, etc.<\/li>\n<\/ul>\n\n\n\n<ul class=\"wp-block-list\">\n<li>Aquellos estudiantes que no tienen continuidad en su establecimiento para el pr\u00f3ximo a\u00f1o: <strong>postular a seis o m\u00e1s establecimientos<\/strong> para ampliar las opciones si no cuenta con colegio para el pr\u00f3ximo a\u00f1o.<\/li>\n<\/ul>\n\n\n\n<ul class=\"wp-block-list\">\n<li><strong>Descargar el comprobante de postulaci\u00f3n<\/strong> una vez finalizado el proceso.<\/li>\n\n\n\n<li><strong>Aquellos estudiantes que s\u00ed tienen continuidad en el colegio actual: postular s\u00f3lo a establecimientos que prefieren por sobre los que se encuentran actualmente<\/strong>, ya que una nueva asignaci\u00f3n libera autom\u00e1ticamente el cupo en el establecimiento actual para que pueda ser utilizado por otro estudiante que lo necesita<\/li>\n<\/ul>\n\n\n\n<p>Es importante destacar que <strong>las vacantes no se asignan por orden de llegada<\/strong>, por lo que las familias pueden enviar su postulaci\u00f3n o modificar sus preferencias hasta el cierre del proceso. Por esta raz\u00f3n, solicitamos a las familias a postular tom\u00e1ndose el tiempo adecuado para conocer las diferentes opciones y ordenarlas en relaci\u00f3n con sus preferencias, es decir, no a postular primero, sino que a postular informado.<\/p>\n\n\n\n<p><strong>Pr\u00f3ximas etapas<\/strong><\/p>\n\n\n\n<p>Finalizado el Periodo Complementario, los <strong>resultados se conocer\u00e1n a partir del d\u00eda 2 de diciembre<\/strong>. En tanto, el proceso de matr\u00edcula se llevar\u00e1 a cabo a partir del 9 y hasta el 23 de diciembre de 2025 (30 de diciembre en las regiones de Ays\u00e9n y Magallanes).<\/p>\n\n\n\n<p>Luego, comenzar\u00e1 el <strong>Periodo de Regularizaci\u00f3n<\/strong>, proceso en el que cada establecimiento asigna las vacantes que a\u00fan tienen disponibles y por orden de llegada. Aquellas personas que queden sin asignaci\u00f3n o que tengan una asignaci\u00f3n por cercan\u00eda en este Periodo Complementario, podr\u00e1n solicitar vacante desde el 12 de diciembre en todos los establecimientos que postularon en ambos periodos de postulaci\u00f3n, de forma tal que queden primeros en el registro p\u00fablico digital de estos establecimientos.<\/p>\n\n\n\n<p>Adem\u00e1s, aquellas personas que a\u00fan no est\u00e9n conformes con su asignaci\u00f3n y deseen cambiar de establecimiento, podr\u00e1n solicitar vacantes en el <strong>Periodo de Regularizaci\u00f3n<\/strong> que comenzar\u00e1 el 15, 17 y 19 de diciembre para establecimientos de la zona norte, sur y Regi\u00f3n Metropolitana, respectivamente. Es muy importante considerar que <strong>en el Periodo de Regularizaci\u00f3n s\u00f3lo quedan disponibles las vacantes que no fueron utilizadas en el Periodo Principal ni complementario de postulaciones.<\/strong> Por lo tanto, desde el Ministerio de Educaci\u00f3n se recomienda matricular de todas formas en el establecimiento en el que tuvieron asignaci\u00f3n para tener la tranquilidad y seguridad de contar con derecho a matr\u00edcula a inicios del a\u00f1o escolar; y, adem\u00e1s, solicitar vacante en todos los establecimientos que deseen.<\/p>\n\n\n\n<p>Para dudas o asistencia, las familias pueden acceder a:<\/p>\n\n\n\n<ul class=\"wp-block-list\">\n<li>Redes sociales oficiales de <strong>Admisi\u00f3n Escolar<\/strong><\/li>\n\n\n\n<li>Sitio web: <a href=\"https:\/\/www.sistemadeadmisionescolar.cl\/\">https:\/\/www.sistemadeadmisionescolar.cl\/<\/a><br>y <a href=\"https:\/\/www.ayudamineduc.cl\/\">https:\/\/www.ayudamineduc.cl\/<\/a><\/li>\n\n\n\n<li>Tel\u00e9fono: <strong>600 600 26 26<\/strong><\/li>\n\n\n\n<li>Atenci\u00f3n presencial en <strong>oficinas de Ayuda Mineduc<\/strong>, <strong>Secretar\u00edas Ministeriales<\/strong> y <strong>Departamentos Provinciales de Educaci\u00f3n.<\/strong><\/li>\n<\/ul>\n","protected":false},"excerpt":{"rendered":"Entre las 09:00 horas de este mi\u00e9rcoles 12 y las 14:00 horas del mi\u00e9rcoles 19 de noviembre las&hellip;\n","protected":false},"author":1,"featured_media":7707,"comment_status":"open","ping_status":"open","sticky":false,"template":"","format":"standard","meta":{"_monsterinsights_skip_tracking":false,"_monsterinsights_sitenote_active":false,"_monsterinsights_sitenote_note":"","_monsterinsights_sitenote_category":0,"footnotes":""},"categories":[8],"tags":[],"class_list":{"0":"post-7699","1":"post","2":"type-post","3":"status-publish","4":"format-standard","5":"has-post-thumbnail","7":"category-portada"},"aioseo_notices":[],"_links":{"self":[{"href":"https:\/\/www.rengoenlanoticia.cl\/prensa\/wp-json\/wp\/v2\/posts\/7699","targetHints":{"allow":["GET"]}}],"collection":[{"href":"https:\/\/www.rengoenlanoticia.cl\/prensa\/wp-json\/wp\/v2\/posts"}],"about":[{"href":"https:\/\/www.rengoenlanoticia.cl\/prensa\/wp-json\/wp\/v2\/types\/post"}],"author":[{"embeddable":true,"href":"https:\/\/www.rengoenlanoticia.cl\/prensa\/wp-json\/wp\/v2\/users\/1"}],"replies":[{"embeddable":true,"href":"https:\/\/www.rengoenlanoticia.cl\/prensa\/wp-json\/wp\/v2\/comments?post=7699"}],"version-history":[{"count":2,"href":"https:\/\/www.rengoenlanoticia.cl\/prensa\/wp-json\/wp\/v2\/posts\/7699\/revisions"}],"predecessor-version":[{"id":7721,"href":"https:\/\/www.rengoenlanoticia.cl\/prensa\/wp-json\/wp\/v2\/posts\/7699\/revisions\/7721"}],"wp:featuredmedia":[{"embeddable":true,"href":"https:\/\/www.rengoenlanoticia.cl\/prensa\/wp-json\/wp\/v2\/media\/7707"}],"wp:attachment":[{"href":"https:\/\/www.rengoenlanoticia.cl\/prensa\/wp-json\/wp\/v2\/media?parent=7699"}],"wp:term":[{"taxonomy":"category","embeddable":true,"href":"https:\/\/www.rengoenlanoticia.cl\/prensa\/wp-json\/wp\/v2\/categories?post=7699"},{"taxonomy":"post_tag","embeddable":true,"href":"https:\/\/www.rengoenlanoticia.cl\/prensa\/wp-json\/wp\/v2\/tags?post=7699"}],"curies":[{"name":"wp","href":"https:\/\/api.w.org\/{rel}","templated":true}]}}