{"id":7656,"date":"2025-11-07T11:05:35","date_gmt":"2025-11-07T11:05:35","guid":{"rendered":"https:\/\/www.rengoenlanoticia.cl\/prensa\/?p=7656"},"modified":"2025-11-07T11:08:55","modified_gmt":"2025-11-07T11:08:55","slug":"gobierno-regional-reconoce-a-los-medallistas-de-oro-parapanamericano-de-ohiggins","status":"publish","type":"post","link":"https:\/\/www.rengoenlanoticia.cl\/prensa\/2025\/11\/07\/gobierno-regional-reconoce-a-los-medallistas-de-oro-parapanamericano-de-ohiggins\/","title":{"rendered":"Gobierno Regional reconoce a los medallistas de oro parapanamericano de O\u2019Higgins"},"content":{"rendered":"\n<p>Jos\u00e9 Cerpa y Crist\u00f3bal Garc\u00eda lograron el oro en duplas masculinas, sumando en total 5 preseas para la regi\u00f3n.<\/p>\n\n\n\n<p>Una nueva historia parapanamericana se registr\u00f3 en las p\u00e1ginas del deporte paral\u00edmpico de la regi\u00f3n de O\u2019Higgins con la actuaci\u00f3n de los paratenimesistas Crist\u00f3bal Garc\u00eda (Rancagua) y Jos\u00e9 Cerpa (Nancagua), quienes lograron en total 5 medallas en los Juegos Juveniles Parapanamericanos 2025.<\/p>\n\n\n\n<p>El atleta rancag\u00fcino obtuvo dos preseas de oro y una de bronce, tras sus presentaciones en dobles masculino, individual y dobles mixto respectivamente. \u201cTres medallas para la regi\u00f3n, para Chile, s\u00faper contento. La verdad la experiencia -fue- hermosa. Lo que hizo la municipalidad de Rengo fue incre\u00edble. Agradecer al GORE que de verdad el apoyo, las gestiones, la implementaci\u00f3n que de verdad hizo falta y gracias a ellos pudimos obtener esos logros que hoy d\u00eda levantamos por la regi\u00f3n y por Chile\u201d, sostuvo Garc\u00eda.&nbsp;<\/p>\n\n\n\n<p>Por su parte, el joven nancag\u00fcino subi\u00f3 al podio con una medalla de oro y bronce tras participar en las finales de las categor\u00edas duplas masculinas e individual. \u201cFue un momento muy lindo donde pude ganar con mi compa\u00f1ero Crist\u00f3bal la prueba de dobles y lamentablemente en single logr\u00e9 sacar la medalla de bronce. Igual fue un buen resultado, pero no era el resultado que buscaba. -Igualmente- muy contento, ya que jugamos contra nuestros compa\u00f1eros (final de duplas chilenas) y feliz que se quede la medalla de plata y el oro ac\u00e1 en Chile, y sobre todo que se qued\u00f3 el oro en la regi\u00f3n\u201d, afirm\u00f3 Cerpa.<\/p>\n\n\n\n<figure class=\"wp-block-image size-large\"><img loading=\"lazy\" decoding=\"async\" width=\"1024\" height=\"682\" src=\"https:\/\/www.rengoenlanoticia.cl\/prensa\/wp-content\/uploads\/2025\/11\/WhatsApp-Image-2025-11-06-at-18.06.50-1024x682.jpeg\" alt=\"\" class=\"wp-image-7658\" srcset=\"https:\/\/www.rengoenlanoticia.cl\/prensa\/wp-content\/uploads\/2025\/11\/WhatsApp-Image-2025-11-06-at-18.06.50-1024x682.jpeg 1024w, https:\/\/www.rengoenlanoticia.cl\/prensa\/wp-content\/uploads\/2025\/11\/WhatsApp-Image-2025-11-06-at-18.06.50-300x200.jpeg 300w, https:\/\/www.rengoenlanoticia.cl\/prensa\/wp-content\/uploads\/2025\/11\/WhatsApp-Image-2025-11-06-at-18.06.50-768x512.jpeg 768w, https:\/\/www.rengoenlanoticia.cl\/prensa\/wp-content\/uploads\/2025\/11\/WhatsApp-Image-2025-11-06-at-18.06.50-1536x1024.jpeg 1536w, https:\/\/www.rengoenlanoticia.cl\/prensa\/wp-content\/uploads\/2025\/11\/WhatsApp-Image-2025-11-06-at-18.06.50-2048x1365.jpeg 2048w, https:\/\/www.rengoenlanoticia.cl\/prensa\/wp-content\/uploads\/2025\/11\/WhatsApp-Image-2025-11-06-at-18.06.50-110x73.jpeg 110w, https:\/\/www.rengoenlanoticia.cl\/prensa\/wp-content\/uploads\/2025\/11\/WhatsApp-Image-2025-11-06-at-18.06.50-200x133.jpeg 200w, https:\/\/www.rengoenlanoticia.cl\/prensa\/wp-content\/uploads\/2025\/11\/WhatsApp-Image-2025-11-06-at-18.06.50-380x253.jpeg 380w, https:\/\/www.rengoenlanoticia.cl\/prensa\/wp-content\/uploads\/2025\/11\/WhatsApp-Image-2025-11-06-at-18.06.50-255x170.jpeg 255w, https:\/\/www.rengoenlanoticia.cl\/prensa\/wp-content\/uploads\/2025\/11\/WhatsApp-Image-2025-11-06-at-18.06.50-550x366.jpeg 550w, https:\/\/www.rengoenlanoticia.cl\/prensa\/wp-content\/uploads\/2025\/11\/WhatsApp-Image-2025-11-06-at-18.06.50-800x533.jpeg 800w, https:\/\/www.rengoenlanoticia.cl\/prensa\/wp-content\/uploads\/2025\/11\/WhatsApp-Image-2025-11-06-at-18.06.50-1160x773.jpeg 1160w, https:\/\/www.rengoenlanoticia.cl\/prensa\/wp-content\/uploads\/2025\/11\/WhatsApp-Image-2025-11-06-at-18.06.50-scaled.jpeg 2560w\" sizes=\"auto, (max-width: 1024px) 100vw, 1024px\" \/><\/figure>\n\n\n\n<p>Este logro internacional del Team ParaChile marca un antes y un despu\u00e9s en el deporte paral\u00edmpico de O\u2019Higgins. En ese contexto, el Gobierno Regional organiz\u00f3 un desayuno de reconocimiento para los atletas con el fin de relevar \u201cel esfuerzo, compromiso y disciplina de estos j\u00f3venes. Pese a todas las dificultades que implica la discapacidad, ellos ganaron medallas de oro en unos juegos parapanamericanos y eso demuestra que se puede salir adelante y lograr grandes cosas\u201d, asegur\u00f3 el gobernador, Pablo Silva Amaya.<\/p>\n\n\n\n<p>En el Parapanamericano anterior, el equipo de paratenimesista alcanz\u00f3 7 preseas. Ahora, en la nueva versi\u00f3n 2025 del certamen, los atletas en todas sus categor\u00edas sumaron en total 13 medallas, lo cual representa un avance importante para la delegaci\u00f3n chilena en materia de torneos internacionales. \u201cCuando la gente ve cantidad de medallas eso es bueno, pero nosotros vemos cantidad de deportistas que se insertan en el sistema. Entonces, la verdad es que eso nos tiene contentos, porque logramos meter cinco deportistas a la beca PRODDAR y eso significa que ellos se van a poder dedicar a entrenar\u201d, indic\u00f3 Francisco Carrasco, director t\u00e9cnico de la Selecci\u00f3n Nacional de Para Tenis de Mesa, quien tambi\u00e9n enfatiz\u00f3 en que \u201cel apoyo del Gobierno Regional de O\u2019Higgins y, puntualmente, de Pablo Silva ha sido importante. No solamente para la regi\u00f3n, yo creo que ha impactado al movimiento paral\u00edmpico\u201d.<\/p>\n\n\n\n<figure class=\"wp-block-image size-large\"><img loading=\"lazy\" decoding=\"async\" width=\"1024\" height=\"683\" src=\"https:\/\/www.rengoenlanoticia.cl\/prensa\/wp-content\/uploads\/2025\/11\/WhatsApp-Image-2025-11-06-at-18.06.50-1-1024x683.jpeg\" alt=\"\" class=\"wp-image-7659\" srcset=\"https:\/\/www.rengoenlanoticia.cl\/prensa\/wp-content\/uploads\/2025\/11\/WhatsApp-Image-2025-11-06-at-18.06.50-1-1024x683.jpeg 1024w, https:\/\/www.rengoenlanoticia.cl\/prensa\/wp-content\/uploads\/2025\/11\/WhatsApp-Image-2025-11-06-at-18.06.50-1-300x200.jpeg 300w, https:\/\/www.rengoenlanoticia.cl\/prensa\/wp-content\/uploads\/2025\/11\/WhatsApp-Image-2025-11-06-at-18.06.50-1-768x512.jpeg 768w, https:\/\/www.rengoenlanoticia.cl\/prensa\/wp-content\/uploads\/2025\/11\/WhatsApp-Image-2025-11-06-at-18.06.50-1-1536x1024.jpeg 1536w, https:\/\/www.rengoenlanoticia.cl\/prensa\/wp-content\/uploads\/2025\/11\/WhatsApp-Image-2025-11-06-at-18.06.50-1-2048x1365.jpeg 2048w, https:\/\/www.rengoenlanoticia.cl\/prensa\/wp-content\/uploads\/2025\/11\/WhatsApp-Image-2025-11-06-at-18.06.50-1-110x73.jpeg 110w, https:\/\/www.rengoenlanoticia.cl\/prensa\/wp-content\/uploads\/2025\/11\/WhatsApp-Image-2025-11-06-at-18.06.50-1-200x133.jpeg 200w, https:\/\/www.rengoenlanoticia.cl\/prensa\/wp-content\/uploads\/2025\/11\/WhatsApp-Image-2025-11-06-at-18.06.50-1-380x253.jpeg 380w, https:\/\/www.rengoenlanoticia.cl\/prensa\/wp-content\/uploads\/2025\/11\/WhatsApp-Image-2025-11-06-at-18.06.50-1-255x170.jpeg 255w, https:\/\/www.rengoenlanoticia.cl\/prensa\/wp-content\/uploads\/2025\/11\/WhatsApp-Image-2025-11-06-at-18.06.50-1-550x367.jpeg 550w, https:\/\/www.rengoenlanoticia.cl\/prensa\/wp-content\/uploads\/2025\/11\/WhatsApp-Image-2025-11-06-at-18.06.50-1-800x533.jpeg 800w, https:\/\/www.rengoenlanoticia.cl\/prensa\/wp-content\/uploads\/2025\/11\/WhatsApp-Image-2025-11-06-at-18.06.50-1-1160x773.jpeg 1160w, https:\/\/www.rengoenlanoticia.cl\/prensa\/wp-content\/uploads\/2025\/11\/WhatsApp-Image-2025-11-06-at-18.06.50-1-scaled.jpeg 2560w\" sizes=\"auto, (max-width: 1024px) 100vw, 1024px\" \/><\/figure>\n\n\n\n<p>Los paradeportistas de la regi\u00f3n miran su pr\u00f3ximo objetivo, clasificar al Mundial de Para Tenis de Mesa 2026 en Tailandia. &nbsp;\u201cAhora estamos en un proceso a clasificar al mundial (\u2026) es necesario para nosotros salir a jugar para poder ganar puntos, salir a jugar y que nos vaya bien\u201d, se\u00f1al\u00f3 Jos\u00e9 Cerpa, mientras que Crist\u00f3bal Garc\u00eda manifest\u00f3 que \u201cla visi\u00f3n que tenemos hoy d\u00eda es un poco m\u00e1s amplia con la posibilidad que tenemos de clasificar a un mundial. Creo que son palabras mayores, me siento muy contento de tener la oportunidad de representar a Chile a nivel mundial\u201d.<\/p>\n\n\n\n<p>\u201cYa hemos coordinado con su entrenador (Francisco Carrasco) para que se aprovechen de muy buena forma los recursos que entrega el Gobierno Regional, buscando participaci\u00f3n en el mundial que es en Tailandia. Estamos convencidos que nuestros dos deportistas van a llegar a ese mundial\u201d, concluy\u00f3 el gobernador regional, Pablo Silva Amaya.<\/p>\n","protected":false},"excerpt":{"rendered":"Jos\u00e9 Cerpa y Crist\u00f3bal Garc\u00eda lograron el oro en duplas masculinas, sumando en total 5 preseas para la&hellip;\n","protected":false},"author":1,"featured_media":7657,"comment_status":"open","ping_status":"open","sticky":false,"template":"","format":"standard","meta":{"_monsterinsights_skip_tracking":false,"_monsterinsights_sitenote_active":false,"_monsterinsights_sitenote_note":"","_monsterinsights_sitenote_category":0,"footnotes":""},"categories":[8],"tags":[],"class_list":{"0":"post-7656","1":"post","2":"type-post","3":"status-publish","4":"format-standard","5":"has-post-thumbnail","7":"category-portada"},"aioseo_notices":[],"_links":{"self":[{"href":"https:\/\/www.rengoenlanoticia.cl\/prensa\/wp-json\/wp\/v2\/posts\/7656","targetHints":{"allow":["GET"]}}],"collection":[{"href":"https:\/\/www.rengoenlanoticia.cl\/prensa\/wp-json\/wp\/v2\/posts"}],"about":[{"href":"https:\/\/www.rengoenlanoticia.cl\/prensa\/wp-json\/wp\/v2\/types\/post"}],"author":[{"embeddable":true,"href":"https:\/\/www.rengoenlanoticia.cl\/prensa\/wp-json\/wp\/v2\/users\/1"}],"replies":[{"embeddable":true,"href":"https:\/\/www.rengoenlanoticia.cl\/prensa\/wp-json\/wp\/v2\/comments?post=7656"}],"version-history":[{"count":3,"href":"https:\/\/www.rengoenlanoticia.cl\/prensa\/wp-json\/wp\/v2\/posts\/7656\/revisions"}],"predecessor-version":[{"id":7674,"href":"https:\/\/www.rengoenlanoticia.cl\/prensa\/wp-json\/wp\/v2\/posts\/7656\/revisions\/7674"}],"wp:featuredmedia":[{"embeddable":true,"href":"https:\/\/www.rengoenlanoticia.cl\/prensa\/wp-json\/wp\/v2\/media\/7657"}],"wp:attachment":[{"href":"https:\/\/www.rengoenlanoticia.cl\/prensa\/wp-json\/wp\/v2\/media?parent=7656"}],"wp:term":[{"taxonomy":"category","embeddable":true,"href":"https:\/\/www.rengoenlanoticia.cl\/prensa\/wp-json\/wp\/v2\/categories?post=7656"},{"taxonomy":"post_tag","embeddable":true,"href":"https:\/\/www.rengoenlanoticia.cl\/prensa\/wp-json\/wp\/v2\/tags?post=7656"}],"curies":[{"name":"wp","href":"https:\/\/api.w.org\/{rel}","templated":true}]}}