{"id":7655,"date":"2025-11-07T11:10:39","date_gmt":"2025-11-07T11:10:39","guid":{"rendered":"https:\/\/www.rengoenlanoticia.cl\/prensa\/?p=7655"},"modified":"2025-11-07T11:48:47","modified_gmt":"2025-11-07T11:48:47","slug":"diputada-marta-gonzalez-solicita-informacion-sobre-contratacion-de-trabajadores-extranjeros-en-temporada-agricola","status":"publish","type":"post","link":"https:\/\/www.rengoenlanoticia.cl\/prensa\/2025\/11\/07\/diputada-marta-gonzalez-solicita-informacion-sobre-contratacion-de-trabajadores-extranjeros-en-temporada-agricola\/","title":{"rendered":"Diputada Marta Gonz\u00e1lez solicita informaci\u00f3n sobre contrataci\u00f3n de trabajadores extranjeros en temporada agr\u00edcola"},"content":{"rendered":"\n<p>Ante el inicio de la temporada de cosecha de cerezas y otros frutos en la zona central del pa\u00eds, la Diputada de la Regi\u00f3n de O\u2019Higgins Marta Gonz\u00e1lez (Distrito 15)&nbsp; ofici\u00f3 a la Direcci\u00f3n del Trabajo para solicitar informaci\u00f3n sobre la aplicaci\u00f3n de la normativa laboral y migratoria en las contrataciones agr\u00edcolas de temporada.<\/p>\n\n\n\n<p>La parlamentaria explic\u00f3 que durante las \u00faltimas semanas ha recibido denuncias y antecedentes de trabajadores chilenos que manifiestan preocupaci\u00f3n por el alto n\u00famero de personas extranjeras contratadas para estas labores, lo que podr\u00eda estar afectando las oportunidades de empleo para la mano de obra nacional.<\/p>\n\n\n\n<p>En su oficio, la diputada recuerda que el art\u00edculo 19 del C\u00f3digo del Trabajo establece que las empresas no pueden superar el 15% de trabajadores extranjeros dentro de su dotaci\u00f3n permanente, salvo excepciones definidas por la ley. Sin embargo, plantea que no existe claridad sobre si este l\u00edmite se aplica tambi\u00e9n a las faenas agr\u00edcolas de car\u00e1cter temporal o de temporada, donde las contrataciones suelen ser masivas y por per\u00edodos breves.<\/p>\n\n\n\n<p>Por ello, solicit\u00f3 a la Direcci\u00f3n del Trabajo informar:<\/p>\n\n\n\n<ol class=\"wp-block-list\">\n<li>Si el l\u00edmite del 15% rige para las contrataciones agr\u00edcolas de temporada y, de no ser as\u00ed, cu\u00e1l es la regulaci\u00f3n espec\u00edfica que se aplica.<\/li>\n\n\n\n<li>Si se han realizado fiscalizaciones recientes en las regiones de O\u2019Higgins y del Maule sobre la proporci\u00f3n de trabajadores nacionales y extranjeros.<\/li>\n\n\n\n<li>Qu\u00e9 criterios y procedimientos de fiscalizaci\u00f3n se utilizan para verificar el cumplimiento de la normativa laboral y migratoria.<\/li>\n\n\n\n<li>Si existen denuncias o sanciones recientes contra empresas agr\u00edcolas por infracciones a este l\u00edmite o por irregularidades en los contratos de temporada.<\/li>\n\n\n\n<li>Y, finalmente, si hay directrices oficiales entre la Direcci\u00f3n del Trabajo y el Servicio Nacional de Migraciones respecto a la contrataci\u00f3n de extranjeros bajo la subcategor\u00eda de \u201ctrabajadores de temporada\u201d<\/li>\n<\/ol>\n\n\n\n<p>\u201cQueremos asegurar que en la temporada agr\u00edcola se respeten las leyes laborales y las oportunidades de empleo sigan siendo para las y los trabajadores de nuestro pa\u00eds. La fiscalizaci\u00f3n debe ser clara y oportuna, especialmente en regiones como O\u2019Higgins y el Maule, donde la agricultura es el sustento de miles de familias\u201d, se\u00f1al\u00f3 la Diputada Marta Gonz\u00e1lez.<\/p>\n\n\n\n<figure class=\"wp-block-image size-large\"><img loading=\"lazy\" decoding=\"async\" width=\"889\" height=\"1024\" src=\"https:\/\/www.rengoenlanoticia.cl\/prensa\/wp-content\/uploads\/2025\/11\/diputada-889x1024.jpg\" alt=\"\" class=\"wp-image-7661\" srcset=\"https:\/\/www.rengoenlanoticia.cl\/prensa\/wp-content\/uploads\/2025\/11\/diputada-889x1024.jpg 889w, https:\/\/www.rengoenlanoticia.cl\/prensa\/wp-content\/uploads\/2025\/11\/diputada-260x300.jpg 260w, https:\/\/www.rengoenlanoticia.cl\/prensa\/wp-content\/uploads\/2025\/11\/diputada-768x885.jpg 768w, https:\/\/www.rengoenlanoticia.cl\/prensa\/wp-content\/uploads\/2025\/11\/diputada-110x127.jpg 110w, https:\/\/www.rengoenlanoticia.cl\/prensa\/wp-content\/uploads\/2025\/11\/diputada-200x230.jpg 200w, https:\/\/www.rengoenlanoticia.cl\/prensa\/wp-content\/uploads\/2025\/11\/diputada-380x438.jpg 380w, https:\/\/www.rengoenlanoticia.cl\/prensa\/wp-content\/uploads\/2025\/11\/diputada-255x294.jpg 255w, https:\/\/www.rengoenlanoticia.cl\/prensa\/wp-content\/uploads\/2025\/11\/diputada-300x346.jpg 300w, https:\/\/www.rengoenlanoticia.cl\/prensa\/wp-content\/uploads\/2025\/11\/diputada-550x634.jpg 550w, https:\/\/www.rengoenlanoticia.cl\/prensa\/wp-content\/uploads\/2025\/11\/diputada-800x921.jpg 800w, https:\/\/www.rengoenlanoticia.cl\/prensa\/wp-content\/uploads\/2025\/11\/diputada.jpg 1080w\" sizes=\"auto, (max-width: 889px) 100vw, 889px\" \/><\/figure>\n","protected":false},"excerpt":{"rendered":"Ante el inicio de la temporada de cosecha de cerezas y otros frutos en la zona central del&hellip;\n","protected":false},"author":1,"featured_media":7661,"comment_status":"open","ping_status":"open","sticky":false,"template":"","format":"standard","meta":{"_monsterinsights_skip_tracking":false,"_monsterinsights_sitenote_active":false,"_monsterinsights_sitenote_note":"","_monsterinsights_sitenote_category":0,"footnotes":""},"categories":[11,8],"tags":[],"class_list":{"0":"post-7655","1":"post","2":"type-post","3":"status-publish","4":"format-standard","5":"has-post-thumbnail","7":"category-politica","8":"category-portada"},"aioseo_notices":[],"_links":{"self":[{"href":"https:\/\/www.rengoenlanoticia.cl\/prensa\/wp-json\/wp\/v2\/posts\/7655","targetHints":{"allow":["GET"]}}],"collection":[{"href":"https:\/\/www.rengoenlanoticia.cl\/prensa\/wp-json\/wp\/v2\/posts"}],"about":[{"href":"https:\/\/www.rengoenlanoticia.cl\/prensa\/wp-json\/wp\/v2\/types\/post"}],"author":[{"embeddable":true,"href":"https:\/\/www.rengoenlanoticia.cl\/prensa\/wp-json\/wp\/v2\/users\/1"}],"replies":[{"embeddable":true,"href":"https:\/\/www.rengoenlanoticia.cl\/prensa\/wp-json\/wp\/v2\/comments?post=7655"}],"version-history":[{"count":4,"href":"https:\/\/www.rengoenlanoticia.cl\/prensa\/wp-json\/wp\/v2\/posts\/7655\/revisions"}],"predecessor-version":[{"id":7677,"href":"https:\/\/www.rengoenlanoticia.cl\/prensa\/wp-json\/wp\/v2\/posts\/7655\/revisions\/7677"}],"wp:featuredmedia":[{"embeddable":true,"href":"https:\/\/www.rengoenlanoticia.cl\/prensa\/wp-json\/wp\/v2\/media\/7661"}],"wp:attachment":[{"href":"https:\/\/www.rengoenlanoticia.cl\/prensa\/wp-json\/wp\/v2\/media?parent=7655"}],"wp:term":[{"taxonomy":"category","embeddable":true,"href":"https:\/\/www.rengoenlanoticia.cl\/prensa\/wp-json\/wp\/v2\/categories?post=7655"},{"taxonomy":"post_tag","embeddable":true,"href":"https:\/\/www.rengoenlanoticia.cl\/prensa\/wp-json\/wp\/v2\/tags?post=7655"}],"curies":[{"name":"wp","href":"https:\/\/api.w.org\/{rel}","templated":true}]}}