{"id":764,"date":"2025-01-05T17:22:10","date_gmt":"2025-01-05T17:22:10","guid":{"rendered":"https:\/\/www.rengoenlanoticia.cl\/prensa\/?p=764"},"modified":"2025-01-05T17:22:13","modified_gmt":"2025-01-05T17:22:13","slug":"senador-juan-luis-castro-ministro-de-energia-sera-citado-para-abordar-impacto-del-ultimo-incremento-en-tarifas-electricas-y-alcance-del-subsidio","status":"publish","type":"post","link":"https:\/\/www.rengoenlanoticia.cl\/prensa\/2025\/01\/05\/senador-juan-luis-castro-ministro-de-energia-sera-citado-para-abordar-impacto-del-ultimo-incremento-en-tarifas-electricas-y-alcance-del-subsidio\/","title":{"rendered":"Senador Juan Luis Castro: Ministro de Energ\u00eda ser\u00e1 citado para abordar impacto del \u00faltimo incremento en tarifas el\u00e9ctricas y alcance del subsidio"},"content":{"rendered":"\n<p><em>En la Comisi\u00f3n de Energ\u00eda y Miner\u00eda se espera conocer en detalle los efectos de este aumento en las diferentes regiones del pa\u00eds, especialmente en los clientes residenciales y comerciales.<\/em><\/p>\n\n\n\n<p>En respuesta a la tercera alza consecutiva de las tarifas el\u00e9ctricas, que entrar\u00e1 en vigor este mes de enero, el senador Juan Luis Castro, presidente de la Comisi\u00f3n de Energ\u00eda y Miner\u00eda, ha anunciado la citaci\u00f3n del Ministro de Energ\u00eda, Diego Pardow, para la pr\u00f3xima semana.<\/p>\n\n\n\n<p>Durante la sesi\u00f3n, se espera que el ministro exponga en detalle los efectos de este incremento en las diferentes regiones del pa\u00eds, especialmente en los clientes residenciales y comerciales, as\u00ed como el estado del proceso de subsidios el\u00e9ctricos.<\/p>\n\n\n\n<p>\u201cEl pago de este \u00faltimo tramo del alza tarifaria, que para la regi\u00f3n de O&#8217;Higgins representa un aumento promedio cercano al 7%, es un desaf\u00edo significativo para muchas familias y negocios locales. Es imprescindible que se clarifique el alcance de estas medidas y se eval\u00fae la suficiencia del subsidio el\u00e9ctrico, que, aunque ha beneficiado a m\u00e1s de 115 mil hogares en nuestra regi\u00f3n, no logra cubrir la demanda real\u201d, se\u00f1al\u00f3 el senador Castro.<\/p>\n\n\n\n<p>La Ley N\u00b0 21.667 marc\u00f3 el inicio de la normalizaci\u00f3n gradual de las tarifas el\u00e9ctricas tras el congelamiento implementado en 2019. Este ajuste, dividido en tres etapas, culmina con el aumento actual, que a nivel nacional alcanza un promedio del 10%. Para mitigar su impacto, se han implementado subsidios dirigidos a los hogares m\u00e1s vulnerables, beneficiando a m\u00e1s de 1,8 millones de familias a nivel pa\u00eds. Sin embargo, el senador Castro enfatiz\u00f3 la necesidad de ampliar estos recursos para llegar tambi\u00e9n a la clase media.<\/p>\n\n\n\n<p>Esta semana se dieron a conocer los resultados del segundo llamado del Subsidio El\u00e9ctrico en la regi\u00f3n de O&#8217;Higgins, con un total de 115 mil 667 hogares vulnerables beneficiados. Adem\u00e1s, se incluy\u00f3 a 184 personas electrodependientes.\u201cUrge evaluar nuevas medidas, como la generaci\u00f3n fotovoltaica conjunta con municipios, que puedan reducir las cuentas de luz de manera sostenible. Asimismo, es prioritario reforzar el subsidio para cubrir un espectro m\u00e1s amplio de familias afectadas\u201d, agreg\u00f3.&nbsp;<\/p>\n\n\n\n<p>La sesi\u00f3n de la pr\u00f3xima semana ser\u00e1 clave para delinear los pasos a seguir frente a esta situaci\u00f3n, que afecta de manera significativa a los habitantes de O&#8217;Higgins y el resto del pa\u00eds.<\/p>\n","protected":false},"excerpt":{"rendered":"En la Comisi\u00f3n de Energ\u00eda y Miner\u00eda se espera conocer en detalle los efectos de este aumento en&hellip;\n","protected":false},"author":1,"featured_media":0,"comment_status":"open","ping_status":"open","sticky":false,"template":"","format":"standard","meta":{"_monsterinsights_skip_tracking":false,"_monsterinsights_sitenote_active":false,"_monsterinsights_sitenote_note":"","_monsterinsights_sitenote_category":0,"footnotes":""},"categories":[11],"tags":[],"class_list":{"0":"post-764","1":"post","2":"type-post","3":"status-publish","4":"format-standard","6":"category-politica"},"aioseo_notices":[],"_links":{"self":[{"href":"https:\/\/www.rengoenlanoticia.cl\/prensa\/wp-json\/wp\/v2\/posts\/764","targetHints":{"allow":["GET"]}}],"collection":[{"href":"https:\/\/www.rengoenlanoticia.cl\/prensa\/wp-json\/wp\/v2\/posts"}],"about":[{"href":"https:\/\/www.rengoenlanoticia.cl\/prensa\/wp-json\/wp\/v2\/types\/post"}],"author":[{"embeddable":true,"href":"https:\/\/www.rengoenlanoticia.cl\/prensa\/wp-json\/wp\/v2\/users\/1"}],"replies":[{"embeddable":true,"href":"https:\/\/www.rengoenlanoticia.cl\/prensa\/wp-json\/wp\/v2\/comments?post=764"}],"version-history":[{"count":1,"href":"https:\/\/www.rengoenlanoticia.cl\/prensa\/wp-json\/wp\/v2\/posts\/764\/revisions"}],"predecessor-version":[{"id":766,"href":"https:\/\/www.rengoenlanoticia.cl\/prensa\/wp-json\/wp\/v2\/posts\/764\/revisions\/766"}],"wp:attachment":[{"href":"https:\/\/www.rengoenlanoticia.cl\/prensa\/wp-json\/wp\/v2\/media?parent=764"}],"wp:term":[{"taxonomy":"category","embeddable":true,"href":"https:\/\/www.rengoenlanoticia.cl\/prensa\/wp-json\/wp\/v2\/categories?post=764"},{"taxonomy":"post_tag","embeddable":true,"href":"https:\/\/www.rengoenlanoticia.cl\/prensa\/wp-json\/wp\/v2\/tags?post=764"}],"curies":[{"name":"wp","href":"https:\/\/api.w.org\/{rel}","templated":true}]}}