{"id":7629,"date":"2025-11-06T01:51:45","date_gmt":"2025-11-06T01:51:45","guid":{"rendered":"https:\/\/www.rengoenlanoticia.cl\/prensa\/?p=7629"},"modified":"2025-11-06T01:57:51","modified_gmt":"2025-11-06T01:57:51","slug":"rapida-accion-de-carabineros-permitio-la-detencion-en-flagrancia-de-tres-sujetos-que-robaron-con-intimidacion-a-un-estudiante-en-rengo","status":"publish","type":"post","link":"https:\/\/www.rengoenlanoticia.cl\/prensa\/2025\/11\/06\/rapida-accion-de-carabineros-permitio-la-detencion-en-flagrancia-de-tres-sujetos-que-robaron-con-intimidacion-a-un-estudiante-en-rengo\/","title":{"rendered":"R\u00e1pida acci\u00f3n de Carabineros permiti\u00f3 la detenci\u00f3n en flagrancia de tres sujetos que robaron con intimidaci\u00f3n a un estudiante en Rengo"},"content":{"rendered":"\n<p>Gracias a la oportuna denuncia de la comunidad, Carabineros de la 4\u00aa Comisar\u00eda de Rengo logr\u00f3 la detenci\u00f3n en flagrancia de tres sujetos que minutos antes hab\u00edan protagonizado un violento robo en contra de un adolescente en el centro de la comuna.<\/p>\n\n\n\n<p>El Teniente Lorenzo Morales, se\u00f1al\u00f3, El hecho ocurri\u00f3 alrededor de las <strong>17:00 horas<\/strong>, cuando un llamado al <strong>Fono del Cuadrante<\/strong> alert\u00f3 a personal policial sobre un grupo de individuos que, a bordo de un veh\u00edculo marca <strong>Daewoo Eco<\/strong>, estaban <strong>agrediendo a un joven<\/strong> con el fin de sustraerle sus pertenencias.<\/p>\n\n\n\n<figure class=\"wp-block-image size-large\"><img loading=\"lazy\" decoding=\"async\" width=\"1024\" height=\"576\" src=\"https:\/\/www.rengoenlanoticia.cl\/prensa\/wp-content\/uploads\/2025\/11\/Captura-de-pantalla-2025-11-05-224511-1024x576.png\" alt=\"\" class=\"wp-image-7637\" srcset=\"https:\/\/www.rengoenlanoticia.cl\/prensa\/wp-content\/uploads\/2025\/11\/Captura-de-pantalla-2025-11-05-224511-1024x576.png 1024w, https:\/\/www.rengoenlanoticia.cl\/prensa\/wp-content\/uploads\/2025\/11\/Captura-de-pantalla-2025-11-05-224511-300x169.png 300w, https:\/\/www.rengoenlanoticia.cl\/prensa\/wp-content\/uploads\/2025\/11\/Captura-de-pantalla-2025-11-05-224511-768x432.png 768w, https:\/\/www.rengoenlanoticia.cl\/prensa\/wp-content\/uploads\/2025\/11\/Captura-de-pantalla-2025-11-05-224511-110x62.png 110w, https:\/\/www.rengoenlanoticia.cl\/prensa\/wp-content\/uploads\/2025\/11\/Captura-de-pantalla-2025-11-05-224511-200x112.png 200w, https:\/\/www.rengoenlanoticia.cl\/prensa\/wp-content\/uploads\/2025\/11\/Captura-de-pantalla-2025-11-05-224511-380x214.png 380w, https:\/\/www.rengoenlanoticia.cl\/prensa\/wp-content\/uploads\/2025\/11\/Captura-de-pantalla-2025-11-05-224511-255x143.png 255w, https:\/\/www.rengoenlanoticia.cl\/prensa\/wp-content\/uploads\/2025\/11\/Captura-de-pantalla-2025-11-05-224511-550x309.png 550w, https:\/\/www.rengoenlanoticia.cl\/prensa\/wp-content\/uploads\/2025\/11\/Captura-de-pantalla-2025-11-05-224511-800x450.png 800w, https:\/\/www.rengoenlanoticia.cl\/prensa\/wp-content\/uploads\/2025\/11\/Captura-de-pantalla-2025-11-05-224511-1160x652.png 1160w, https:\/\/www.rengoenlanoticia.cl\/prensa\/wp-content\/uploads\/2025\/11\/Captura-de-pantalla-2025-11-05-224511.png 1366w\" sizes=\"auto, (max-width: 1024px) 100vw, 1024px\" \/><\/figure>\n\n\n\n<p>Ante la denuncia, Carabineros activ\u00f3 de inmediato un <strong>operativo de b\u00fasqueda y seguimiento controlado<\/strong> por diferentes calles de Rengo, logrando interceptar el autom\u00f3vil y <strong>detener en el lugar a los tres implicados<\/strong>., indic\u00f3 el oficial.<\/p>\n\n\n\n<p>Los detenidos fueron identificados como <strong>D.E.N.L. (18 a\u00f1os)<\/strong>, <strong>V.R.V.J. (15 a\u00f1os)<\/strong> y <strong>D.A.L.L. (16 a\u00f1os)<\/strong>, todos de nacionalidad chilena y sin antecedentes policiales previos.<\/p>\n\n\n\n<p>Por instrucci\u00f3n del fiscal de turno, los tres sujetos fueron <strong>puestos a disposici\u00f3n del Tribunal de Garant\u00eda de Rengo<\/strong> para su respectivo <strong>control de detenci\u00f3n<\/strong>, mientras que la <strong>Secci\u00f3n de Investigaci\u00f3n Policial (SIP)<\/strong> de la 4\u00aa Comisar\u00eda realiza diversas diligencias investigativas con el fin de esclarecer los hechos y determinar la participaci\u00f3n exacta de cada uno de los involucrados.<\/p>\n\n\n\n<p>El Teniente, Lorenzo Morales,  destac\u00f3 la <strong>importancia de la denuncia oportuna de la comunidad<\/strong>, que permiti\u00f3 una r\u00e1pida reacci\u00f3n policial y la detenci\u00f3n inmediata de los autores del il\u00edcito.<\/p>\n","protected":false},"excerpt":{"rendered":"Gracias a la oportuna denuncia de la comunidad, Carabineros de la 4\u00aa Comisar\u00eda de Rengo logr\u00f3 la detenci\u00f3n&hellip;\n","protected":false},"author":2,"featured_media":7638,"comment_status":"open","ping_status":"open","sticky":false,"template":"","format":"standard","meta":{"_monsterinsights_skip_tracking":false,"_monsterinsights_sitenote_active":false,"_monsterinsights_sitenote_note":"","_monsterinsights_sitenote_category":0,"footnotes":""},"categories":[5,8],"tags":[],"class_list":{"0":"post-7629","1":"post","2":"type-post","3":"status-publish","4":"format-standard","5":"has-post-thumbnail","7":"category-policial","8":"category-portada"},"aioseo_notices":[],"_links":{"self":[{"href":"https:\/\/www.rengoenlanoticia.cl\/prensa\/wp-json\/wp\/v2\/posts\/7629","targetHints":{"allow":["GET"]}}],"collection":[{"href":"https:\/\/www.rengoenlanoticia.cl\/prensa\/wp-json\/wp\/v2\/posts"}],"about":[{"href":"https:\/\/www.rengoenlanoticia.cl\/prensa\/wp-json\/wp\/v2\/types\/post"}],"author":[{"embeddable":true,"href":"https:\/\/www.rengoenlanoticia.cl\/prensa\/wp-json\/wp\/v2\/users\/2"}],"replies":[{"embeddable":true,"href":"https:\/\/www.rengoenlanoticia.cl\/prensa\/wp-json\/wp\/v2\/comments?post=7629"}],"version-history":[{"count":3,"href":"https:\/\/www.rengoenlanoticia.cl\/prensa\/wp-json\/wp\/v2\/posts\/7629\/revisions"}],"predecessor-version":[{"id":7644,"href":"https:\/\/www.rengoenlanoticia.cl\/prensa\/wp-json\/wp\/v2\/posts\/7629\/revisions\/7644"}],"wp:featuredmedia":[{"embeddable":true,"href":"https:\/\/www.rengoenlanoticia.cl\/prensa\/wp-json\/wp\/v2\/media\/7638"}],"wp:attachment":[{"href":"https:\/\/www.rengoenlanoticia.cl\/prensa\/wp-json\/wp\/v2\/media?parent=7629"}],"wp:term":[{"taxonomy":"category","embeddable":true,"href":"https:\/\/www.rengoenlanoticia.cl\/prensa\/wp-json\/wp\/v2\/categories?post=7629"},{"taxonomy":"post_tag","embeddable":true,"href":"https:\/\/www.rengoenlanoticia.cl\/prensa\/wp-json\/wp\/v2\/tags?post=7629"}],"curies":[{"name":"wp","href":"https:\/\/api.w.org\/{rel}","templated":true}]}}