{"id":7627,"date":"2025-11-06T01:49:41","date_gmt":"2025-11-06T01:49:41","guid":{"rendered":"https:\/\/www.rengoenlanoticia.cl\/prensa\/?p=7627"},"modified":"2025-11-06T01:55:50","modified_gmt":"2025-11-06T01:55:50","slug":"operacion-fortaleza-iii-carabineros-y-pdi-refuerzan-la-seguridad-publica-en-la-region-de-ohiggins","status":"publish","type":"post","link":"https:\/\/www.rengoenlanoticia.cl\/prensa\/2025\/11\/06\/operacion-fortaleza-iii-carabineros-y-pdi-refuerzan-la-seguridad-publica-en-la-region-de-ohiggins\/","title":{"rendered":"Operaci\u00f3n \u201cFortaleza III\u201d: Carabineros y PDI refuerzan la seguridad p\u00fablica en la Regi\u00f3n de O\u2019Higgins"},"content":{"rendered":"\n<p> Un total de <strong>151 personas detenidas<\/strong>, <strong>m\u00e1s de 4.200 controles preventivos<\/strong> y <strong>81 denuncias migratorias<\/strong> fueron parte de los resultados obtenidos durante la <strong>Operaci\u00f3n \u201cFortaleza III\u201d<\/strong>, despliegue nacional impulsado por el <strong>Ministerio de Seguridad P\u00fablica<\/strong>, <strong>Carabineros de Chile<\/strong> y la <strong>Polic\u00eda de Investigaciones (PDI)<\/strong>, con el objetivo de fortalecer la seguridad y presencia policial en todo el pa\u00eds.<\/p>\n\n\n\n<p>En la <strong>Regi\u00f3n de O\u2019Higgins<\/strong>, el operativo comenz\u00f3 en el <strong>Rodoviario de Rancagua<\/strong> y se extendi\u00f3 entre el <strong>3 y el 5 de noviembre<\/strong>, focaliz\u00e1ndose en los sectores con mayor concentraci\u00f3n de delitos y en puntos estrat\u00e9gicos definidos mediante an\u00e1lisis e inteligencia policial.<\/p>\n\n\n\n<h3 id=\"despliegue-conjunto-y-trabajo-interinstitucional\" class=\"wp-block-heading\"><strong>Despliegue conjunto y trabajo interinstitucional<\/strong><\/h3>\n\n\n\n<figure class=\"wp-block-image size-large\"><img loading=\"lazy\" decoding=\"async\" width=\"1024\" height=\"770\" src=\"https:\/\/www.rengoenlanoticia.cl\/prensa\/wp-content\/uploads\/2025\/11\/WhatsApp-Image-2025-11-05-at-15.58.24-1024x770.jpeg\" alt=\"\" class=\"wp-image-7633\" srcset=\"https:\/\/www.rengoenlanoticia.cl\/prensa\/wp-content\/uploads\/2025\/11\/WhatsApp-Image-2025-11-05-at-15.58.24-1024x770.jpeg 1024w, https:\/\/www.rengoenlanoticia.cl\/prensa\/wp-content\/uploads\/2025\/11\/WhatsApp-Image-2025-11-05-at-15.58.24-300x226.jpeg 300w, https:\/\/www.rengoenlanoticia.cl\/prensa\/wp-content\/uploads\/2025\/11\/WhatsApp-Image-2025-11-05-at-15.58.24-768x578.jpeg 768w, https:\/\/www.rengoenlanoticia.cl\/prensa\/wp-content\/uploads\/2025\/11\/WhatsApp-Image-2025-11-05-at-15.58.24-110x83.jpeg 110w, https:\/\/www.rengoenlanoticia.cl\/prensa\/wp-content\/uploads\/2025\/11\/WhatsApp-Image-2025-11-05-at-15.58.24-200x150.jpeg 200w, https:\/\/www.rengoenlanoticia.cl\/prensa\/wp-content\/uploads\/2025\/11\/WhatsApp-Image-2025-11-05-at-15.58.24-380x286.jpeg 380w, https:\/\/www.rengoenlanoticia.cl\/prensa\/wp-content\/uploads\/2025\/11\/WhatsApp-Image-2025-11-05-at-15.58.24-255x192.jpeg 255w, https:\/\/www.rengoenlanoticia.cl\/prensa\/wp-content\/uploads\/2025\/11\/WhatsApp-Image-2025-11-05-at-15.58.24-550x414.jpeg 550w, https:\/\/www.rengoenlanoticia.cl\/prensa\/wp-content\/uploads\/2025\/11\/WhatsApp-Image-2025-11-05-at-15.58.24-800x602.jpeg 800w, https:\/\/www.rengoenlanoticia.cl\/prensa\/wp-content\/uploads\/2025\/11\/WhatsApp-Image-2025-11-05-at-15.58.24-1160x873.jpeg 1160w, https:\/\/www.rengoenlanoticia.cl\/prensa\/wp-content\/uploads\/2025\/11\/WhatsApp-Image-2025-11-05-at-15.58.24.jpeg 1280w\" sizes=\"auto, (max-width: 1024px) 100vw, 1024px\" \/><\/figure>\n\n\n\n<p>El <strong>Delegado Presidencial Regional<\/strong>, <strong>Fabio L\u00f3pez Aguilera<\/strong>, destac\u00f3 el trabajo coordinado de ambas polic\u00edas, se\u00f1alando que \u201cesta es la tercera ronda que realizamos de forma conjunta para combatir la delincuencia y el crimen organizado. Esta operaci\u00f3n permite detectar incivilidades, detener personas con \u00f3rdenes vigentes y disminuir la sensaci\u00f3n de inseguridad en la ciudadan\u00eda\u201d.<\/p>\n\n\n\n<p>Por su parte, el <strong>Jefe de la Zona O\u2019Higgins de Carabineros<\/strong>, <strong>General Guillermo Bohle Guichacoi<\/strong>, subray\u00f3 que la ronda \u201cbusca controlar, fiscalizar y detener en diferentes focos de inter\u00e9s policial de acuerdo a una planificaci\u00f3n previa, que ha tenido excelentes resultados gracias a la presencia y copamiento de ambas polic\u00edas en cada comuna de la regi\u00f3n\u201d.<\/p>\n\n\n\n<p>En tanto, el <strong>Prefecto Germ\u00e1n L\u00f3pez Zenteno<\/strong>, representante del <strong>Jefe Regional de la PDI<\/strong>, explic\u00f3 que \u201ceste operativo nacional se focaliz\u00f3 en la fiscalizaci\u00f3n conjunta a ciudadanos extranjeros y en sectores de inter\u00e9s investigativo, lo que nos permite levantar nuevos focos criminales y mejorar las condiciones de seguridad en O\u2019Higgins\u201d.<\/p>\n\n\n\n<figure class=\"wp-block-image size-large\"><img loading=\"lazy\" decoding=\"async\" width=\"1024\" height=\"770\" src=\"https:\/\/www.rengoenlanoticia.cl\/prensa\/wp-content\/uploads\/2025\/11\/WhatsApp-Image-2025-11-05-at-15.58.23-1-1024x770.jpeg\" alt=\"\" class=\"wp-image-7631\" srcset=\"https:\/\/www.rengoenlanoticia.cl\/prensa\/wp-content\/uploads\/2025\/11\/WhatsApp-Image-2025-11-05-at-15.58.23-1-1024x770.jpeg 1024w, https:\/\/www.rengoenlanoticia.cl\/prensa\/wp-content\/uploads\/2025\/11\/WhatsApp-Image-2025-11-05-at-15.58.23-1-300x226.jpeg 300w, https:\/\/www.rengoenlanoticia.cl\/prensa\/wp-content\/uploads\/2025\/11\/WhatsApp-Image-2025-11-05-at-15.58.23-1-768x578.jpeg 768w, https:\/\/www.rengoenlanoticia.cl\/prensa\/wp-content\/uploads\/2025\/11\/WhatsApp-Image-2025-11-05-at-15.58.23-1-110x83.jpeg 110w, https:\/\/www.rengoenlanoticia.cl\/prensa\/wp-content\/uploads\/2025\/11\/WhatsApp-Image-2025-11-05-at-15.58.23-1-200x150.jpeg 200w, https:\/\/www.rengoenlanoticia.cl\/prensa\/wp-content\/uploads\/2025\/11\/WhatsApp-Image-2025-11-05-at-15.58.23-1-380x286.jpeg 380w, https:\/\/www.rengoenlanoticia.cl\/prensa\/wp-content\/uploads\/2025\/11\/WhatsApp-Image-2025-11-05-at-15.58.23-1-255x192.jpeg 255w, https:\/\/www.rengoenlanoticia.cl\/prensa\/wp-content\/uploads\/2025\/11\/WhatsApp-Image-2025-11-05-at-15.58.23-1-550x414.jpeg 550w, https:\/\/www.rengoenlanoticia.cl\/prensa\/wp-content\/uploads\/2025\/11\/WhatsApp-Image-2025-11-05-at-15.58.23-1-800x602.jpeg 800w, https:\/\/www.rengoenlanoticia.cl\/prensa\/wp-content\/uploads\/2025\/11\/WhatsApp-Image-2025-11-05-at-15.58.23-1-1160x873.jpeg 1160w, https:\/\/www.rengoenlanoticia.cl\/prensa\/wp-content\/uploads\/2025\/11\/WhatsApp-Image-2025-11-05-at-15.58.23-1.jpeg 1280w\" sizes=\"auto, (max-width: 1024px) 100vw, 1024px\" \/><\/figure>\n\n\n\n<p>El <strong>Seremi de Seguridad P\u00fablica<\/strong>, <strong>Rodolfo N\u00fa\u00f1ez Bustamante<\/strong>, agreg\u00f3 que \u201cla seguridad p\u00fablica se debe trabajar de manera coordinada, y aqu\u00ed el Estado act\u00faa en conjunto a trav\u00e9s del Ministerio de Seguridad P\u00fablica, el Ministerio del Interior y nuestras polic\u00edas, garantizando el derecho a la seguridad de las personas y combatiendo el crimen organizado\u201d.<\/p>\n\n\n\n<h3 id=\"resultados-de-la-operacion-en-la-region-de-ohiggins\" class=\"wp-block-heading\"><strong>Resultados de la Operaci\u00f3n en la Regi\u00f3n de O\u2019Higgins<\/strong><\/h3>\n\n\n\n<p>El <strong>General Guillermo Bohle<\/strong> detall\u00f3 que <strong>Carabineros<\/strong> realiz\u00f3 <strong>m\u00e1s de 4.200 controles de identidad y vehiculares<\/strong>, logrando <strong>76 detenciones<\/strong> \u201460 en flagrancia y 16 por \u00f3rdenes vigentes\u2014, adem\u00e1s de <strong>246 fiscalizaciones<\/strong>, <strong>471 infracciones cursadas<\/strong>, la <strong>recuperaci\u00f3n de 2 veh\u00edculos<\/strong> y el <strong>decomiso de 5 armas blancas<\/strong>.<\/p>\n\n\n\n<p>Por su parte, la <strong>PDI<\/strong> concentr\u00f3 sus esfuerzos en el <strong>Plan Nacional de B\u00fasqueda de Pr\u00f3fugos<\/strong>, logrando <strong>75 detenciones<\/strong> de personas con distintas \u00f3rdenes judiciales. Asimismo, durante el operativo conjunto con Carabineros en la jurisdicci\u00f3n de la <strong>2\u00aa Comisar\u00eda de Graneros<\/strong>, se <strong>control\u00f3 a 217 ciudadanos extranjeros<\/strong>, cursando <strong>81 denuncias migratorias<\/strong>, adem\u00e1s de <strong>detectar a un ciudadano de Rep\u00fablica Dominicana con orden de expulsi\u00f3n vigente<\/strong>, quien ser\u00e1 trasladado a su pa\u00eds en las pr\u00f3ximas horas.<\/p>\n\n\n\n<h3 id=\"balance-final\" class=\"wp-block-heading\"><strong>Balance final<\/strong><\/h3>\n\n\n\n<p>La <strong>Operaci\u00f3n \u201cFortaleza III\u201d<\/strong> reafirma el compromiso de las instituciones policiales con la seguridad ciudadana, mediante un trabajo conjunto, planificado y de alta presencia territorial. Las autoridades regionales valoraron los resultados obtenidos, destacando la importancia de continuar fortaleciendo la coordinaci\u00f3n entre las polic\u00edas y las instituciones del Estado para enfrentar de manera efectiva la delincuencia y el crimen organizado.<\/p>\n","protected":false},"excerpt":{"rendered":"Un total de 151 personas detenidas, m\u00e1s de 4.200 controles preventivos y 81 denuncias migratorias fueron parte de&hellip;\n","protected":false},"author":1,"featured_media":7632,"comment_status":"open","ping_status":"open","sticky":false,"template":"","format":"standard","meta":{"_monsterinsights_skip_tracking":false,"_monsterinsights_sitenote_active":false,"_monsterinsights_sitenote_note":"","_monsterinsights_sitenote_category":0,"footnotes":""},"categories":[8],"tags":[],"class_list":{"0":"post-7627","1":"post","2":"type-post","3":"status-publish","4":"format-standard","5":"has-post-thumbnail","7":"category-portada"},"aioseo_notices":[],"_links":{"self":[{"href":"https:\/\/www.rengoenlanoticia.cl\/prensa\/wp-json\/wp\/v2\/posts\/7627","targetHints":{"allow":["GET"]}}],"collection":[{"href":"https:\/\/www.rengoenlanoticia.cl\/prensa\/wp-json\/wp\/v2\/posts"}],"about":[{"href":"https:\/\/www.rengoenlanoticia.cl\/prensa\/wp-json\/wp\/v2\/types\/post"}],"author":[{"embeddable":true,"href":"https:\/\/www.rengoenlanoticia.cl\/prensa\/wp-json\/wp\/v2\/users\/1"}],"replies":[{"embeddable":true,"href":"https:\/\/www.rengoenlanoticia.cl\/prensa\/wp-json\/wp\/v2\/comments?post=7627"}],"version-history":[{"count":2,"href":"https:\/\/www.rengoenlanoticia.cl\/prensa\/wp-json\/wp\/v2\/posts\/7627\/revisions"}],"predecessor-version":[{"id":7646,"href":"https:\/\/www.rengoenlanoticia.cl\/prensa\/wp-json\/wp\/v2\/posts\/7627\/revisions\/7646"}],"wp:featuredmedia":[{"embeddable":true,"href":"https:\/\/www.rengoenlanoticia.cl\/prensa\/wp-json\/wp\/v2\/media\/7632"}],"wp:attachment":[{"href":"https:\/\/www.rengoenlanoticia.cl\/prensa\/wp-json\/wp\/v2\/media?parent=7627"}],"wp:term":[{"taxonomy":"category","embeddable":true,"href":"https:\/\/www.rengoenlanoticia.cl\/prensa\/wp-json\/wp\/v2\/categories?post=7627"},{"taxonomy":"post_tag","embeddable":true,"href":"https:\/\/www.rengoenlanoticia.cl\/prensa\/wp-json\/wp\/v2\/tags?post=7627"}],"curies":[{"name":"wp","href":"https:\/\/api.w.org\/{rel}","templated":true}]}}