{"id":7613,"date":"2025-11-06T01:19:50","date_gmt":"2025-11-06T01:19:50","guid":{"rendered":"https:\/\/www.rengoenlanoticia.cl\/prensa\/?p=7613"},"modified":"2025-11-06T01:20:42","modified_gmt":"2025-11-06T01:20:42","slug":"seremi-de-salud-de-la-region-de-ohiggins-realizo-conversatorio-priorizacion-de-los-ejes-para-el-nuevo-plan-de-salud-mental-en-rancagua","status":"publish","type":"post","link":"https:\/\/www.rengoenlanoticia.cl\/prensa\/2025\/11\/06\/seremi-de-salud-de-la-region-de-ohiggins-realizo-conversatorio-priorizacion-de-los-ejes-para-el-nuevo-plan-de-salud-mental-en-rancagua\/","title":{"rendered":"Seremi de Salud de la Regi\u00f3n de O\u2019Higgins realiz\u00f3 conversatorio \u201cPriorizaci\u00f3n de los Ejes para el Nuevo Plan de Salud Mental\u201d en Rancagua"},"content":{"rendered":"\n<p>Con el prop\u00f3sito de recoger las voces de la ciudadan\u00eda y de los distintos actores del territorio, y con el fin de aportar a la construcci\u00f3n de los lineamientos que orientar\u00e1n la salud mental en la pr\u00f3xima d\u00e9cada, se realiz\u00f3 el conversatorio \u201cPriorizaci\u00f3n de los Ejes para el Nuevo Plan de Salud Mental\u201d.<\/p>\n\n\n\n<p>El encuentro cont\u00f3 con la participaci\u00f3n de la Seremi de Salud de O\u2019Higgins, Dra. Carolina Torres Pinto, adem\u00e1s de presentaciones, trabajos grupales y espacios de di\u00e1logo que permitieron reflexionar sobre los principales desaf\u00edos regionales en esta materia.<\/p>\n\n\n\n<p>La Seremi de Salud, Dra. Carolina Torres Pinto, destac\u00f3 la relevancia de generar espacios abiertos donde la comunidad pueda contribuir directamente a las pol\u00edticas p\u00fablicas \u201cnos encontramos en un conversatorio de salud mental para poder definir prioridades para incorporar en el Plan Nacional de Salud Mental que va a proyectarse desde el a\u00f1o 2026 a 10 a\u00f1os. Estamos muy agradecidos de la convocatoria, de la participaci\u00f3n de las personas, de la gesti\u00f3n que hizo el equipo para poder volver a mirar lo que se hizo en el a\u00f1o 2023-2024 y as\u00ed en cada una de las 7 \u00e1reas que se realizaron por la ciudadan\u00eda, definir las dificultades que podemos tener, las alternativas de soluci\u00f3n y definir las prioridades para nuestra poblaci\u00f3n de la regi\u00f3n de O\u2019Higgins\u201d.<\/p>\n\n\n\n<figure class=\"wp-block-image size-large\"><img loading=\"lazy\" decoding=\"async\" width=\"1024\" height=\"810\" src=\"https:\/\/www.rengoenlanoticia.cl\/prensa\/wp-content\/uploads\/2025\/11\/PHOTO-2025-11-05-16-20-48-1024x810.jpg\" alt=\"\" class=\"wp-image-7617\" srcset=\"https:\/\/www.rengoenlanoticia.cl\/prensa\/wp-content\/uploads\/2025\/11\/PHOTO-2025-11-05-16-20-48-1024x810.jpg 1024w, https:\/\/www.rengoenlanoticia.cl\/prensa\/wp-content\/uploads\/2025\/11\/PHOTO-2025-11-05-16-20-48-300x237.jpg 300w, https:\/\/www.rengoenlanoticia.cl\/prensa\/wp-content\/uploads\/2025\/11\/PHOTO-2025-11-05-16-20-48-768x607.jpg 768w, https:\/\/www.rengoenlanoticia.cl\/prensa\/wp-content\/uploads\/2025\/11\/PHOTO-2025-11-05-16-20-48-110x87.jpg 110w, https:\/\/www.rengoenlanoticia.cl\/prensa\/wp-content\/uploads\/2025\/11\/PHOTO-2025-11-05-16-20-48-200x158.jpg 200w, https:\/\/www.rengoenlanoticia.cl\/prensa\/wp-content\/uploads\/2025\/11\/PHOTO-2025-11-05-16-20-48-380x300.jpg 380w, https:\/\/www.rengoenlanoticia.cl\/prensa\/wp-content\/uploads\/2025\/11\/PHOTO-2025-11-05-16-20-48-255x202.jpg 255w, https:\/\/www.rengoenlanoticia.cl\/prensa\/wp-content\/uploads\/2025\/11\/PHOTO-2025-11-05-16-20-48-550x435.jpg 550w, https:\/\/www.rengoenlanoticia.cl\/prensa\/wp-content\/uploads\/2025\/11\/PHOTO-2025-11-05-16-20-48-800x633.jpg 800w, https:\/\/www.rengoenlanoticia.cl\/prensa\/wp-content\/uploads\/2025\/11\/PHOTO-2025-11-05-16-20-48-1160x917.jpg 1160w, https:\/\/www.rengoenlanoticia.cl\/prensa\/wp-content\/uploads\/2025\/11\/PHOTO-2025-11-05-16-20-48.jpg 1280w\" sizes=\"auto, (max-width: 1024px) 100vw, 1024px\" \/><\/figure>\n\n\n\n<p>Desde la sociedad civil, Francisca Labr\u00edn Gonz\u00e1lez, fonoaudi\u00f3loga de la Fundaci\u00f3n Ave F\u00e9nix, valor\u00f3 la oportunidad de compartir miradas y fortalecer redes de apoyo \u201cAve F\u00e9nix es una fundaci\u00f3n que se dedica a realizar terapias gratuitas, talleres gratuitos, a ni\u00f1os desde los cero a\u00f1os hasta personas mayores. Este conversatorio es una instancia en la que conocemos distintos puntos de vista, son buenas para ver desde qu\u00e9 foco o de qu\u00e9 manera poder abordarlos a ellos y apoyarlos tambi\u00e9n, o tambi\u00e9n hacer una derivaci\u00f3n en caso de que lo necesiten\u201d.<\/p>\n\n\n\n<p>Por su parte, L\u00eda Mu\u00f1oz Ram\u00edrez, presidenta de la Agrupaci\u00f3n de Familiares y Amigos de Pacientes Psiqui\u00e1tricos (AFAPS), destac\u00f3 la necesidad de retomar el di\u00e1logo directo con las comunidades \u201cyo creo que este tipo de actividades nos hac\u00eda mucha falta, la difusi\u00f3n que est\u00e1 haciendo la Seremi es excelente, porque as\u00ed nosotros podemos bajar la informaci\u00f3n hacia las bases y a la poblaci\u00f3n en general\u201d.<\/p>\n\n\n\n<p>La jornada concluy\u00f3 con el compromiso de continuar promoviendo instancias de participaci\u00f3n ciudadana en salud mental, como parte del proceso nacional que busca construir un plan m\u00e1s inclusivo, territorial y sostenible, orientado a mejorar el bienestar de las personas en todo el pa\u00eds.<\/p>\n","protected":false},"excerpt":{"rendered":"Con el prop\u00f3sito de recoger las voces de la ciudadan\u00eda y de los distintos actores del territorio, y&hellip;\n","protected":false},"author":1,"featured_media":7618,"comment_status":"open","ping_status":"open","sticky":false,"template":"","format":"standard","meta":{"_monsterinsights_skip_tracking":false,"_monsterinsights_sitenote_active":false,"_monsterinsights_sitenote_note":"","_monsterinsights_sitenote_category":0,"footnotes":""},"categories":[8],"tags":[],"class_list":{"0":"post-7613","1":"post","2":"type-post","3":"status-publish","4":"format-standard","5":"has-post-thumbnail","7":"category-portada"},"aioseo_notices":[],"_links":{"self":[{"href":"https:\/\/www.rengoenlanoticia.cl\/prensa\/wp-json\/wp\/v2\/posts\/7613","targetHints":{"allow":["GET"]}}],"collection":[{"href":"https:\/\/www.rengoenlanoticia.cl\/prensa\/wp-json\/wp\/v2\/posts"}],"about":[{"href":"https:\/\/www.rengoenlanoticia.cl\/prensa\/wp-json\/wp\/v2\/types\/post"}],"author":[{"embeddable":true,"href":"https:\/\/www.rengoenlanoticia.cl\/prensa\/wp-json\/wp\/v2\/users\/1"}],"replies":[{"embeddable":true,"href":"https:\/\/www.rengoenlanoticia.cl\/prensa\/wp-json\/wp\/v2\/comments?post=7613"}],"version-history":[{"count":2,"href":"https:\/\/www.rengoenlanoticia.cl\/prensa\/wp-json\/wp\/v2\/posts\/7613\/revisions"}],"predecessor-version":[{"id":7623,"href":"https:\/\/www.rengoenlanoticia.cl\/prensa\/wp-json\/wp\/v2\/posts\/7613\/revisions\/7623"}],"wp:featuredmedia":[{"embeddable":true,"href":"https:\/\/www.rengoenlanoticia.cl\/prensa\/wp-json\/wp\/v2\/media\/7618"}],"wp:attachment":[{"href":"https:\/\/www.rengoenlanoticia.cl\/prensa\/wp-json\/wp\/v2\/media?parent=7613"}],"wp:term":[{"taxonomy":"category","embeddable":true,"href":"https:\/\/www.rengoenlanoticia.cl\/prensa\/wp-json\/wp\/v2\/categories?post=7613"},{"taxonomy":"post_tag","embeddable":true,"href":"https:\/\/www.rengoenlanoticia.cl\/prensa\/wp-json\/wp\/v2\/tags?post=7613"}],"curies":[{"name":"wp","href":"https:\/\/api.w.org\/{rel}","templated":true}]}}