{"id":7612,"date":"2025-11-06T01:15:08","date_gmt":"2025-11-06T01:15:08","guid":{"rendered":"https:\/\/www.rengoenlanoticia.cl\/prensa\/?p=7612"},"modified":"2025-11-06T01:15:42","modified_gmt":"2025-11-06T01:15:42","slug":"servicio-de-salud-ohiggins-lidera-a-nivel-nacional-en-salud-respiratoria-con-un-98-de-cumplimiento-global","status":"publish","type":"post","link":"https:\/\/www.rengoenlanoticia.cl\/prensa\/2025\/11\/06\/servicio-de-salud-ohiggins-lidera-a-nivel-nacional-en-salud-respiratoria-con-un-98-de-cumplimiento-global\/","title":{"rendered":"Servicio de Salud O\u2019Higgins lidera a nivel nacional en salud respiratoria con un 98% de cumplimiento global"},"content":{"rendered":"\n<p>\u25cf&nbsp;&nbsp;&nbsp;&nbsp;&nbsp;&nbsp;&nbsp;&nbsp;El informe nacional del Programa de Reforzamiento de Salud Respiratoria (PRAPS 2025) ubic\u00f3 al Servicio de Salud O\u2019Higgins entre los mejores del pa\u00eds, alcanzando adem\u00e1s la cobertura m\u00e1s alta en el tratamiento de enfermedades respiratorias cr\u00f3nicas.<\/p>\n\n\n\n<p><em>Rancagua, 05 de noviembre de 2025.-<\/em>&nbsp;El Servicio de Salud de O\u2019Higgins alcanz\u00f3 un 98% de cumplimiento global en la evaluaci\u00f3n nacional del Programa de Reforzamiento de Salud Respiratoria (PRAPS 2025), posicion\u00e1ndose entre los servicios con mejor desempe\u00f1o a nivel pa\u00eds. A esto se suma que la regi\u00f3n logr\u00f3 un 31,4% de cobertura efectiva en el tratamiento de enfermedades respiratorias cr\u00f3nicas como asma y EPOC en personas de cinco a\u00f1os y m\u00e1s, el valor m\u00e1s alto del pa\u00eds, reflejando el trabajo sostenido de los equipos de salud en el seguimiento y acompa\u00f1amiento de sus pacientes durante los \u00faltimos cuatro a\u00f1os.<\/p>\n\n\n\n<p>Ante esto, la directora de Atenci\u00f3n Primaria del Servicio de Salud O\u2019Higgins, Carolina Silva, destac\u00f3 que estos resultados \u201creflejan el compromiso y la excelencia de los equipos de atenci\u00f3n primaria que, con un trabajo constante y coordinado, han logrado fortalecer la salud respiratoria de nuestra poblaci\u00f3n\u201d.<\/p>\n\n\n\n<p>El asesor de los Programas de Salud Respiratoria, Campa\u00f1a de Invierno y Servicios de Urgencia APS del Servicio de Salud O\u2019Higgins, Christian Plaza Garay, explic\u00f3 que este avance ha sido posible gracias a un proceso de mejora continua iniciado en 2021, ya que \u201ca partir de ah\u00ed se fortaleci\u00f3 la planificaci\u00f3n, los controles y el acompa\u00f1amiento personalizado a los equipos\u201d, se\u00f1al\u00f3.<\/p>\n\n\n\n<p>El especialista agreg\u00f3 que este progreso tiene un impacto directo en la vida de las personas, debido a que \u201cuna mayor proporci\u00f3n de pacientes con enfermedades respiratorias cr\u00f3nicas est\u00e1 bajo control y en tratamiento continuo. Esto se traduce en menos hospitalizaciones, menos crisis respiratorias, menor gasto familiar en salud y una mejor calidad de vida tanto para los pacientes como para sus familias\u201d, finaliz\u00f3 Plaza.<\/p>\n\n\n\n<p><strong>Personas detr\u00e1s de los n\u00fameros<\/strong><\/p>\n\n\n\n<p>El fortalecimiento del programa PRAPS no solo se refleja en los n\u00fameros, sino tambi\u00e9n en historias de bienestar. Detr\u00e1s de cada porcentaje hay personas que hoy pueden respirar mejor, vivir con menos limitaciones y confiar en un sistema de salud p\u00fablica que ha puesto su esfuerzo en prevenir, acompa\u00f1ar y cuidar.<\/p>\n\n\n\n<p>El Servicio de Salud O\u2019Higgins consolida as\u00ed un modelo de atenci\u00f3n primaria centrado en la persona, con equipos que trabajan articuladamente para prevenir y tratar las enfermedades respiratorias, especialmente en los meses de mayor circulaci\u00f3n viral. Un logro que, m\u00e1s all\u00e1 de los indicadores, representa un compromiso sostenido con la salud y la calidad de vida de toda la comunidad regional.<\/p>\n\n\n\n<p>Durante el per\u00edodo evaluado \u2014entre enero y junio de 2025\u2014, la regi\u00f3n alcanz\u00f3 altos niveles de cumplimiento en todos los componentes del programa:<\/p>\n\n\n\n<p>\u25cf&nbsp;&nbsp;&nbsp;&nbsp;&nbsp;&nbsp;&nbsp;&nbsp; Vacunaci\u00f3n antiinfluenza: 76,9%<\/p>\n\n\n\n<p>\u25cf&nbsp;&nbsp;&nbsp;&nbsp;&nbsp;&nbsp;&nbsp;&nbsp; Vacunaci\u00f3n anti-VRS: 96,2%<\/p>\n\n\n\n<p>\u25cf&nbsp;&nbsp;&nbsp;&nbsp;&nbsp;&nbsp;&nbsp;&nbsp; Vigilancia de enfermedad tipo influenza: 100%<\/p>\n\n\n\n<p>\u25cf&nbsp;&nbsp;&nbsp;&nbsp;&nbsp;&nbsp;&nbsp;&nbsp; Refuerzo kinesiol\u00f3gico en SAPU: 86%<\/p>\n\n\n\n<p>\u25cf&nbsp;&nbsp;&nbsp;&nbsp;&nbsp;&nbsp;&nbsp;&nbsp; Extensi\u00f3n horaria en salas respiratorias: 81%<\/p>\n\n\n\n<p>\u25cf&nbsp;&nbsp;&nbsp;&nbsp;&nbsp;&nbsp;&nbsp;&nbsp; Registro oportuno GES: 79%<\/p>\n\n\n\n<p>Para m\u00e1s informaci\u00f3n, escribir a&nbsp;<a href=\"mailto:josefa.lara@saludohiggins.cl\" target=\"_blank\" rel=\"noreferrer noopener\">josefa.lara@saludohiggins.cl<\/a><\/p>\n","protected":false},"excerpt":{"rendered":"\u25cf&nbsp;&nbsp;&nbsp;&nbsp;&nbsp;&nbsp;&nbsp;&nbsp;El informe nacional del Programa de Reforzamiento de Salud Respiratoria (PRAPS 2025) ubic\u00f3 al Servicio de Salud O\u2019Higgins&hellip;\n","protected":false},"author":1,"featured_media":7614,"comment_status":"open","ping_status":"open","sticky":false,"template":"","format":"standard","meta":{"_monsterinsights_skip_tracking":false,"_monsterinsights_sitenote_active":false,"_monsterinsights_sitenote_note":"","_monsterinsights_sitenote_category":0,"footnotes":""},"categories":[8],"tags":[],"class_list":{"0":"post-7612","1":"post","2":"type-post","3":"status-publish","4":"format-standard","5":"has-post-thumbnail","7":"category-portada"},"aioseo_notices":[],"_links":{"self":[{"href":"https:\/\/www.rengoenlanoticia.cl\/prensa\/wp-json\/wp\/v2\/posts\/7612","targetHints":{"allow":["GET"]}}],"collection":[{"href":"https:\/\/www.rengoenlanoticia.cl\/prensa\/wp-json\/wp\/v2\/posts"}],"about":[{"href":"https:\/\/www.rengoenlanoticia.cl\/prensa\/wp-json\/wp\/v2\/types\/post"}],"author":[{"embeddable":true,"href":"https:\/\/www.rengoenlanoticia.cl\/prensa\/wp-json\/wp\/v2\/users\/1"}],"replies":[{"embeddable":true,"href":"https:\/\/www.rengoenlanoticia.cl\/prensa\/wp-json\/wp\/v2\/comments?post=7612"}],"version-history":[{"count":2,"href":"https:\/\/www.rengoenlanoticia.cl\/prensa\/wp-json\/wp\/v2\/posts\/7612\/revisions"}],"predecessor-version":[{"id":7616,"href":"https:\/\/www.rengoenlanoticia.cl\/prensa\/wp-json\/wp\/v2\/posts\/7612\/revisions\/7616"}],"wp:featuredmedia":[{"embeddable":true,"href":"https:\/\/www.rengoenlanoticia.cl\/prensa\/wp-json\/wp\/v2\/media\/7614"}],"wp:attachment":[{"href":"https:\/\/www.rengoenlanoticia.cl\/prensa\/wp-json\/wp\/v2\/media?parent=7612"}],"wp:term":[{"taxonomy":"category","embeddable":true,"href":"https:\/\/www.rengoenlanoticia.cl\/prensa\/wp-json\/wp\/v2\/categories?post=7612"},{"taxonomy":"post_tag","embeddable":true,"href":"https:\/\/www.rengoenlanoticia.cl\/prensa\/wp-json\/wp\/v2\/tags?post=7612"}],"curies":[{"name":"wp","href":"https:\/\/api.w.org\/{rel}","templated":true}]}}