{"id":760,"date":"2025-01-04T09:06:10","date_gmt":"2025-01-04T09:06:10","guid":{"rendered":"https:\/\/www.rengoenlanoticia.cl\/prensa\/?p=760"},"modified":"2025-01-04T09:06:12","modified_gmt":"2025-01-04T09:06:12","slug":"pdi-recupera-bicicleta-de-montana-avaluada-en-de-6-millones-de-pesos","status":"publish","type":"post","link":"https:\/\/www.rengoenlanoticia.cl\/prensa\/2025\/01\/04\/pdi-recupera-bicicleta-de-montana-avaluada-en-de-6-millones-de-pesos\/","title":{"rendered":"PDI recupera bicicleta de monta\u00f1a avaluada en de $6 millones de pesos"},"content":{"rendered":"\n<p>Tras recibir antecedentes que indicaban que una bicicleta robada el pasado 31 de diciembre, estaba siendo vendida a trav\u00e9s de la plataforma de Marketplace de Facebook, detectives de la Brigada Investigadora de Robos (BIRO) Rancagua se pusieron en contacto con el vendedor y simularon estar interesados en comprar el art\u00edculo deportivo.<\/p>\n\n\n\n<p>Luego que el personal de la PDI coordin\u00f3 una reuni\u00f3n para ver la bicicleta, se juntaron con el vendedor en la Villa Luna de Rancagua, donde comprobaron que efectivamente se trataba de la especie robada, cuyo aval\u00fao alcanza los 6 millones de pesos.<\/p>\n\n\n\n<p>Debido a lo anterior, la Polic\u00eda de Investigaciones detuvo al sujeto de 25 a\u00f1os de edad que estaba comercializando la bicicleta, lo que fue informado al fiscal de turno, quien dispuso que fuese puesto a disposici\u00f3n del Juzgado de Garant\u00eda de Rancagua, para su respectivo control de detenci\u00f3n, en calidad de imputado por el delito de receptaci\u00f3n flagrante.<\/p>\n\n\n\n<p>De acuerdo a lo se\u00f1alado por la PDI, el art\u00edculo recuperado corresponde a una bicicleta el\u00e9ctrica para practicar enduro, la cual fue robada desde el pick up de la camioneta de su due\u00f1o, mientras estaba estacionada en el sector de Punta de Cort\u00e9s de la comuna de Rancagua.<\/p>\n\n\n\n<p>Por instrucci\u00f3n del fiscal de turno, la polic\u00eda civil devolvi\u00f3 de manera inmediata la especie incautada a su propietario.<\/p>\n","protected":false},"excerpt":{"rendered":"Tras recibir antecedentes que indicaban que una bicicleta robada el pasado 31 de diciembre, estaba siendo vendida a&hellip;\n","protected":false},"author":2,"featured_media":0,"comment_status":"open","ping_status":"open","sticky":false,"template":"","format":"standard","meta":{"_monsterinsights_skip_tracking":false,"_monsterinsights_sitenote_active":false,"_monsterinsights_sitenote_note":"","_monsterinsights_sitenote_category":0,"footnotes":""},"categories":[5],"tags":[],"class_list":{"0":"post-760","1":"post","2":"type-post","3":"status-publish","4":"format-standard","6":"category-policial"},"aioseo_notices":[],"_links":{"self":[{"href":"https:\/\/www.rengoenlanoticia.cl\/prensa\/wp-json\/wp\/v2\/posts\/760","targetHints":{"allow":["GET"]}}],"collection":[{"href":"https:\/\/www.rengoenlanoticia.cl\/prensa\/wp-json\/wp\/v2\/posts"}],"about":[{"href":"https:\/\/www.rengoenlanoticia.cl\/prensa\/wp-json\/wp\/v2\/types\/post"}],"author":[{"embeddable":true,"href":"https:\/\/www.rengoenlanoticia.cl\/prensa\/wp-json\/wp\/v2\/users\/2"}],"replies":[{"embeddable":true,"href":"https:\/\/www.rengoenlanoticia.cl\/prensa\/wp-json\/wp\/v2\/comments?post=760"}],"version-history":[{"count":2,"href":"https:\/\/www.rengoenlanoticia.cl\/prensa\/wp-json\/wp\/v2\/posts\/760\/revisions"}],"predecessor-version":[{"id":763,"href":"https:\/\/www.rengoenlanoticia.cl\/prensa\/wp-json\/wp\/v2\/posts\/760\/revisions\/763"}],"wp:attachment":[{"href":"https:\/\/www.rengoenlanoticia.cl\/prensa\/wp-json\/wp\/v2\/media?parent=760"}],"wp:term":[{"taxonomy":"category","embeddable":true,"href":"https:\/\/www.rengoenlanoticia.cl\/prensa\/wp-json\/wp\/v2\/categories?post=760"},{"taxonomy":"post_tag","embeddable":true,"href":"https:\/\/www.rengoenlanoticia.cl\/prensa\/wp-json\/wp\/v2\/tags?post=760"}],"curies":[{"name":"wp","href":"https:\/\/api.w.org\/{rel}","templated":true}]}}