{"id":7591,"date":"2025-11-06T01:04:16","date_gmt":"2025-11-06T01:04:16","guid":{"rendered":"https:\/\/www.rengoenlanoticia.cl\/prensa\/?p=7591"},"modified":"2025-11-06T01:04:29","modified_gmt":"2025-11-06T01:04:29","slug":"junaeb-abre-postulaciones-para-escuelas-de-verano-plazo-vence-el-19-de-noviembre","status":"publish","type":"post","link":"https:\/\/www.rengoenlanoticia.cl\/prensa\/2025\/11\/06\/junaeb-abre-postulaciones-para-escuelas-de-verano-plazo-vence-el-19-de-noviembre\/","title":{"rendered":"Junaeb abre postulaciones para Escuelas de Verano: plazo vence el 19 de noviembre"},"content":{"rendered":"\n<p><em>Organizaciones sin fines de lucro podr\u00e1n presentar proyectos para promover el bienestar y la vida saludable en comunidades escolares durante el verano de 2026.<\/em><\/p>\n\n\n\n<p>La Direcci\u00f3n Regional en O\u00b4Higgins de la Junta Nacional de Auxilio Escolar y Becas (Junaeb),&nbsp; inici\u00f3 el proceso de postulaci\u00f3n al fondo concursable del Programa Act\u00edvate en Vacaciones y Escuelas Saludables, una iniciativa orientada a fortalecer los espacios educativos como entornos de bienestar, convivencia y participaci\u00f3n comunitaria.<\/p>\n\n\n\n<p>El fondo est\u00e1 dirigido a entidades privadas sin fines de lucro \u2014como juntas de vecinos, fundaciones, clubes deportivos y agrupaciones culturales\u2014 que cuenten con al menos dos a\u00f1os de experiencia en proyectos sociales con ni\u00f1os, ni\u00f1as y adolescentes. Las organizaciones seleccionadas podr\u00e1n implementar proyectos durante las vacaciones de invierno o verano, o durante el a\u00f1o escolar.<\/p>\n\n\n\n<p>El programa contempla dos l\u00edneas de acci\u00f3n:<\/p>\n\n\n\n<ul class=\"wp-block-list\">\n<li><strong>Act\u00edvate en Vacaciones:<\/strong> actividades psicosociales y promocionales para estudiantes de establecimientos focalizados por Junaeb<\/li>\n\n\n\n<li><strong>Escuelas Saludables: <\/strong>espacios para fomentar h\u00e1bitos de vida activa, autoestima y habilidades socioemocionales en ni\u00f1os y ni\u00f1as.<\/li>\n<\/ul>\n\n\n\n<p>\u201cEsta convocatoria busca seguir fortaleciendo el trabajo colaborativo entre instituciones y entidades privadas sin fines de lucro, para que nuestras escuelas sigan siendo espacios protectores, saludables y abiertos a toda la comunidad\u201d, se\u00f1alaron desde Junaeb.<\/p>\n\n\n\n<p>Las postulaciones estar\u00e1n abiertas del 10 al 19 de noviembre de 2025. Adem\u00e1s, se realizar\u00e1 una charla informativa el 5 de noviembre a las 15:00 horas v\u00eda Teams, con inscripci\u00f3n disponible en este formulario<\/p>\n\n\n\n<p>Los proyectos seleccionados se ejecutar\u00e1n durante 2026 y deber\u00e1n centrarse en promover estilos de vida saludables y el uso positivo del tiempo libre en comunidades escolares.<\/p>\n\n\n\n<p>Para revisar las bases y m\u00e1s informaci\u00f3n, visita: www.junaeb.cl\/fondo-comunidad-activa<\/p>\n","protected":false},"excerpt":{"rendered":"Organizaciones sin fines de lucro podr\u00e1n presentar proyectos para promover el bienestar y la vida saludable en comunidades&hellip;\n","protected":false},"author":1,"featured_media":7600,"comment_status":"open","ping_status":"open","sticky":false,"template":"","format":"standard","meta":{"_monsterinsights_skip_tracking":false,"_monsterinsights_sitenote_active":false,"_monsterinsights_sitenote_note":"","_monsterinsights_sitenote_category":0,"footnotes":""},"categories":[8],"tags":[],"class_list":{"0":"post-7591","1":"post","2":"type-post","3":"status-publish","4":"format-standard","5":"has-post-thumbnail","7":"category-portada"},"aioseo_notices":[],"_links":{"self":[{"href":"https:\/\/www.rengoenlanoticia.cl\/prensa\/wp-json\/wp\/v2\/posts\/7591","targetHints":{"allow":["GET"]}}],"collection":[{"href":"https:\/\/www.rengoenlanoticia.cl\/prensa\/wp-json\/wp\/v2\/posts"}],"about":[{"href":"https:\/\/www.rengoenlanoticia.cl\/prensa\/wp-json\/wp\/v2\/types\/post"}],"author":[{"embeddable":true,"href":"https:\/\/www.rengoenlanoticia.cl\/prensa\/wp-json\/wp\/v2\/users\/1"}],"replies":[{"embeddable":true,"href":"https:\/\/www.rengoenlanoticia.cl\/prensa\/wp-json\/wp\/v2\/comments?post=7591"}],"version-history":[{"count":3,"href":"https:\/\/www.rengoenlanoticia.cl\/prensa\/wp-json\/wp\/v2\/posts\/7591\/revisions"}],"predecessor-version":[{"id":7611,"href":"https:\/\/www.rengoenlanoticia.cl\/prensa\/wp-json\/wp\/v2\/posts\/7591\/revisions\/7611"}],"wp:featuredmedia":[{"embeddable":true,"href":"https:\/\/www.rengoenlanoticia.cl\/prensa\/wp-json\/wp\/v2\/media\/7600"}],"wp:attachment":[{"href":"https:\/\/www.rengoenlanoticia.cl\/prensa\/wp-json\/wp\/v2\/media?parent=7591"}],"wp:term":[{"taxonomy":"category","embeddable":true,"href":"https:\/\/www.rengoenlanoticia.cl\/prensa\/wp-json\/wp\/v2\/categories?post=7591"},{"taxonomy":"post_tag","embeddable":true,"href":"https:\/\/www.rengoenlanoticia.cl\/prensa\/wp-json\/wp\/v2\/tags?post=7591"}],"curies":[{"name":"wp","href":"https:\/\/api.w.org\/{rel}","templated":true}]}}