{"id":7590,"date":"2025-11-06T01:04:07","date_gmt":"2025-11-06T01:04:07","guid":{"rendered":"https:\/\/www.rengoenlanoticia.cl\/prensa\/?p=7590"},"modified":"2025-11-06T01:04:17","modified_gmt":"2025-11-06T01:04:17","slug":"metrogas-se-integra-a-en-ruta-tp-y-realiza-jornada-de-transferencia-tecnologica-en-colegio-tecnico-de-rancagua","status":"publish","type":"post","link":"https:\/\/www.rengoenlanoticia.cl\/prensa\/2025\/11\/06\/metrogas-se-integra-a-en-ruta-tp-y-realiza-jornada-de-transferencia-tecnologica-en-colegio-tecnico-de-rancagua\/","title":{"rendered":"Metrogas se integra a EN RUTA TP y realiza jornada de transferencia tecnol\u00f3gica en colegio t\u00e9cnico de Rancagua"},"content":{"rendered":"\n<p>Pro O\u2019Higgins concret\u00f3 la primera jornada de transferencia t\u00e9cnica entre Metrogas y el colegio Ena Bellemans Montti.<\/p>\n\n\n\n<p>Una valiosa jornada junto a nuestra empresa socia Metrogas vivieron los estudiantes de la especialidad de Instalaciones Sanitarias del Colegio Ena Bellemans Montti de Rancagua, en el marco del programa <strong>EN RUTA TP de Corporaci\u00f3n Pro O\u2019Higgins.<\/strong> En su primera participaci\u00f3n en estas jornadas de transferencia tecnol\u00f3gica, Metrogas tuvo la oportunidad de compartir tanto contenidos te\u00f3ricos como pr\u00e1cticos, aportando conocimientos y experiencias que enriquecieron el intercambio entre los asistentes.<\/p>\n\n\n\n<p>La instancia combin\u00f3 conocimientos t\u00e9cnicos con demostraciones y ejercicios reales, permitiendo a los estudiantes conocer de primera mano c\u00f3mo se desempe\u00f1an los profesionales del rubro y cu\u00e1les son las herramientas, metodolog\u00edas y oportunidades que ofrece este sector. Junto al equipo t\u00e9cnico y operarios de Metrogas, los alumnos participaron activamente de la jornada, realizando pr\u00e1cticas con tuber\u00edas, conexiones y equipos propios de la industria.<\/p>\n\n\n\n<p><strong>Braulio Guzm\u00e1n, gerente general de Corporaci\u00f3n Pro O\u2019Higgins:<br><\/strong><em>\u201cEsta es la experiencia n\u00famero 63 de las jornadas de transferencia tecnol\u00f3gica del programa EN RUTA TP este 2025 y hoy se suma Metrogas. Los estudiantes tienen la oportunidad de conocer, junto con operarios y trabajadores de la compa\u00f1\u00eda, sobre instalaciones sanitarias de gas. La importancia de manipular y aproximarse al funcionamiento de herramientas y equipos, representa un acercamiento a la vida real. Es un orgullo poder juntar a una empresa socia de la Corporaci\u00f3n con estos j\u00f3venes que muy pronto estar\u00e1n haciendo sus primeros pasos en este oficio\u201d.<\/em><\/p>\n\n\n\n<figure class=\"wp-block-image size-large\"><img loading=\"lazy\" decoding=\"async\" width=\"1024\" height=\"576\" src=\"https:\/\/www.rengoenlanoticia.cl\/prensa\/wp-content\/uploads\/2025\/11\/qq-1024x576.jpg\" alt=\"\" class=\"wp-image-7599\" srcset=\"https:\/\/www.rengoenlanoticia.cl\/prensa\/wp-content\/uploads\/2025\/11\/qq-1024x576.jpg 1024w, https:\/\/www.rengoenlanoticia.cl\/prensa\/wp-content\/uploads\/2025\/11\/qq-300x169.jpg 300w, https:\/\/www.rengoenlanoticia.cl\/prensa\/wp-content\/uploads\/2025\/11\/qq-768x432.jpg 768w, https:\/\/www.rengoenlanoticia.cl\/prensa\/wp-content\/uploads\/2025\/11\/qq-1536x864.jpg 1536w, https:\/\/www.rengoenlanoticia.cl\/prensa\/wp-content\/uploads\/2025\/11\/qq-2048x1153.jpg 2048w, https:\/\/www.rengoenlanoticia.cl\/prensa\/wp-content\/uploads\/2025\/11\/qq-110x62.jpg 110w, https:\/\/www.rengoenlanoticia.cl\/prensa\/wp-content\/uploads\/2025\/11\/qq-200x113.jpg 200w, https:\/\/www.rengoenlanoticia.cl\/prensa\/wp-content\/uploads\/2025\/11\/qq-380x214.jpg 380w, https:\/\/www.rengoenlanoticia.cl\/prensa\/wp-content\/uploads\/2025\/11\/qq-255x144.jpg 255w, https:\/\/www.rengoenlanoticia.cl\/prensa\/wp-content\/uploads\/2025\/11\/qq-550x310.jpg 550w, https:\/\/www.rengoenlanoticia.cl\/prensa\/wp-content\/uploads\/2025\/11\/qq-800x450.jpg 800w, https:\/\/www.rengoenlanoticia.cl\/prensa\/wp-content\/uploads\/2025\/11\/qq-1160x653.jpg 1160w, https:\/\/www.rengoenlanoticia.cl\/prensa\/wp-content\/uploads\/2025\/11\/qq.jpg 2500w\" sizes=\"auto, (max-width: 1024px) 100vw, 1024px\" \/><\/figure>\n\n\n\n<p>Para <strong>Benjam\u00edn Luks, director zonal Metrogas regi\u00f3n de O\u2019Higgins,<\/strong><br><em>\u201ceste programa es muy importante para acompa\u00f1ar a los alumnos de colegios t\u00e9cnicos en su desarrollo profesional. Este tipo de actividades van muy de la mano con nuestro prop\u00f3sito corporativo, que es transformar juntos nuestro trabajo en energ\u00eda al servicio de la comunidad y el medioambiente. El mundo del gas natural es diverso y con estas actividades buscamos que los j\u00f3venes lo conozcan y se motiven a comenzar un camino en \u00e9l, adem\u00e1s de entregarles herramientas que puedan complementar su formaci\u00f3n\u201d.<\/em><\/p>\n\n\n\n<p>Carmen Arriola, coordinadora T\u00e9cnico Profesional del Colegio Ena Bellemans Monti de Rancagua:<br><em>\u201cEstas jornadas de transferencia tienen un significado muy importante porque genera esta vinculaci\u00f3n entre colegio y empresa\u201d.<\/em><\/p>\n\n\n\n<p>Roberto Cristi\u00e1n Silva, estudiante 4\u00b0 Medio, especialidad Instalaciones Sanitarias:<br><em>\u201cFue una jornada muy positiva, aprend\u00ed bastante sobre tuber\u00edas y conexiones de esta empresa. Muy pertinente para nuestra especialidad. Es una gran oportunidad para nosotros, certificarnos es tener conocimientos y eso nos motiva\u201d.<\/em><\/p>\n","protected":false},"excerpt":{"rendered":"Pro O\u2019Higgins concret\u00f3 la primera jornada de transferencia t\u00e9cnica entre Metrogas y el colegio Ena Bellemans Montti. Una&hellip;\n","protected":false},"author":2,"featured_media":7598,"comment_status":"open","ping_status":"open","sticky":false,"template":"","format":"standard","meta":{"_monsterinsights_skip_tracking":false,"_monsterinsights_sitenote_active":false,"_monsterinsights_sitenote_note":"","_monsterinsights_sitenote_category":0,"footnotes":""},"categories":[8],"tags":[],"class_list":{"0":"post-7590","1":"post","2":"type-post","3":"status-publish","4":"format-standard","5":"has-post-thumbnail","7":"category-portada"},"aioseo_notices":[],"_links":{"self":[{"href":"https:\/\/www.rengoenlanoticia.cl\/prensa\/wp-json\/wp\/v2\/posts\/7590","targetHints":{"allow":["GET"]}}],"collection":[{"href":"https:\/\/www.rengoenlanoticia.cl\/prensa\/wp-json\/wp\/v2\/posts"}],"about":[{"href":"https:\/\/www.rengoenlanoticia.cl\/prensa\/wp-json\/wp\/v2\/types\/post"}],"author":[{"embeddable":true,"href":"https:\/\/www.rengoenlanoticia.cl\/prensa\/wp-json\/wp\/v2\/users\/2"}],"replies":[{"embeddable":true,"href":"https:\/\/www.rengoenlanoticia.cl\/prensa\/wp-json\/wp\/v2\/comments?post=7590"}],"version-history":[{"count":3,"href":"https:\/\/www.rengoenlanoticia.cl\/prensa\/wp-json\/wp\/v2\/posts\/7590\/revisions"}],"predecessor-version":[{"id":7610,"href":"https:\/\/www.rengoenlanoticia.cl\/prensa\/wp-json\/wp\/v2\/posts\/7590\/revisions\/7610"}],"wp:featuredmedia":[{"embeddable":true,"href":"https:\/\/www.rengoenlanoticia.cl\/prensa\/wp-json\/wp\/v2\/media\/7598"}],"wp:attachment":[{"href":"https:\/\/www.rengoenlanoticia.cl\/prensa\/wp-json\/wp\/v2\/media?parent=7590"}],"wp:term":[{"taxonomy":"category","embeddable":true,"href":"https:\/\/www.rengoenlanoticia.cl\/prensa\/wp-json\/wp\/v2\/categories?post=7590"},{"taxonomy":"post_tag","embeddable":true,"href":"https:\/\/www.rengoenlanoticia.cl\/prensa\/wp-json\/wp\/v2\/tags?post=7590"}],"curies":[{"name":"wp","href":"https:\/\/api.w.org\/{rel}","templated":true}]}}