{"id":7588,"date":"2025-11-06T01:03:56","date_gmt":"2025-11-06T01:03:56","guid":{"rendered":"https:\/\/www.rengoenlanoticia.cl\/prensa\/?p=7588"},"modified":"2025-11-06T01:04:00","modified_gmt":"2025-11-06T01:04:00","slug":"proyecto-de-ley-de-cuidados-del-gobierno-fue-aprobado-en-la-comision-de-familia-del-senado","status":"publish","type":"post","link":"https:\/\/www.rengoenlanoticia.cl\/prensa\/2025\/11\/06\/proyecto-de-ley-de-cuidados-del-gobierno-fue-aprobado-en-la-comision-de-familia-del-senado\/","title":{"rendered":"Proyecto de ley de Cuidados del Gobierno fue aprobado en la comisi\u00f3n de Familia del Senado"},"content":{"rendered":"\n<p><strong><em>La iniciativa pasa ahora a la comisi\u00f3n de Hacienda, para luego ser votado en la Sala del Senado, \u00faltimo tr\u00e1mite legislativo.<\/em><\/strong><\/p>\n\n\n\n<p>Ad portas del D\u00eda Internacional de las Personas Cuidadoras, el Gobierno celebr\u00f3 el avance del proyecto de ley que crea el Sistema Nacional de Apoyos y Cuidados, el que fue aprobado en la Comisi\u00f3n de Familia del Senado, y despachado a la Comisi\u00f3n de Hacienda. De ser aprobado en dicha instancia, la iniciativa pasa a votaci\u00f3n en Sala, donde podr\u00eda convertirse en Ley.<\/p>\n\n\n\n<p>La iniciativa reconoce el derecho a recibir cuidados, a cuidar y al autocuidado de todas las personas, creando el Sistema Nacional de Apoyos y Cuidados, que busca promover la autonom\u00eda y prevenir la dependencia, adem\u00e1s de dar m\u00e1s dignidad a quienes requieren cuidados y sus cuidadores y cuidadoras. Este proyecto avanza en la corresponsabilidad social de los cuidados, involucrando formalmente al Estado en las labores que realizan principalmente mujeres, con infraestructura y servicios; y tambi\u00e9n a los privados y la comunidad.<\/p>\n\n\n\n<p>La ministra (s) de Desarrollo Social y Familia, Paula Poblete, destac\u00f3 que \u201ceste paso hubiese sido imposible si no es con la organizaci\u00f3n de las personas cuidadoras. Ellas son las que han empujado este proyecto desde hace varios a\u00f1os con su organizaci\u00f3n. Se alz\u00f3 la voz, se alz\u00f3 la demanda y nosotros como Ejecutivo y el Congreso de Chile, nos hicimos cargo de esta demanda tan sentida que es que nunca m\u00e1s haya una persona que cuide en abandono, en soledad. Hoy lo que estamos haciendo es avanzar legalmente en la corresponsabilidad social y de g\u00e9nero en materia de cuidado, y eso es muy importante. Ma\u00f1ana que es el D\u00eda Internacional de las Personas Cuidadoras y se va a celebrar de otro modo, con un pasito adelante en materia de institucionalizaci\u00f3n del Sistema Nacional de Apoyos y Cuidados. Y en tiempos donde hay harta tensi\u00f3n pol\u00edtica quiero relevar que cuando se ponen las personas al centro, podemos ponernos de acuerdo y avanzar\u201d.<\/p>\n\n\n\n<p>La presidenta de la Comisi\u00f3n de Familia, Infancia y Adolescencia, la senadora Fabiola Campillai, sostuvo que \u201choy felizmente tenemos una noticia a la cual va a beneficiar a todos los cuidadores y cuidadoras, pero por sobre todo cuidadoras que son la mayor\u00eda en Chile. Ellas y ellos tienen que elegir entre cuidar y trabajar. Hoy d\u00eda con este proyecto, ojal\u00e1 podamos ayudar en su vida diaria a todas y todos los cuidadores de Chile. Muchas gracias a todos los que hicieron posible que este proyecto pudiese salir de la Comisi\u00f3n. Ojal\u00e1 sea aprobado en Sala para que podamos darle una mayor celeridad a este proyecto\u201d.<\/p>\n\n\n\n<p>Naike Rojas, representante de la mesa nacional de personas cuidadoras, sostuvo que \u201cquiero valorar principalmente a todas las personas cuidadoras que se tomaron la fortaleza y la valent\u00eda de decir ya basta, no podemos seguir invisibles. Nosotras existimos, nosotras estamos aqu\u00ed, nosotras necesitamos pol\u00edticas p\u00fablicas que nos respalden. Queremos ser la \u00faltima generaci\u00f3n que vive en absoluta soledad, en absoluto desamparo, en absoluta precarizaci\u00f3n. Por fin existimos, somos visibles. Vienen cosas bastante importantes en materia de cuidados y nada m\u00e1s que agradecer. Hoy finaliza un ciclo para nosotras las personas cuidadoras que hemos luchado bastante. Inicia una nueva era, pero esta vez una era justa, una era donde todas nos reconocen como personas cuidadoras y nunca m\u00e1s estaremos solas\u201d. En la regi\u00f3n de O\u2019Higgins, la Seremi de Desarrollo Social y Familia, Nayadeth Ahumada Herrera, valor\u00f3 enormemente la aprobaci\u00f3n de este proyecto de ley por parte de la Comisi\u00f3n de Familia del Senado. \u201cSin duda, es un d\u00eda de mucha alegr\u00eda. Hemos estado avanzado r\u00e1pidamente desde que se present\u00f3 el proyecto de ley en junio de 2024, posteriormente lo aprueba la C\u00e1mara de Diputados, y hoy pasa a la Comisi\u00f3n de Hacienda del Senado. Esperamos que prontamente ya podamos tener buenas noticias, y contar con una ley donde se pone en el centro a las personas cuidadoras, donde se reconozca el derecho a cuidar, al autocuidado y a ser cuidado como parte de lo que hemos instalado como Ministerio de Desarrollo Social y Familia<\/p>\n","protected":false},"excerpt":{"rendered":"La iniciativa pasa ahora a la comisi\u00f3n de Hacienda, para luego ser votado en la Sala del Senado,&hellip;\n","protected":false},"author":1,"featured_media":7592,"comment_status":"open","ping_status":"open","sticky":false,"template":"","format":"standard","meta":{"_monsterinsights_skip_tracking":false,"_monsterinsights_sitenote_active":false,"_monsterinsights_sitenote_note":"","_monsterinsights_sitenote_category":0,"footnotes":""},"categories":[8],"tags":[],"class_list":{"0":"post-7588","1":"post","2":"type-post","3":"status-publish","4":"format-standard","5":"has-post-thumbnail","7":"category-portada"},"aioseo_notices":[],"_links":{"self":[{"href":"https:\/\/www.rengoenlanoticia.cl\/prensa\/wp-json\/wp\/v2\/posts\/7588","targetHints":{"allow":["GET"]}}],"collection":[{"href":"https:\/\/www.rengoenlanoticia.cl\/prensa\/wp-json\/wp\/v2\/posts"}],"about":[{"href":"https:\/\/www.rengoenlanoticia.cl\/prensa\/wp-json\/wp\/v2\/types\/post"}],"author":[{"embeddable":true,"href":"https:\/\/www.rengoenlanoticia.cl\/prensa\/wp-json\/wp\/v2\/users\/1"}],"replies":[{"embeddable":true,"href":"https:\/\/www.rengoenlanoticia.cl\/prensa\/wp-json\/wp\/v2\/comments?post=7588"}],"version-history":[{"count":3,"href":"https:\/\/www.rengoenlanoticia.cl\/prensa\/wp-json\/wp\/v2\/posts\/7588\/revisions"}],"predecessor-version":[{"id":7608,"href":"https:\/\/www.rengoenlanoticia.cl\/prensa\/wp-json\/wp\/v2\/posts\/7588\/revisions\/7608"}],"wp:featuredmedia":[{"embeddable":true,"href":"https:\/\/www.rengoenlanoticia.cl\/prensa\/wp-json\/wp\/v2\/media\/7592"}],"wp:attachment":[{"href":"https:\/\/www.rengoenlanoticia.cl\/prensa\/wp-json\/wp\/v2\/media?parent=7588"}],"wp:term":[{"taxonomy":"category","embeddable":true,"href":"https:\/\/www.rengoenlanoticia.cl\/prensa\/wp-json\/wp\/v2\/categories?post=7588"},{"taxonomy":"post_tag","embeddable":true,"href":"https:\/\/www.rengoenlanoticia.cl\/prensa\/wp-json\/wp\/v2\/tags?post=7588"}],"curies":[{"name":"wp","href":"https:\/\/api.w.org\/{rel}","templated":true}]}}