{"id":7546,"date":"2025-11-04T23:24:29","date_gmt":"2025-11-04T23:24:29","guid":{"rendered":"https:\/\/www.rengoenlanoticia.cl\/prensa\/?p=7546"},"modified":"2025-11-04T23:25:12","modified_gmt":"2025-11-04T23:25:12","slug":"rengo-celebra-el-dia-internacional-de-las-personas-cuidadoras-con-una-gran-feria-comunitaria","status":"publish","type":"post","link":"https:\/\/www.rengoenlanoticia.cl\/prensa\/2025\/11\/04\/rengo-celebra-el-dia-internacional-de-las-personas-cuidadoras-con-una-gran-feria-comunitaria\/","title":{"rendered":"Rengo celebra el D\u00eda Internacional de las Personas Cuidadoras con una gran feria comunitaria"},"content":{"rendered":"\n<p>El <strong>Municipio de Rengo<\/strong>, a trav\u00e9s del <strong>Programa Red Local de Apoyos y Cuidados<\/strong> y el <strong>Centro Comunitario de Cuidados<\/strong>, invita a toda la comunidad de <strong>Rengo, Rosario y sectores aleda\u00f1os<\/strong> a participar en la celebraci\u00f3n del <strong>D\u00eda Internacional de las Personas Cuidadoras<\/strong>. <\/p>\n\n\n\n<p>La actividad se realizar\u00e1 este 5 de noviembre, desde las <strong>10:00 hasta las 17:30 horas<\/strong>, en el <strong>Centro Comunitario de Cuidados Nororiente<\/strong>, ubicado en <strong>Las Dalias N\u00b01110, Villa Jard\u00edn<\/strong>.<\/p>\n\n\n\n<p>Durante la jornada, las y los asistentes podr\u00e1n disfrutar de una <strong>feria de servicios<\/strong> con la participaci\u00f3n de diversos invitados e instituciones locales. Adem\u00e1s, habr\u00e1 <strong>actividades recreativas y deportivas<\/strong> como <strong>yoga, zumba y body combat<\/strong>, pensadas para promover el bienestar f\u00edsico y emocional.<\/p>\n\n\n\n<p>El evento tambi\u00e9n incluir\u00e1 <strong>charlas educativas e informativas<\/strong>, proyecci\u00f3n de <strong>videos<\/strong>, <strong>regalos<\/strong> y muchas sorpresas m\u00e1s.<\/p>\n\n\n\n<p>Esta es una <strong>actividad gratuita y abierta a todo p\u00fablico<\/strong>, orientada a reconocer la valiosa labor de las personas cuidadoras y fortalecer los lazos comunitarios en torno al cuidado.<\/p>\n\n\n\n<p> <strong>\u00a1Ven y celebra con nosotros el D\u00eda Internacional de las Personas Cuidadoras!<\/strong><br>Una jornada de encuentro, aprendizaje y bienestar para toda la comunidad renguina.<\/p>\n","protected":false},"excerpt":{"rendered":"El Municipio de Rengo, a trav\u00e9s del Programa Red Local de Apoyos y Cuidados y el Centro Comunitario&hellip;\n","protected":false},"author":1,"featured_media":7547,"comment_status":"open","ping_status":"open","sticky":false,"template":"","format":"standard","meta":{"_monsterinsights_skip_tracking":false,"_monsterinsights_sitenote_active":false,"_monsterinsights_sitenote_note":"","_monsterinsights_sitenote_category":0,"footnotes":""},"categories":[8],"tags":[],"class_list":{"0":"post-7546","1":"post","2":"type-post","3":"status-publish","4":"format-standard","5":"has-post-thumbnail","7":"category-portada"},"aioseo_notices":[],"_links":{"self":[{"href":"https:\/\/www.rengoenlanoticia.cl\/prensa\/wp-json\/wp\/v2\/posts\/7546","targetHints":{"allow":["GET"]}}],"collection":[{"href":"https:\/\/www.rengoenlanoticia.cl\/prensa\/wp-json\/wp\/v2\/posts"}],"about":[{"href":"https:\/\/www.rengoenlanoticia.cl\/prensa\/wp-json\/wp\/v2\/types\/post"}],"author":[{"embeddable":true,"href":"https:\/\/www.rengoenlanoticia.cl\/prensa\/wp-json\/wp\/v2\/users\/1"}],"replies":[{"embeddable":true,"href":"https:\/\/www.rengoenlanoticia.cl\/prensa\/wp-json\/wp\/v2\/comments?post=7546"}],"version-history":[{"count":3,"href":"https:\/\/www.rengoenlanoticia.cl\/prensa\/wp-json\/wp\/v2\/posts\/7546\/revisions"}],"predecessor-version":[{"id":7566,"href":"https:\/\/www.rengoenlanoticia.cl\/prensa\/wp-json\/wp\/v2\/posts\/7546\/revisions\/7566"}],"wp:featuredmedia":[{"embeddable":true,"href":"https:\/\/www.rengoenlanoticia.cl\/prensa\/wp-json\/wp\/v2\/media\/7547"}],"wp:attachment":[{"href":"https:\/\/www.rengoenlanoticia.cl\/prensa\/wp-json\/wp\/v2\/media?parent=7546"}],"wp:term":[{"taxonomy":"category","embeddable":true,"href":"https:\/\/www.rengoenlanoticia.cl\/prensa\/wp-json\/wp\/v2\/categories?post=7546"},{"taxonomy":"post_tag","embeddable":true,"href":"https:\/\/www.rengoenlanoticia.cl\/prensa\/wp-json\/wp\/v2\/tags?post=7546"}],"curies":[{"name":"wp","href":"https:\/\/api.w.org\/{rel}","templated":true}]}}