{"id":7545,"date":"2025-11-04T23:33:13","date_gmt":"2025-11-04T23:33:13","guid":{"rendered":"https:\/\/www.rengoenlanoticia.cl\/prensa\/?p=7545"},"modified":"2025-11-04T23:37:59","modified_gmt":"2025-11-04T23:37:59","slug":"ley-tommy-rey-aprueban-proyecto-presentado-por-la-diputada-marta-gonzalez-que-asegura-pago-justo-a-los-artistas-de-parte-de-las-plataformas-digitales","status":"publish","type":"post","link":"https:\/\/www.rengoenlanoticia.cl\/prensa\/2025\/11\/04\/ley-tommy-rey-aprueban-proyecto-presentado-por-la-diputada-marta-gonzalez-que-asegura-pago-justo-a-los-artistas-de-parte-de-las-plataformas-digitales\/","title":{"rendered":"Ley Tommy Rey: Aprueban proyecto presentado por la Diputada Marta Gonz\u00e1lez que asegura pago justo a los artistas de parte de las plataformas digitales"},"content":{"rendered":"\n<p>El Congreso Nacional vivi\u00f3 una jornada hist\u00f3rica este lunes con la aprobaci\u00f3n \u2014por <strong>121 votos a favor y 5 abstenciones<\/strong>\u2014 de la <strong>Ley Tommy Rey<\/strong>, <strong>proyecto trabajado por la Diputada Marta Gonz\u00e1lez (Distrito 15, Regi\u00f3n de O\u2019Higgins)<\/strong> junto a la <strong>Sociedad Chilena de Autores e Int\u00e9rpretes Musicales (SCD)<\/strong>.<\/p>\n\n\n\n<p>La iniciativa busca <strong>asegurar una remuneraci\u00f3n justa para los artistas int\u00e9rpretes y ejecutantes<\/strong> por las reproducciones de su m\u00fasica en plataformas digitales, un \u00e1mbito que hasta ahora no estaba regulado en Chile.<\/p>\n\n\n\n<p>Tras la aprobaci\u00f3n, la <strong>Diputada Marta Gonz\u00e1lez<\/strong> expres\u00f3: \u201cHoy d\u00eda se salda una deuda de d\u00e9cadas con los int\u00e9rpretes. Si bien hay una ley que protege los derechos de autor y los derechos de los artistas, es una ley de 1970 que no se hab\u00eda actualizado a las nuevas tecnolog\u00edas de hoy d\u00eda, y eso ha dejado un vac\u00edo en que las plataformas han generado utilidades multimillonarias, pero ha generado un desmedro en nuestros int\u00e9rpretes en particular.\u201d<\/p>\n\n\n\n<figure class=\"wp-block-image size-large\"><img loading=\"lazy\" decoding=\"async\" width=\"1024\" height=\"768\" src=\"https:\/\/www.rengoenlanoticia.cl\/prensa\/wp-content\/uploads\/2025\/11\/WhatsApp-Image-2025-11-04-at-18.04.41-1-1024x768.jpeg\" alt=\"\" class=\"wp-image-7567\" srcset=\"https:\/\/www.rengoenlanoticia.cl\/prensa\/wp-content\/uploads\/2025\/11\/WhatsApp-Image-2025-11-04-at-18.04.41-1-1024x768.jpeg 1024w, https:\/\/www.rengoenlanoticia.cl\/prensa\/wp-content\/uploads\/2025\/11\/WhatsApp-Image-2025-11-04-at-18.04.41-1-300x225.jpeg 300w, https:\/\/www.rengoenlanoticia.cl\/prensa\/wp-content\/uploads\/2025\/11\/WhatsApp-Image-2025-11-04-at-18.04.41-1-768x576.jpeg 768w, https:\/\/www.rengoenlanoticia.cl\/prensa\/wp-content\/uploads\/2025\/11\/WhatsApp-Image-2025-11-04-at-18.04.41-1-1536x1152.jpeg 1536w, https:\/\/www.rengoenlanoticia.cl\/prensa\/wp-content\/uploads\/2025\/11\/WhatsApp-Image-2025-11-04-at-18.04.41-1-110x83.jpeg 110w, https:\/\/www.rengoenlanoticia.cl\/prensa\/wp-content\/uploads\/2025\/11\/WhatsApp-Image-2025-11-04-at-18.04.41-1-200x150.jpeg 200w, https:\/\/www.rengoenlanoticia.cl\/prensa\/wp-content\/uploads\/2025\/11\/WhatsApp-Image-2025-11-04-at-18.04.41-1-380x285.jpeg 380w, https:\/\/www.rengoenlanoticia.cl\/prensa\/wp-content\/uploads\/2025\/11\/WhatsApp-Image-2025-11-04-at-18.04.41-1-255x191.jpeg 255w, https:\/\/www.rengoenlanoticia.cl\/prensa\/wp-content\/uploads\/2025\/11\/WhatsApp-Image-2025-11-04-at-18.04.41-1-550x413.jpeg 550w, https:\/\/www.rengoenlanoticia.cl\/prensa\/wp-content\/uploads\/2025\/11\/WhatsApp-Image-2025-11-04-at-18.04.41-1-800x600.jpeg 800w, https:\/\/www.rengoenlanoticia.cl\/prensa\/wp-content\/uploads\/2025\/11\/WhatsApp-Image-2025-11-04-at-18.04.41-1-1160x870.jpeg 1160w, https:\/\/www.rengoenlanoticia.cl\/prensa\/wp-content\/uploads\/2025\/11\/WhatsApp-Image-2025-11-04-at-18.04.41-1.jpeg 1600w\" sizes=\"auto, (max-width: 1024px) 100vw, 1024px\" \/><\/figure>\n\n\n\n<p>\u201cQueremos agradecer a todos los artistas que est\u00e1n hoy d\u00eda ac\u00e1 apoyando este proyecto, queremos agradecer a la SCD que, cuando me toc\u00f3 presidir la Comisi\u00f3n de Cultura, nos dijo: \u2018esta es una demanda que todos los a\u00f1os en nuestros congresos los artistas y los int\u00e9rpretes nos ponen como prioridad\u2019. Nos hicimos cargo de esa demanda, nos comprometimos con los artistas int\u00e9rpretes de nuestro pa\u00eds, y les dijimos: vamos a tramitar esta ley, la vamos a sacar adelante\u201d, a\u00f1adi\u00f3 la Diputada Gonz\u00e1lez.<\/p>\n\n\n\n<p>La parlamentaria de la Regi\u00f3n de O\u2019Higgins asegur\u00f3 que con el proyecto \u201cnuestro pa\u00eds est\u00e1 dando una batalla a ser pionero en poder regular estos derechos. No solamente se est\u00e1 dando esta batalla en el proyecto de ley Tommy Rey, sino que tambi\u00e9n en los derechos hoy d\u00eda de la inteligencia artificial, en donde tambi\u00e9n se tienen que proteger los derechos de los artistas, los int\u00e9rpretes y de todos los creadores en general.<\/p>\n\n\n\n<p>La Diputada Marta Gonz\u00e1lez tambi\u00e9n dedic\u00f3 palabras a la figura de Tommy Rey, \u00edcono de la cumbia chilena y que falleci\u00f3 este a\u00f1o sin recibir remuneraciones por parte de las plataformas digitales. \u201cEso nos deja una se\u00f1al clar\u00edsima: no podemos volver a repetir que nuestros int\u00e9rpretes y artistas no sean reconocidos ni protegidos por nuestra legislaci\u00f3n\u201d, destac\u00f3 \u00f1a parlamentaria<\/p>\n\n\n\n<p>A la sesi\u00f3n asistieron m\u00e1s de <strong>60 artistas nacionales<\/strong>, entre ellos Mait\u00e9n Montenegro, Claudio Narea, Gloria Simonetti y Rodrigo Osorio, quienes celebraron la aprobaci\u00f3n del proyecto.<\/p>\n\n\n\n<p><strong>Rodrigo Osorio, presidente de la SCD<\/strong>, destac\u00f3 el trabajo conjunto con la diputada Gonz\u00e1lez &nbsp;y afirm\u00f3 que \u201csi el d\u00eda de hoy nosotros estamos parados ac\u00e1 es porque hace 30, hace 40 a\u00f1os, gente igual que nosotros estuvo dando la pelea para que existieran leyes que nos protegieran, para que existiera el derecho de autor, para que pudi\u00e9ramos recaudar lo que a nosotros nos corresponde. Ustedes han entendido ese mensaje y est\u00e1n llevando la posta: estamos construyendo para el futuro, para los m\u00fasicos del futuro, de ayer, de hoy y de ma\u00f1ana, y eso es fundamental.\u201d<\/p>\n\n\n\n<p>El m\u00fasico agreg\u00f3: \u201cNada de esto es al azar. Si nosotros no nos movemos, no pasa nada. Hay que moverse para que las cosas pasen, y hoy d\u00eda vaya que se movieron los m\u00fasicos y m\u00fasicas de Chile para lograr una aprobaci\u00f3n hist\u00f3rica y abrumadora de esta ley. Quiero agradecer tambi\u00e9n a todos los diputados y diputadas que votaron a favor, especialmente a Marta Gonz\u00e1lez y a Viviana Delgado (actual presidente de la Comisi\u00f3n de Cultura), que se la jugaron.\u201d<\/p>\n\n\n\n<p>La <strong>Ley Tommy Rey<\/strong> ahora pas\u00f3 a segundo tr\u00e1mite en el Senado.<\/p>\n","protected":false},"excerpt":{"rendered":"El Congreso Nacional vivi\u00f3 una jornada hist\u00f3rica este lunes con la aprobaci\u00f3n \u2014por 121 votos a favor y&hellip;\n","protected":false},"author":1,"featured_media":7568,"comment_status":"open","ping_status":"open","sticky":false,"template":"","format":"standard","meta":{"_monsterinsights_skip_tracking":false,"_monsterinsights_sitenote_active":false,"_monsterinsights_sitenote_note":"","_monsterinsights_sitenote_category":0,"footnotes":""},"categories":[8],"tags":[],"class_list":{"0":"post-7545","1":"post","2":"type-post","3":"status-publish","4":"format-standard","5":"has-post-thumbnail","7":"category-portada"},"aioseo_notices":[],"_links":{"self":[{"href":"https:\/\/www.rengoenlanoticia.cl\/prensa\/wp-json\/wp\/v2\/posts\/7545","targetHints":{"allow":["GET"]}}],"collection":[{"href":"https:\/\/www.rengoenlanoticia.cl\/prensa\/wp-json\/wp\/v2\/posts"}],"about":[{"href":"https:\/\/www.rengoenlanoticia.cl\/prensa\/wp-json\/wp\/v2\/types\/post"}],"author":[{"embeddable":true,"href":"https:\/\/www.rengoenlanoticia.cl\/prensa\/wp-json\/wp\/v2\/users\/1"}],"replies":[{"embeddable":true,"href":"https:\/\/www.rengoenlanoticia.cl\/prensa\/wp-json\/wp\/v2\/comments?post=7545"}],"version-history":[{"count":3,"href":"https:\/\/www.rengoenlanoticia.cl\/prensa\/wp-json\/wp\/v2\/posts\/7545\/revisions"}],"predecessor-version":[{"id":7572,"href":"https:\/\/www.rengoenlanoticia.cl\/prensa\/wp-json\/wp\/v2\/posts\/7545\/revisions\/7572"}],"wp:featuredmedia":[{"embeddable":true,"href":"https:\/\/www.rengoenlanoticia.cl\/prensa\/wp-json\/wp\/v2\/media\/7568"}],"wp:attachment":[{"href":"https:\/\/www.rengoenlanoticia.cl\/prensa\/wp-json\/wp\/v2\/media?parent=7545"}],"wp:term":[{"taxonomy":"category","embeddable":true,"href":"https:\/\/www.rengoenlanoticia.cl\/prensa\/wp-json\/wp\/v2\/categories?post=7545"},{"taxonomy":"post_tag","embeddable":true,"href":"https:\/\/www.rengoenlanoticia.cl\/prensa\/wp-json\/wp\/v2\/tags?post=7545"}],"curies":[{"name":"wp","href":"https:\/\/api.w.org\/{rel}","templated":true}]}}