{"id":7544,"date":"2025-11-04T23:24:07","date_gmt":"2025-11-04T23:24:07","guid":{"rendered":"https:\/\/www.rengoenlanoticia.cl\/prensa\/?p=7544"},"modified":"2025-11-04T23:24:12","modified_gmt":"2025-11-04T23:24:12","slug":"paratenimesistas-de-ohiggins-obtienen-medalla-de-oro-en-dobles-en-juegos-parapanamericanos-juveniles-chile-2025","status":"publish","type":"post","link":"https:\/\/www.rengoenlanoticia.cl\/prensa\/2025\/11\/04\/paratenimesistas-de-ohiggins-obtienen-medalla-de-oro-en-dobles-en-juegos-parapanamericanos-juveniles-chile-2025\/","title":{"rendered":"Paratenimesistas de O\u00b4Higgins obtienen medalla de oro en Dobles en Juegos Parapanamericanos Juveniles Chile 2025"},"content":{"rendered":"\n<p>Crist\u00f3bal Garc\u00eda, de Rancagua, y Jos\u00e9 Luis Cerpa, de Nancagua, hicieron historia en el certamen internacional.<\/p>\n\n\n\n<p>El rancag\u00fcino Crist\u00f3bal Garc\u00eda junto al nancag\u00fcino Jos\u00e9 Luis Cerpa, obtuvieron medalla de oro en el Para Tenis de Mesa de los Juegos Parapanamericanos Juveniles Chile 2025, que se disputaron en el Polideportivo de Rengo.<\/p>\n\n\n\n<p>Los deportistas del Team ParaChile jugaron una vibrante final con otra pareja nacional integrada por Juan Penna y Marcelo Sol\u00eds, quienes se quedaron con la medalla de plata en dicha categor\u00eda.<\/p>\n\n\n\n<p>Al respecto, el doble medallista de oro Crist\u00f3bal Garc\u00eda, expres\u00f3 su felicidad por este importante logro internacional. \u201cPrimero que nada, agradecer a mis compa\u00f1eros, mis contrincantes, que lo hicieron muy bien. Pero tambi\u00e9n agradecer a mi compa\u00f1ero Jos\u00e9 Luis Cerpa, a los profesores, a Christopher Godoy, que fue nuestro entrenador en todo este camino. Y la verdad, agradezco a toda la comuna de Rengo, los llevar\u00e9 en mi coraz\u00f3n, porque me llevo tres medallas, estoy muy contento y lo celebrar\u00e9 con mi abuela, feliz\u201d, coment\u00f3 el paratenimesista.<\/p>\n\n\n\n<p>Asimismo, el nancag\u00fcino Jos\u00e9 Luis Cerpa asegur\u00f3 que \u201cfue una sensaci\u00f3n bastante bonita y a la vez nost\u00e1lgica porque competimos con nuestros compa\u00f1eros. Pudimos sacar adelante el partido, empezamos perdiendo el primer set, pero lo supimos sobrellevar bien con mi compa\u00f1ero Crist\u00f3bal y ganamos la medalla de oro. Estoy muy feliz\u201d.<\/p>\n\n\n\n<figure class=\"wp-block-image size-large\"><img loading=\"lazy\" decoding=\"async\" width=\"1024\" height=\"817\" src=\"https:\/\/www.rengoenlanoticia.cl\/prensa\/wp-content\/uploads\/2025\/11\/WhatsApp-Image-2025-11-04-at-11.48.21-1024x817.jpeg\" alt=\"\" class=\"wp-image-7556\" srcset=\"https:\/\/www.rengoenlanoticia.cl\/prensa\/wp-content\/uploads\/2025\/11\/WhatsApp-Image-2025-11-04-at-11.48.21-1024x817.jpeg 1024w, https:\/\/www.rengoenlanoticia.cl\/prensa\/wp-content\/uploads\/2025\/11\/WhatsApp-Image-2025-11-04-at-11.48.21-300x239.jpeg 300w, https:\/\/www.rengoenlanoticia.cl\/prensa\/wp-content\/uploads\/2025\/11\/WhatsApp-Image-2025-11-04-at-11.48.21-768x613.jpeg 768w, https:\/\/www.rengoenlanoticia.cl\/prensa\/wp-content\/uploads\/2025\/11\/WhatsApp-Image-2025-11-04-at-11.48.21-1536x1226.jpeg 1536w, https:\/\/www.rengoenlanoticia.cl\/prensa\/wp-content\/uploads\/2025\/11\/WhatsApp-Image-2025-11-04-at-11.48.21-2048x1634.jpeg 2048w, https:\/\/www.rengoenlanoticia.cl\/prensa\/wp-content\/uploads\/2025\/11\/WhatsApp-Image-2025-11-04-at-11.48.21-110x88.jpeg 110w, https:\/\/www.rengoenlanoticia.cl\/prensa\/wp-content\/uploads\/2025\/11\/WhatsApp-Image-2025-11-04-at-11.48.21-200x160.jpeg 200w, https:\/\/www.rengoenlanoticia.cl\/prensa\/wp-content\/uploads\/2025\/11\/WhatsApp-Image-2025-11-04-at-11.48.21-380x303.jpeg 380w, https:\/\/www.rengoenlanoticia.cl\/prensa\/wp-content\/uploads\/2025\/11\/WhatsApp-Image-2025-11-04-at-11.48.21-255x204.jpeg 255w, https:\/\/www.rengoenlanoticia.cl\/prensa\/wp-content\/uploads\/2025\/11\/WhatsApp-Image-2025-11-04-at-11.48.21-550x439.jpeg 550w, https:\/\/www.rengoenlanoticia.cl\/prensa\/wp-content\/uploads\/2025\/11\/WhatsApp-Image-2025-11-04-at-11.48.21-800x638.jpeg 800w, https:\/\/www.rengoenlanoticia.cl\/prensa\/wp-content\/uploads\/2025\/11\/WhatsApp-Image-2025-11-04-at-11.48.21-1160x926.jpeg 1160w, https:\/\/www.rengoenlanoticia.cl\/prensa\/wp-content\/uploads\/2025\/11\/WhatsApp-Image-2025-11-04-at-11.48.21-scaled.jpeg 2560w\" sizes=\"auto, (max-width: 1024px) 100vw, 1024px\" \/><\/figure>\n\n\n\n<p>Para el Gobernador de la Regi\u00f3n de O\u00b4Higgins, Pablo Silva Amaya \u201cnuestra regi\u00f3n tiene dos muy buenos exponentes del Para Tenis de Mesa, Crist\u00f3bal Garc\u00eda, de Rancagua, y Jos\u00e9 Luis Cerpa, de Nancagua. Estamos muy felices y emocionados por este triunfo, ellos son deportistas apoyados por el Gobierno Regional y esta competencia internacional tambi\u00e9n es financiada por el Gobierno Regional. Estamos muy felices, sobre todo porque ambos son un ejemplo para los j\u00f3venes de la regi\u00f3n, para aquellos que dicen que no se puede, aqu\u00ed tenemos un ejemplo concreto que con mucho esfuerzo y garra se pueden lograr las cosas\u201d.<\/p>\n\n\n\n<p>La seremi de Deportes, Macarena Chand\u00eda, expres\u00f3 que \u201cestamos muy orgullosos y contentos por este logro deportivo. Vamos a seguir promoviendo y cont\u00e1ndole al pa\u00eds y al continente, que la Regi\u00f3n de O\u00b4Higgins tiene un gran desarrollo del tenis convencional y del para tenis de mesa, con embajadores de renombre internacional, como nuestro querido Mat\u00edas Pino, y estos j\u00f3venes medallistas juveniles. Tambi\u00e9n quiero agradecer esta instancia de descentralizaci\u00f3n donde la regi\u00f3n tiene tres sedes en estos Juegos Parapanamericanos Juveniles Chile 2025, partimos con Rengo y continuamos en Santa Cruz y Machal\u00ed. Eso habla muy bien de la Regi\u00f3n de O\u00b4Higgins que puede traer competencias internacionales con una destacada organizaci\u00f3n\u201d.<\/p>\n\n\n\n<figure class=\"wp-block-image size-large\"><img loading=\"lazy\" decoding=\"async\" width=\"1024\" height=\"682\" src=\"https:\/\/www.rengoenlanoticia.cl\/prensa\/wp-content\/uploads\/2025\/11\/WhatsApp-Image-2025-11-04-at-11.48.22-1-1024x682.jpeg\" alt=\"\" class=\"wp-image-7555\" srcset=\"https:\/\/www.rengoenlanoticia.cl\/prensa\/wp-content\/uploads\/2025\/11\/WhatsApp-Image-2025-11-04-at-11.48.22-1-1024x682.jpeg 1024w, https:\/\/www.rengoenlanoticia.cl\/prensa\/wp-content\/uploads\/2025\/11\/WhatsApp-Image-2025-11-04-at-11.48.22-1-300x200.jpeg 300w, https:\/\/www.rengoenlanoticia.cl\/prensa\/wp-content\/uploads\/2025\/11\/WhatsApp-Image-2025-11-04-at-11.48.22-1-768x512.jpeg 768w, https:\/\/www.rengoenlanoticia.cl\/prensa\/wp-content\/uploads\/2025\/11\/WhatsApp-Image-2025-11-04-at-11.48.22-1-1536x1024.jpeg 1536w, https:\/\/www.rengoenlanoticia.cl\/prensa\/wp-content\/uploads\/2025\/11\/WhatsApp-Image-2025-11-04-at-11.48.22-1-2048x1365.jpeg 2048w, https:\/\/www.rengoenlanoticia.cl\/prensa\/wp-content\/uploads\/2025\/11\/WhatsApp-Image-2025-11-04-at-11.48.22-1-110x73.jpeg 110w, https:\/\/www.rengoenlanoticia.cl\/prensa\/wp-content\/uploads\/2025\/11\/WhatsApp-Image-2025-11-04-at-11.48.22-1-200x133.jpeg 200w, https:\/\/www.rengoenlanoticia.cl\/prensa\/wp-content\/uploads\/2025\/11\/WhatsApp-Image-2025-11-04-at-11.48.22-1-380x253.jpeg 380w, https:\/\/www.rengoenlanoticia.cl\/prensa\/wp-content\/uploads\/2025\/11\/WhatsApp-Image-2025-11-04-at-11.48.22-1-255x170.jpeg 255w, https:\/\/www.rengoenlanoticia.cl\/prensa\/wp-content\/uploads\/2025\/11\/WhatsApp-Image-2025-11-04-at-11.48.22-1-550x366.jpeg 550w, https:\/\/www.rengoenlanoticia.cl\/prensa\/wp-content\/uploads\/2025\/11\/WhatsApp-Image-2025-11-04-at-11.48.22-1-800x533.jpeg 800w, https:\/\/www.rengoenlanoticia.cl\/prensa\/wp-content\/uploads\/2025\/11\/WhatsApp-Image-2025-11-04-at-11.48.22-1-1160x773.jpeg 1160w, https:\/\/www.rengoenlanoticia.cl\/prensa\/wp-content\/uploads\/2025\/11\/WhatsApp-Image-2025-11-04-at-11.48.22-1-scaled.jpeg 2560w\" sizes=\"auto, (max-width: 1024px) 100vw, 1024px\" \/><\/figure>\n\n\n\n<p>Otras medallas en Dobles para Team ParaChile<\/p>\n\n\n\n<p>En la categor\u00eda silla de ruedas la pareja femenina conformada por Aylin Millal\u00e9n y Bel\u00e9n Fuentes tambi\u00e9n obtuvo medalla de plata. En tanto, en el dobles mixto, la pareja chilena integrada por Crist\u00f3bal Garc\u00eda y Joseline Y\u00e9venes gan\u00f3 la medalla de bronce.<\/p>\n","protected":false},"excerpt":{"rendered":"Crist\u00f3bal Garc\u00eda, de Rancagua, y Jos\u00e9 Luis Cerpa, de Nancagua, hicieron historia en el certamen internacional. El rancag\u00fcino&hellip;\n","protected":false},"author":1,"featured_media":7558,"comment_status":"open","ping_status":"open","sticky":false,"template":"","format":"standard","meta":{"_monsterinsights_skip_tracking":false,"_monsterinsights_sitenote_active":false,"_monsterinsights_sitenote_note":"","_monsterinsights_sitenote_category":0,"footnotes":""},"categories":[8],"tags":[],"class_list":{"0":"post-7544","1":"post","2":"type-post","3":"status-publish","4":"format-standard","5":"has-post-thumbnail","7":"category-portada"},"aioseo_notices":[],"_links":{"self":[{"href":"https:\/\/www.rengoenlanoticia.cl\/prensa\/wp-json\/wp\/v2\/posts\/7544","targetHints":{"allow":["GET"]}}],"collection":[{"href":"https:\/\/www.rengoenlanoticia.cl\/prensa\/wp-json\/wp\/v2\/posts"}],"about":[{"href":"https:\/\/www.rengoenlanoticia.cl\/prensa\/wp-json\/wp\/v2\/types\/post"}],"author":[{"embeddable":true,"href":"https:\/\/www.rengoenlanoticia.cl\/prensa\/wp-json\/wp\/v2\/users\/1"}],"replies":[{"embeddable":true,"href":"https:\/\/www.rengoenlanoticia.cl\/prensa\/wp-json\/wp\/v2\/comments?post=7544"}],"version-history":[{"count":3,"href":"https:\/\/www.rengoenlanoticia.cl\/prensa\/wp-json\/wp\/v2\/posts\/7544\/revisions"}],"predecessor-version":[{"id":7564,"href":"https:\/\/www.rengoenlanoticia.cl\/prensa\/wp-json\/wp\/v2\/posts\/7544\/revisions\/7564"}],"wp:featuredmedia":[{"embeddable":true,"href":"https:\/\/www.rengoenlanoticia.cl\/prensa\/wp-json\/wp\/v2\/media\/7558"}],"wp:attachment":[{"href":"https:\/\/www.rengoenlanoticia.cl\/prensa\/wp-json\/wp\/v2\/media?parent=7544"}],"wp:term":[{"taxonomy":"category","embeddable":true,"href":"https:\/\/www.rengoenlanoticia.cl\/prensa\/wp-json\/wp\/v2\/categories?post=7544"},{"taxonomy":"post_tag","embeddable":true,"href":"https:\/\/www.rengoenlanoticia.cl\/prensa\/wp-json\/wp\/v2\/tags?post=7544"}],"curies":[{"name":"wp","href":"https:\/\/api.w.org\/{rel}","templated":true}]}}