{"id":7397,"date":"2025-10-29T08:36:00","date_gmt":"2025-10-29T08:36:00","guid":{"rendered":"https:\/\/www.rengoenlanoticia.cl\/prensa\/?p=7397"},"modified":"2025-10-29T08:36:02","modified_gmt":"2025-10-29T08:36:02","slug":"justicia-abierta-estudiantes-de-4-medio-del-colegio-nino-jesus-de-praga-visitan-corte-de-rancagua-y-asisten-a-alegatos","status":"publish","type":"post","link":"https:\/\/www.rengoenlanoticia.cl\/prensa\/2025\/10\/29\/justicia-abierta-estudiantes-de-4-medio-del-colegio-nino-jesus-de-praga-visitan-corte-de-rancagua-y-asisten-a-alegatos\/","title":{"rendered":"Justicia Abierta: Estudiantes de 4\u00b0 medio del Colegio Ni\u00f1o Jes\u00fas de Praga visitan Corte de Rancagua y asisten a alegatos"},"content":{"rendered":"\n<p>Conocer el funcionamiento de los tribunales de la jurisdicci\u00f3n, el rol de los magistrados e integrantes del Poder Judicial, las diferencias entre la justicia penal, civil, laboral y familia; y presenciar alegatos, fueron parte de la visita efectuada por estudiantes de 4\u00b0 medio del Colegio Ni\u00f1o de Jes\u00fas de Praga de la ciudad.<\/p>\n\n\n\n<p>Estas actividades se enmarcan en las acciones de difusi\u00f3n el trabajo y el funcionamiento con la ciudadan\u00eda que lleva adelante el Poder Judicial y el tribunal de alzada, fomentando, a la vez, la educaci\u00f3n c\u00edvica entre los ni\u00f1os, ni\u00f1as y adolescentes.<\/p>\n\n\n\n<p>Los estudiantes del curso diferenciado \u00abParticipaci\u00f3n y Argumentaci\u00f3n en Democracia\u00bb participaron en una charla realizada por el administrador del tribunal de alzada, Juan G\u00f3mez, quien abord\u00f3 de forma integral el rol del Poder Judicial dentro del Estado, su composici\u00f3n y la funci\u00f3n de la corte de apelaciones.<\/p>\n\n\n\n<p>Posteriormente, junto a la profesora Carolina Castro, asistieron al alegato de un recurso de amparo en la Tercera Sala y compartieron sus consultas con el ministro Miguel \u00c1ngel Santib\u00e1\u00f1ez, la ministra Andrea Urbina y la abogada integrante Claudia \u00c1lvarez.<\/p>\n\n\n\n<p>&nbsp;\u201cEs fundamental que las y los estudiantes sepan el rol que cumple la Corte de Apelaciones. Esta visita pedag\u00f3gica permite que las y los alumnos vean in situ el funcionamiento del tribunal de alzada, es decir, todo el contenido que hemos pasado durante el a\u00f1o, lo observaron en vivo y en directo\u00bb, se\u00f1al\u00f3 Carolina Castro, profesora del diferenciado del Colegio Ni\u00f1o Jes\u00fas de Praga de Rancagua.<\/p>\n\n\n\n<p>Agreg\u00f3 que las y los estudiantes estaban muy contentos por la visita y enfatiz\u00f3 la importancia de estos espacios se abran a la comunidad con un sentido acad\u00e9mico: \u00abCuando desarroll\u00e9 este proyecto de salida pedag\u00f3gica, de inmediato me dije &#8216;tiene que ser la Corte de Apelaciones&#8217; por el significado y la importancia que \u00e9sta tiene. Quiero agradecer a cada profesional que trabaja en el tribunal, dado que fue una visita muy gratificante\u201d.<\/p>\n","protected":false},"excerpt":{"rendered":"Conocer el funcionamiento de los tribunales de la jurisdicci\u00f3n, el rol de los magistrados e integrantes del Poder&hellip;\n","protected":false},"author":1,"featured_media":7398,"comment_status":"open","ping_status":"open","sticky":false,"template":"","format":"standard","meta":{"_monsterinsights_skip_tracking":false,"_monsterinsights_sitenote_active":false,"_monsterinsights_sitenote_note":"","_monsterinsights_sitenote_category":0,"footnotes":""},"categories":[8],"tags":[],"class_list":{"0":"post-7397","1":"post","2":"type-post","3":"status-publish","4":"format-standard","5":"has-post-thumbnail","7":"category-portada"},"aioseo_notices":[],"_links":{"self":[{"href":"https:\/\/www.rengoenlanoticia.cl\/prensa\/wp-json\/wp\/v2\/posts\/7397","targetHints":{"allow":["GET"]}}],"collection":[{"href":"https:\/\/www.rengoenlanoticia.cl\/prensa\/wp-json\/wp\/v2\/posts"}],"about":[{"href":"https:\/\/www.rengoenlanoticia.cl\/prensa\/wp-json\/wp\/v2\/types\/post"}],"author":[{"embeddable":true,"href":"https:\/\/www.rengoenlanoticia.cl\/prensa\/wp-json\/wp\/v2\/users\/1"}],"replies":[{"embeddable":true,"href":"https:\/\/www.rengoenlanoticia.cl\/prensa\/wp-json\/wp\/v2\/comments?post=7397"}],"version-history":[{"count":3,"href":"https:\/\/www.rengoenlanoticia.cl\/prensa\/wp-json\/wp\/v2\/posts\/7397\/revisions"}],"predecessor-version":[{"id":7401,"href":"https:\/\/www.rengoenlanoticia.cl\/prensa\/wp-json\/wp\/v2\/posts\/7397\/revisions\/7401"}],"wp:featuredmedia":[{"embeddable":true,"href":"https:\/\/www.rengoenlanoticia.cl\/prensa\/wp-json\/wp\/v2\/media\/7398"}],"wp:attachment":[{"href":"https:\/\/www.rengoenlanoticia.cl\/prensa\/wp-json\/wp\/v2\/media?parent=7397"}],"wp:term":[{"taxonomy":"category","embeddable":true,"href":"https:\/\/www.rengoenlanoticia.cl\/prensa\/wp-json\/wp\/v2\/categories?post=7397"},{"taxonomy":"post_tag","embeddable":true,"href":"https:\/\/www.rengoenlanoticia.cl\/prensa\/wp-json\/wp\/v2\/tags?post=7397"}],"curies":[{"name":"wp","href":"https:\/\/api.w.org\/{rel}","templated":true}]}}