{"id":7366,"date":"2025-10-29T07:58:33","date_gmt":"2025-10-29T07:58:33","guid":{"rendered":"https:\/\/www.rengoenlanoticia.cl\/prensa\/?p=7366"},"modified":"2025-10-29T07:58:39","modified_gmt":"2025-10-29T07:58:39","slug":"hospital-de-santa-cruz-se-prepara-para-una-nueva-reacreditacion","status":"publish","type":"post","link":"https:\/\/www.rengoenlanoticia.cl\/prensa\/2025\/10\/29\/hospital-de-santa-cruz-se-prepara-para-una-nueva-reacreditacion\/","title":{"rendered":"Hospital de Santa Cruz se prepara para una nueva reacreditaci\u00f3n"},"content":{"rendered":"\n<p>Tras alcanzar el 100% en caracter\u00edsticas obligatorias durante el proceso anterior, el hospital trabaja para seguir fortaleciendo la excelencia asistencial.<\/p>\n\n\n\n<p>El Hospital de Santa Cruz se encuentra trabajando activamente en un nuevo proceso de acreditaci\u00f3n, reafirmando su compromiso con la calidad y seguridad en la atenci\u00f3n en salud. Este trabajo garantiza que el establecimiento cumple con los est\u00e1ndares exigidos por el Ministerio de Salud y que se encuentra debidamente registrado en el sistema de la Superintendencia de Salud.<\/p>\n\n\n\n<p>En su anterior acreditaci\u00f3n obtuvo un 100% de cumplimiento en caracter\u00edsticas obligatorias y un 90% en el total evaluado, lo que fue resultado del esfuerzo de todo el equipo. Este a\u00f1o, al igual que en cada recinto hospitalario del pa\u00eds, se eval\u00faa que los hospitales cumplan con los est\u00e1ndares de calidad y seguridad en salud exigidos, garantizando que la atenci\u00f3n entregada a los pacientes sea segura, eficiente y centrada en sus necesidades.<\/p>\n\n\n\n<p>Para lo anterior, en noviembre se realizar\u00e1 este nuevo proceso, que a juicio del Subdirector M\u00e9dico del hospital, Dr. Cristian Cavalla, \u201ces un paso fundamental para seguir fortaleciendo la seguridad y la calidad en cada atenci\u00f3n que entregamos. Cada logro en acreditaci\u00f3n refleja el compromiso de nuestro equipo con la excelencia y el bienestar de nuestros pacientes\u201d.<\/p>\n\n\n\n<figure class=\"wp-block-image size-full\"><img loading=\"lazy\" decoding=\"async\" width=\"897\" height=\"720\" src=\"https:\/\/www.rengoenlanoticia.cl\/prensa\/wp-content\/uploads\/2025\/10\/equipo-IAAS-HSC-1.jpeg\" alt=\"\" class=\"wp-image-7367\" srcset=\"https:\/\/www.rengoenlanoticia.cl\/prensa\/wp-content\/uploads\/2025\/10\/equipo-IAAS-HSC-1.jpeg 897w, https:\/\/www.rengoenlanoticia.cl\/prensa\/wp-content\/uploads\/2025\/10\/equipo-IAAS-HSC-1-300x241.jpeg 300w, https:\/\/www.rengoenlanoticia.cl\/prensa\/wp-content\/uploads\/2025\/10\/equipo-IAAS-HSC-1-768x616.jpeg 768w, https:\/\/www.rengoenlanoticia.cl\/prensa\/wp-content\/uploads\/2025\/10\/equipo-IAAS-HSC-1-110x88.jpeg 110w, https:\/\/www.rengoenlanoticia.cl\/prensa\/wp-content\/uploads\/2025\/10\/equipo-IAAS-HSC-1-200x161.jpeg 200w, https:\/\/www.rengoenlanoticia.cl\/prensa\/wp-content\/uploads\/2025\/10\/equipo-IAAS-HSC-1-380x305.jpeg 380w, https:\/\/www.rengoenlanoticia.cl\/prensa\/wp-content\/uploads\/2025\/10\/equipo-IAAS-HSC-1-255x205.jpeg 255w, https:\/\/www.rengoenlanoticia.cl\/prensa\/wp-content\/uploads\/2025\/10\/equipo-IAAS-HSC-1-550x441.jpeg 550w, https:\/\/www.rengoenlanoticia.cl\/prensa\/wp-content\/uploads\/2025\/10\/equipo-IAAS-HSC-1-800x642.jpeg 800w\" sizes=\"auto, (max-width: 897px) 100vw, 897px\" \/><\/figure>\n\n\n\n<p>Respecto al proceso, la Jefa del Dpto. de Calidad y Seguridad del Paciente del establecimiento, la enfermera Sandra Fuenzalida, explic\u00f3 que \u201cnos encontramos focalizados en el trabajo y en el apoyo a los equipos para que este proceso de acreditaci\u00f3n en salud sea ejecutado con tranquilidad, porque acreditarnos no es solo un sello, es el resultado de un compromiso diario con la excelencia, la confianza y el cuidado humano. Detr\u00e1s de cada procedimiento, de cada atenci\u00f3n y de cada mejora, existe un grupo de funcionarios dedicados a fortalecer los procesos, evaluar resultados y garantizar que cada paciente reciba una atenci\u00f3n segura, oportuna y con calidez\u201d.<\/p>\n\n\n\n<p>A\u00f1adi\u00f3 que \u201cacompa\u00f1ando al personal siempre estamos nosotros, los funcionarios del Departamento de Calidad, somos apasionados por nuestro trabajo y comprometidos con elevar los est\u00e1ndares, con transformar los retos en oportunidades, y con demostrar que la calidad no se dice, se vive\u201d.<\/p>\n\n\n\n<p>Cabe se\u00f1alar que la reacreditaci\u00f3n mide distintos aspectos claves de la gesti\u00f3n hospitalaria, entre los que destacan la seguridad del paciente, con protocolos de prevenci\u00f3n de infecciones, manejo de eventos adversos y correcta identificaci\u00f3n de los usuarios; gesti\u00f3n cl\u00ednica y continuidad de la atenci\u00f3n, con el cumplimiento de gu\u00edas cl\u00ednicas, coordinaci\u00f3n entre servicios y seguimiento de tratamientos; calidad organizacional y liderazgo, donde es fundamental la planificaci\u00f3n estrat\u00e9gica, sistemas de control y monitoreo de indicadores de calidad, y la infraestructura y recursos, midiendo condiciones f\u00edsicas, equipamiento adecuado y gesti\u00f3n de insumos y personal.<\/p>\n\n\n\n<p>Asimismo, esta medici\u00f3n aborda los derechos y experiencia del paciente, como la confidencialidad, consentimiento informado y mecanismos de reclamos; y la capacitaci\u00f3n y desarrollo del personal, especialmente sobre formaci\u00f3n continua y cultura de mejora constante en la atenci\u00f3n.<\/p>\n","protected":false},"excerpt":{"rendered":"Tras alcanzar el 100% en caracter\u00edsticas obligatorias durante el proceso anterior, el hospital trabaja para seguir fortaleciendo la&hellip;\n","protected":false},"author":1,"featured_media":7368,"comment_status":"open","ping_status":"open","sticky":false,"template":"","format":"standard","meta":{"_monsterinsights_skip_tracking":false,"_monsterinsights_sitenote_active":false,"_monsterinsights_sitenote_note":"","_monsterinsights_sitenote_category":0,"footnotes":""},"categories":[8],"tags":[],"class_list":{"0":"post-7366","1":"post","2":"type-post","3":"status-publish","4":"format-standard","5":"has-post-thumbnail","7":"category-portada"},"aioseo_notices":[],"_links":{"self":[{"href":"https:\/\/www.rengoenlanoticia.cl\/prensa\/wp-json\/wp\/v2\/posts\/7366","targetHints":{"allow":["GET"]}}],"collection":[{"href":"https:\/\/www.rengoenlanoticia.cl\/prensa\/wp-json\/wp\/v2\/posts"}],"about":[{"href":"https:\/\/www.rengoenlanoticia.cl\/prensa\/wp-json\/wp\/v2\/types\/post"}],"author":[{"embeddable":true,"href":"https:\/\/www.rengoenlanoticia.cl\/prensa\/wp-json\/wp\/v2\/users\/1"}],"replies":[{"embeddable":true,"href":"https:\/\/www.rengoenlanoticia.cl\/prensa\/wp-json\/wp\/v2\/comments?post=7366"}],"version-history":[{"count":3,"href":"https:\/\/www.rengoenlanoticia.cl\/prensa\/wp-json\/wp\/v2\/posts\/7366\/revisions"}],"predecessor-version":[{"id":7388,"href":"https:\/\/www.rengoenlanoticia.cl\/prensa\/wp-json\/wp\/v2\/posts\/7366\/revisions\/7388"}],"wp:featuredmedia":[{"embeddable":true,"href":"https:\/\/www.rengoenlanoticia.cl\/prensa\/wp-json\/wp\/v2\/media\/7368"}],"wp:attachment":[{"href":"https:\/\/www.rengoenlanoticia.cl\/prensa\/wp-json\/wp\/v2\/media?parent=7366"}],"wp:term":[{"taxonomy":"category","embeddable":true,"href":"https:\/\/www.rengoenlanoticia.cl\/prensa\/wp-json\/wp\/v2\/categories?post=7366"},{"taxonomy":"post_tag","embeddable":true,"href":"https:\/\/www.rengoenlanoticia.cl\/prensa\/wp-json\/wp\/v2\/tags?post=7366"}],"curies":[{"name":"wp","href":"https:\/\/api.w.org\/{rel}","templated":true}]}}