{"id":7364,"date":"2025-10-29T07:51:18","date_gmt":"2025-10-29T07:51:18","guid":{"rendered":"https:\/\/www.rengoenlanoticia.cl\/prensa\/?p=7364"},"modified":"2025-10-29T07:58:27","modified_gmt":"2025-10-29T07:58:27","slug":"tgr-ofrece-acceso-preferencial-a-personas-cuidadoras-del-programa-chile-cuida","status":"publish","type":"post","link":"https:\/\/www.rengoenlanoticia.cl\/prensa\/2025\/10\/29\/tgr-ofrece-acceso-preferencial-a-personas-cuidadoras-del-programa-chile-cuida\/","title":{"rendered":"TGR ofrece acceso preferencial a personas cuidadoras del programa Chile Cuida"},"content":{"rendered":"\n<p>En el mes de las personas mayores, Tesorer\u00eda General de la Rep\u00fablica (TGR) se incorpor\u00f3 a la red de instituciones p\u00fablicas que otorgan atenci\u00f3n preferencial a personas cuidadoras, como parte del Sistema Nacional de Apoyos y Cuidados, Chile Cuida, impulsado por el Ministerio de Desarrollo Social y Familia junto al Ministerio de la Mujer y la Equidad de G\u00e9nero.<\/p>\n\n\n\n<p>Esta pol\u00edtica p\u00fablica busca reconocer, acompa\u00f1ar y apoyar a quienes cumplen labores de cuidado \u2014remuneradas o no remuneradas\u2014, a trav\u00e9s de una red integrada de programas, beneficios y servicios estatales que permitan su integraci\u00f3n y acceso a diversas prestaciones tanto p\u00fablicas como privadas..<\/p>\n\n\n\n<p>En el marco de esta iniciativa, las personas inscritas en el Registro Social de Hogares como cuidadoras y que cuenten con su credencial Chile Cuida podr\u00e1n acceder a atenci\u00f3n preferencial en las oficinas de TGR a lo largo del pa\u00eds, junto con otros servicios p\u00fablicos como ChileAtiende, BancoEstado, Registro Civil y Correos de Chile.<\/p>\n\n\n\n<p>\u201cDesde nuestra instituci\u00f3n queremos ser parte activa de esta pol\u00edtica que reconoce una tarea muchas veces invisible. Las personas cuidadoras merecen un trato digno, emp\u00e1tico y prioritario. Este acceso preferencial es una forma concreta de decirles que el Estado est\u00e1 con ellas\u201d, se\u00f1al\u00f3 el Tesorero General de la Rep\u00fablica, Hern\u00e1n Nobizelli.<\/p>\n\n\n\n<h3 id=\"como-acceder-a-chile-cuida\" class=\"wp-block-heading\">\u00bfC\u00f3mo acceder a Chile Cuida?<\/h3>\n\n\n\n<ol class=\"wp-block-list\">\n<li>Inscr\u00edbete como persona cuidadora: Reg\u00edstrate en el m\u00f3dulo de Cuidados dentro de la secci\u00f3n de datos complementarios del Registro Social de Hogares, a trav\u00e9s del sitio web<a href=\"https:\/\/www.ventanillaunicasocial.gob.cl\/\" target=\"_blank\" rel=\"noreferrer noopener\"> www.ventanillaunicasocial.gob.cl<\/a>.<br><\/li>\n\n\n\n<li>Obt\u00e9n tu credencial: Una vez inscrita, podr\u00e1s solicitar tu credencial de persona cuidadora, que te identificar\u00e1 oficialmente dentro del sistema.<br><\/li>\n\n\n\n<li>Aprovecha los beneficios: Con esta credencial podr\u00e1s acceder a atenci\u00f3n preferencial y descuentos en instituciones p\u00fablicas y privadas, adem\u00e1s de apoyos en salud, capacitaci\u00f3n y bienestar.<br><\/li>\n<\/ol>\n\n\n\n<p>Con su adhesi\u00f3n a Chile Cuida, Tesorer\u00eda General de la Rep\u00fablica forma parte de diversas instituciones p\u00fablicas y privadas que reconocen las labores de cuidado y a la vez dan cuenta de su esfuerzo permanente con un Estado m\u00e1s inclusivo, emp\u00e1tico y humano, que pone a las personas al centro de la gesti\u00f3n p\u00fablica.<\/p>\n","protected":false},"excerpt":{"rendered":"En el mes de las personas mayores, Tesorer\u00eda General de la Rep\u00fablica (TGR) se incorpor\u00f3 a la red&hellip;\n","protected":false},"author":1,"featured_media":7365,"comment_status":"open","ping_status":"open","sticky":false,"template":"","format":"standard","meta":{"_monsterinsights_skip_tracking":false,"_monsterinsights_sitenote_active":false,"_monsterinsights_sitenote_note":"","_monsterinsights_sitenote_category":0,"footnotes":""},"categories":[8],"tags":[],"class_list":{"0":"post-7364","1":"post","2":"type-post","3":"status-publish","4":"format-standard","5":"has-post-thumbnail","7":"category-portada"},"aioseo_notices":[],"_links":{"self":[{"href":"https:\/\/www.rengoenlanoticia.cl\/prensa\/wp-json\/wp\/v2\/posts\/7364","targetHints":{"allow":["GET"]}}],"collection":[{"href":"https:\/\/www.rengoenlanoticia.cl\/prensa\/wp-json\/wp\/v2\/posts"}],"about":[{"href":"https:\/\/www.rengoenlanoticia.cl\/prensa\/wp-json\/wp\/v2\/types\/post"}],"author":[{"embeddable":true,"href":"https:\/\/www.rengoenlanoticia.cl\/prensa\/wp-json\/wp\/v2\/users\/1"}],"replies":[{"embeddable":true,"href":"https:\/\/www.rengoenlanoticia.cl\/prensa\/wp-json\/wp\/v2\/comments?post=7364"}],"version-history":[{"count":3,"href":"https:\/\/www.rengoenlanoticia.cl\/prensa\/wp-json\/wp\/v2\/posts\/7364\/revisions"}],"predecessor-version":[{"id":7387,"href":"https:\/\/www.rengoenlanoticia.cl\/prensa\/wp-json\/wp\/v2\/posts\/7364\/revisions\/7387"}],"wp:featuredmedia":[{"embeddable":true,"href":"https:\/\/www.rengoenlanoticia.cl\/prensa\/wp-json\/wp\/v2\/media\/7365"}],"wp:attachment":[{"href":"https:\/\/www.rengoenlanoticia.cl\/prensa\/wp-json\/wp\/v2\/media?parent=7364"}],"wp:term":[{"taxonomy":"category","embeddable":true,"href":"https:\/\/www.rengoenlanoticia.cl\/prensa\/wp-json\/wp\/v2\/categories?post=7364"},{"taxonomy":"post_tag","embeddable":true,"href":"https:\/\/www.rengoenlanoticia.cl\/prensa\/wp-json\/wp\/v2\/tags?post=7364"}],"curies":[{"name":"wp","href":"https:\/\/api.w.org\/{rel}","templated":true}]}}