{"id":7352,"date":"2025-10-29T07:38:14","date_gmt":"2025-10-29T07:38:14","guid":{"rendered":"https:\/\/www.rengoenlanoticia.cl\/prensa\/?p=7352"},"modified":"2025-10-29T07:40:08","modified_gmt":"2025-10-29T07:40:08","slug":"personas-con-credencial-de-persona-cuidadora-pueden-excusarse-de-ser-vocales-de-mesa","status":"publish","type":"post","link":"https:\/\/www.rengoenlanoticia.cl\/prensa\/2025\/10\/29\/personas-con-credencial-de-persona-cuidadora-pueden-excusarse-de-ser-vocales-de-mesa\/","title":{"rendered":"Personas con credencial de persona cuidadora pueden excusarse de ser vocales de mesa"},"content":{"rendered":"\n<p><strong><em>La ministra de Desarrollo Social y Familia, Javiera Toro, record\u00f3 que hasta el mi\u00e9rcoles 29 de<\/em><\/strong><\/p>\n\n\n\n<p><strong><em>octubre pueden excusarse las personas inscritas como cuidadoras en el Registro Social de<\/em><\/strong><\/p>\n\n\n\n<p><strong><em>Hogares.<\/em><\/strong><\/p>\n\n\n\n<p>Luego de la publicaci\u00f3n de la n\u00f3mina de vocales de mesa designados por las Juntas Electorales para las pr\u00f3ximas elecciones presidenciales y parlamentarias, desde este lunes 27, y hasta el mi\u00e9rcoles 29 de octubre, corre el plazo para presentar excusas de quienes no puedan cumplir con su labor.<\/p>\n\n\n\n<p>Dentro de las causales se considera ejercer como persona cuidadora inscrita en el Registro Social de Hogares, es decir, que cuente con la credencial de cuidadora, f\u00edsica o digital, la que tambi\u00e9n servir\u00e1 como excusa el d\u00eda de la votaci\u00f3n en caso de que la mesa no estuviera constituida. Asimismo, las personas cuidadoras tendr\u00e1n atenci\u00f3n preferente durante el proceso de votaci\u00f3n.<\/p>\n\n\n\n<p>As\u00ed lo record\u00f3 la ministra de Desarrollo Social y Familia, Javera Toro, enfatiz\u00f3 que \u201cel lunes comenz\u00f3 el periodo de excusas para quienes hayan resultado seleccionados como vocales o miembros de los colegios escrutadores para las elecciones presidenciales y parlamentarias de noviembre. Y recuerda que, si eres cuidador o cuidadora y tienes tu credencial entregada por el Registro Social de Hogares, puedes excusarte de ejercer esta labor. Entre el 27 y el 29 de octubre se pueden presentar las excusas ante las juntas electorales, ya sea presencialmente o a trav\u00e9s de los correos electr\u00f3nicos que est\u00e1n publicados en la p\u00e1gina del Servel\u201d.<\/p>\n\n\n\n<p>Por su parte, la seremi de Desarrollo Social y Familia, Nayadeth Ahumada Herrera, hizo un llamado a las personas cuidadoras inscritas en el Registro Social de Hogares a informarse y presentar sus excusas en los casos pertinentes. \u201cSabemos que los cuidados son un trabajo 24\/7 y que ausentarse durante tantas horas es complejo, especialmente cuando se cuenta con pocas redes de apoyo. Por eso se ha facilitado la posibilidad de excusarse a personas que cumplen labores de cuidados, y donde en la regi\u00f3n de O\u2019Higgins ya tenemos registradas a cerca de 15 mil personas cuidadoras\u201d.<\/p>\n\n\n\n<p>El proceso para presentar las excusas se realiza ante la junta electoral correspondiente, que se encuentra en https:\/\/<a href=\"http:\/\/www.servel.cl\/contacto\/juntas-electorales\/\">www.servel.cl\/contacto\/juntas-electorales\/.<\/a><\/p>\n","protected":false},"excerpt":{"rendered":"La ministra de Desarrollo Social y Familia, Javiera Toro, record\u00f3 que hasta el mi\u00e9rcoles 29 de octubre pueden&hellip;\n","protected":false},"author":1,"featured_media":7354,"comment_status":"open","ping_status":"open","sticky":false,"template":"","format":"standard","meta":{"_monsterinsights_skip_tracking":false,"_monsterinsights_sitenote_active":false,"_monsterinsights_sitenote_note":"","_monsterinsights_sitenote_category":0,"footnotes":""},"categories":[8],"tags":[],"class_list":{"0":"post-7352","1":"post","2":"type-post","3":"status-publish","4":"format-standard","5":"has-post-thumbnail","7":"category-portada"},"aioseo_notices":[],"_links":{"self":[{"href":"https:\/\/www.rengoenlanoticia.cl\/prensa\/wp-json\/wp\/v2\/posts\/7352","targetHints":{"allow":["GET"]}}],"collection":[{"href":"https:\/\/www.rengoenlanoticia.cl\/prensa\/wp-json\/wp\/v2\/posts"}],"about":[{"href":"https:\/\/www.rengoenlanoticia.cl\/prensa\/wp-json\/wp\/v2\/types\/post"}],"author":[{"embeddable":true,"href":"https:\/\/www.rengoenlanoticia.cl\/prensa\/wp-json\/wp\/v2\/users\/1"}],"replies":[{"embeddable":true,"href":"https:\/\/www.rengoenlanoticia.cl\/prensa\/wp-json\/wp\/v2\/comments?post=7352"}],"version-history":[{"count":3,"href":"https:\/\/www.rengoenlanoticia.cl\/prensa\/wp-json\/wp\/v2\/posts\/7352\/revisions"}],"predecessor-version":[{"id":7361,"href":"https:\/\/www.rengoenlanoticia.cl\/prensa\/wp-json\/wp\/v2\/posts\/7352\/revisions\/7361"}],"wp:featuredmedia":[{"embeddable":true,"href":"https:\/\/www.rengoenlanoticia.cl\/prensa\/wp-json\/wp\/v2\/media\/7354"}],"wp:attachment":[{"href":"https:\/\/www.rengoenlanoticia.cl\/prensa\/wp-json\/wp\/v2\/media?parent=7352"}],"wp:term":[{"taxonomy":"category","embeddable":true,"href":"https:\/\/www.rengoenlanoticia.cl\/prensa\/wp-json\/wp\/v2\/categories?post=7352"},{"taxonomy":"post_tag","embeddable":true,"href":"https:\/\/www.rengoenlanoticia.cl\/prensa\/wp-json\/wp\/v2\/tags?post=7352"}],"curies":[{"name":"wp","href":"https:\/\/api.w.org\/{rel}","templated":true}]}}