{"id":7348,"date":"2025-10-29T07:39:55","date_gmt":"2025-10-29T07:39:55","guid":{"rendered":"https:\/\/www.rengoenlanoticia.cl\/prensa\/?p=7348"},"modified":"2025-10-29T07:39:57","modified_gmt":"2025-10-29T07:39:57","slug":"el-cancer-tambien-afecta-la-salud-bucal-como-prevenir-las-complicaciones-durante-un-tratamiento","status":"publish","type":"post","link":"https:\/\/www.rengoenlanoticia.cl\/prensa\/2025\/10\/29\/el-cancer-tambien-afecta-la-salud-bucal-como-prevenir-las-complicaciones-durante-un-tratamiento\/","title":{"rendered":"El c\u00e1ncer tambi\u00e9n afecta la salud bucal: c\u00f3mo prevenir las complicaciones durante un tratamiento"},"content":{"rendered":"\n<p>\u00bfSab\u00edas que la quimioterapia y la radioterapia pueden causar sequedad, llagas y caries, afectando la alimentaci\u00f3n y el bienestar del paciente? Con prevenci\u00f3n y acompa\u00f1amiento odontol\u00f3gico, es posible reducir complicaciones y mejorar la calidad de vida.<\/p>\n\n\n\n<p>Los tratamientos contra el c\u00e1ncer pueden provocar una serie de efectos secundarios que afectan la salud bucal y, con ello, la alimentaci\u00f3n, el bienestar y la calidad de vida de los pacientes. La quimioterapia y la radioterapia, especialmente cuando se aplican en cabeza y cuello, pueden generar sequedad, llagas, inflamaci\u00f3n o caries, alteraciones que muchas veces se subestiman, pero que tienen un impacto profundo en el d\u00eda a d\u00eda.&nbsp;<\/p>\n\n\n\n<p>\u201cDurante una terapia oncol\u00f3gica, la boca tambi\u00e9n necesita cuidados. Las lesiones, la sensibilidad o la sequedad persistente dificultan comer, hablar o incluso dormir bien, afectando no solo la salud f\u00edsica sino tambi\u00e9n el \u00e1nimo del paciente\u201d, explica el doctor Nicol\u00e1s Grasset, Clinical Specialist de Solventum.<\/p>\n\n\n\n<p>Frente a este escenario, los especialistas recomiendan incorporar el cuidado odontol\u00f3gico como parte del tratamiento integral del c\u00e1ncer. Realizar una evaluaci\u00f3n dental antes de iniciar la quimioterapia o radioterapia permite detectar caries o infecciones a tiempo y evitar complicaciones graves en personas inmunosuprimidas. \u201cLa prevenci\u00f3n temprana hoy es una herramienta fundamental para reducir riesgos y sostener la calidad de vida durante la terapia\u201d, a\u00f1ade Grasset.<\/p>\n\n\n\n<p>En este contexto, el fl\u00faor se convierte en un aliado fundamental para proteger la dentadura de los pacientes oncol\u00f3gicos. \u201cEl fl\u00faor act\u00faa sobre la superficie del diente creando una barrera de defensa frente a los \u00e1cidos que producen las bacterias despu\u00e9s de comer. Adem\u00e1s, tiene la capacidad de remineralizar el esmalte, evitando que peque\u00f1as lesiones avancen y se conviertan en caries profundas\u201d, explica el especialista.<\/p>\n\n\n\n<p>Seg\u00fan el Dr. Grasset, su uso regular \u2014bajo indicaci\u00f3n odontol\u00f3gica\u2014 contribuye a reducir dr\u00e1sticamente la incidencia de caries por radiaci\u00f3n y mejora la tolerancia a los tratamientos. \u201cEl fl\u00faor Clinpro&#x2122; Clear de Solventum es seguro, \u00fatil y necesario si se aplica correctamente. Permite una absorci\u00f3n efectiva en apenas 15 minutos, optimizando el tiempo cl\u00ednico y mejorando la experiencia del paciente. Su objetivo es complementar el cepillado diario, no reemplazarlo\u201d, puntualiza.<\/p>\n\n\n\n<p>Entre las recomendaciones para cuidar la salud bucal durante el tratamiento oncol\u00f3gico destacan:<\/p>\n\n\n\n<p>\u2022 Agendar una evaluaci\u00f3n dental antes de comenzar la quimioterapia o radioterapia.<\/p>\n\n\n\n<p>\u2022 Cepillar frecuentemente los dientes con suavidad, incluso si hay sensibilidad o molestias.<\/p>\n\n\n\n<p>\u2022 Usa pastas con fl\u00faor y consulta su frecuencia de uso con tu odont\u00f3logo.<\/p>\n\n\n\n<p>\u2022 Evita el alcohol, el tabaco y los alimentos muy \u00e1cidos.<\/p>\n\n\n\n<p>\u2022 Hidratar la boca a lo largo del d\u00eda y usar lubricantes salivales si hay sequedad.<\/p>\n\n\n\n<p>\u2022 Consultar al odont\u00f3logo ante \u00falceras o dolor persistente.<\/p>\n\n\n\n<p>\u201cCuidar la sonrisa durante el c\u00e1ncer no es solo una cuesti\u00f3n est\u00e9tica, es una forma de acompa\u00f1ar el tratamiento, aliviar el dolor y recuperar bienestar en medio de una etapa desafiante\u201d, sostiene el doctor Nicol\u00e1s Grasset.<\/p>\n","protected":false},"excerpt":{"rendered":"\u00bfSab\u00edas que la quimioterapia y la radioterapia pueden causar sequedad, llagas y caries, afectando la alimentaci\u00f3n y el&hellip;\n","protected":false},"author":1,"featured_media":7350,"comment_status":"open","ping_status":"open","sticky":false,"template":"","format":"standard","meta":{"_monsterinsights_skip_tracking":false,"_monsterinsights_sitenote_active":false,"_monsterinsights_sitenote_note":"","_monsterinsights_sitenote_category":0,"footnotes":""},"categories":[8],"tags":[],"class_list":{"0":"post-7348","1":"post","2":"type-post","3":"status-publish","4":"format-standard","5":"has-post-thumbnail","7":"category-portada"},"aioseo_notices":[],"_links":{"self":[{"href":"https:\/\/www.rengoenlanoticia.cl\/prensa\/wp-json\/wp\/v2\/posts\/7348","targetHints":{"allow":["GET"]}}],"collection":[{"href":"https:\/\/www.rengoenlanoticia.cl\/prensa\/wp-json\/wp\/v2\/posts"}],"about":[{"href":"https:\/\/www.rengoenlanoticia.cl\/prensa\/wp-json\/wp\/v2\/types\/post"}],"author":[{"embeddable":true,"href":"https:\/\/www.rengoenlanoticia.cl\/prensa\/wp-json\/wp\/v2\/users\/1"}],"replies":[{"embeddable":true,"href":"https:\/\/www.rengoenlanoticia.cl\/prensa\/wp-json\/wp\/v2\/comments?post=7348"}],"version-history":[{"count":3,"href":"https:\/\/www.rengoenlanoticia.cl\/prensa\/wp-json\/wp\/v2\/posts\/7348\/revisions"}],"predecessor-version":[{"id":7363,"href":"https:\/\/www.rengoenlanoticia.cl\/prensa\/wp-json\/wp\/v2\/posts\/7348\/revisions\/7363"}],"wp:featuredmedia":[{"embeddable":true,"href":"https:\/\/www.rengoenlanoticia.cl\/prensa\/wp-json\/wp\/v2\/media\/7350"}],"wp:attachment":[{"href":"https:\/\/www.rengoenlanoticia.cl\/prensa\/wp-json\/wp\/v2\/media?parent=7348"}],"wp:term":[{"taxonomy":"category","embeddable":true,"href":"https:\/\/www.rengoenlanoticia.cl\/prensa\/wp-json\/wp\/v2\/categories?post=7348"},{"taxonomy":"post_tag","embeddable":true,"href":"https:\/\/www.rengoenlanoticia.cl\/prensa\/wp-json\/wp\/v2\/tags?post=7348"}],"curies":[{"name":"wp","href":"https:\/\/api.w.org\/{rel}","templated":true}]}}