{"id":7344,"date":"2025-10-29T07:39:44","date_gmt":"2025-10-29T07:39:44","guid":{"rendered":"https:\/\/www.rengoenlanoticia.cl\/prensa\/?p=7344"},"modified":"2025-10-29T07:39:47","modified_gmt":"2025-10-29T07:39:47","slug":"mujeres-privadas-de-libertad-culminan-con-exito-proyecto-fosis-emprende-grupal-en-el-complejo-penitenciario-de-rancagua","status":"publish","type":"post","link":"https:\/\/www.rengoenlanoticia.cl\/prensa\/2025\/10\/29\/mujeres-privadas-de-libertad-culminan-con-exito-proyecto-fosis-emprende-grupal-en-el-complejo-penitenciario-de-rancagua\/","title":{"rendered":"Mujeres privadas de libertad culminan con \u00e9xito Proyecto FOSIS Emprende Grupal en el Complejo Penitenciario de Rancagua"},"content":{"rendered":"\n<p>Con gran entusiasmo finaliz\u00f3 en el Centro Penitenciario Femenino de Rancagua el Proyecto FOSIS Emprende Grupal, iniciativa dirigida a 10 mujeres privadas de libertad, quienes participaron activamente en un proceso formativo orientado al desarrollo de habilidades emprendedoras.<\/p>\n\n\n\n<p>El proyecto tuvo como prop\u00f3sito fortalecer las capacidades laborales y de autogesti\u00f3n econ\u00f3mica de las participantes, a trav\u00e9s de clases te\u00f3rico-pr\u00e1cticas sobre modelos de negocio, redes de venta, comercializaci\u00f3n y proyecci\u00f3n econ\u00f3mica, entre otros contenidos relevantes que buscan preparar a las internas para una reinserci\u00f3n social efectiva.<\/p>\n\n\n\n<p>Para la Jefa T\u00e9cnica Regional (s), Paola Tapia, este tipo de iniciativa viene a contribuir al trabajo de reinserci\u00f3n de las Unidades Penales, especialmente si son enfocados a las mujeres privadas de libertad.<\/p>\n\n\n\n<figure class=\"wp-block-image size-full\"><img loading=\"lazy\" decoding=\"async\" width=\"640\" height=\"480\" src=\"https:\/\/www.rengoenlanoticia.cl\/prensa\/wp-content\/uploads\/2025\/10\/foto1-fosis.jpg\" alt=\"\" class=\"wp-image-7345\" srcset=\"https:\/\/www.rengoenlanoticia.cl\/prensa\/wp-content\/uploads\/2025\/10\/foto1-fosis.jpg 640w, https:\/\/www.rengoenlanoticia.cl\/prensa\/wp-content\/uploads\/2025\/10\/foto1-fosis-300x225.jpg 300w, https:\/\/www.rengoenlanoticia.cl\/prensa\/wp-content\/uploads\/2025\/10\/foto1-fosis-110x83.jpg 110w, https:\/\/www.rengoenlanoticia.cl\/prensa\/wp-content\/uploads\/2025\/10\/foto1-fosis-200x150.jpg 200w, https:\/\/www.rengoenlanoticia.cl\/prensa\/wp-content\/uploads\/2025\/10\/foto1-fosis-380x285.jpg 380w, https:\/\/www.rengoenlanoticia.cl\/prensa\/wp-content\/uploads\/2025\/10\/foto1-fosis-255x191.jpg 255w, https:\/\/www.rengoenlanoticia.cl\/prensa\/wp-content\/uploads\/2025\/10\/foto1-fosis-550x413.jpg 550w\" sizes=\"auto, (max-width: 640px) 100vw, 640px\" \/><\/figure>\n\n\n\n<p>Como cierre del proceso, se realiz\u00f3 una capacitaci\u00f3n pr\u00e1ctica en confecci\u00f3n de ropa deportiva, denominada \u201cUn nuevo comienzo con estilo\u201d, cuyo objetivo fue entregar herramientas concretas para que las participantes puedan generar recursos econ\u00f3micos desde la privaci\u00f3n de libertad, en beneficio propio y de sus familias.<\/p>\n\n\n\n<p>La actividad se desarroll\u00f3 en el Galp\u00f3n Laboral N\u00b02, espacio que hist\u00f3ricamente hab\u00eda sido destinado al trabajo masculino, constituyendo este hecho un hito significativo en materia de perspectiva de g\u00e9nero dentro del establecimiento penitenciario.<\/p>\n\n\n\n<p>Sin duda, esta experiencia marca un precedente importante en la promoci\u00f3n de la igualdad de oportunidades, el empoderamiento femenino y la reinserci\u00f3n social y econ\u00f3mica de las mujeres privadas de libertad, reafirmando el compromiso institucional con la generaci\u00f3n de espacios formativos inclusivos y transformadores.<\/p>\n","protected":false},"excerpt":{"rendered":"Con gran entusiasmo finaliz\u00f3 en el Centro Penitenciario Femenino de Rancagua el Proyecto FOSIS Emprende Grupal, iniciativa dirigida&hellip;\n","protected":false},"author":1,"featured_media":7346,"comment_status":"open","ping_status":"open","sticky":false,"template":"","format":"standard","meta":{"_monsterinsights_skip_tracking":false,"_monsterinsights_sitenote_active":false,"_monsterinsights_sitenote_note":"","_monsterinsights_sitenote_category":0,"footnotes":""},"categories":[8],"tags":[],"class_list":{"0":"post-7344","1":"post","2":"type-post","3":"status-publish","4":"format-standard","5":"has-post-thumbnail","7":"category-portada"},"aioseo_notices":[],"_links":{"self":[{"href":"https:\/\/www.rengoenlanoticia.cl\/prensa\/wp-json\/wp\/v2\/posts\/7344","targetHints":{"allow":["GET"]}}],"collection":[{"href":"https:\/\/www.rengoenlanoticia.cl\/prensa\/wp-json\/wp\/v2\/posts"}],"about":[{"href":"https:\/\/www.rengoenlanoticia.cl\/prensa\/wp-json\/wp\/v2\/types\/post"}],"author":[{"embeddable":true,"href":"https:\/\/www.rengoenlanoticia.cl\/prensa\/wp-json\/wp\/v2\/users\/1"}],"replies":[{"embeddable":true,"href":"https:\/\/www.rengoenlanoticia.cl\/prensa\/wp-json\/wp\/v2\/comments?post=7344"}],"version-history":[{"count":3,"href":"https:\/\/www.rengoenlanoticia.cl\/prensa\/wp-json\/wp\/v2\/posts\/7344\/revisions"}],"predecessor-version":[{"id":7358,"href":"https:\/\/www.rengoenlanoticia.cl\/prensa\/wp-json\/wp\/v2\/posts\/7344\/revisions\/7358"}],"wp:featuredmedia":[{"embeddable":true,"href":"https:\/\/www.rengoenlanoticia.cl\/prensa\/wp-json\/wp\/v2\/media\/7346"}],"wp:attachment":[{"href":"https:\/\/www.rengoenlanoticia.cl\/prensa\/wp-json\/wp\/v2\/media?parent=7344"}],"wp:term":[{"taxonomy":"category","embeddable":true,"href":"https:\/\/www.rengoenlanoticia.cl\/prensa\/wp-json\/wp\/v2\/categories?post=7344"},{"taxonomy":"post_tag","embeddable":true,"href":"https:\/\/www.rengoenlanoticia.cl\/prensa\/wp-json\/wp\/v2\/tags?post=7344"}],"curies":[{"name":"wp","href":"https:\/\/api.w.org\/{rel}","templated":true}]}}