{"id":7333,"date":"2025-10-29T07:39:35","date_gmt":"2025-10-29T07:39:35","guid":{"rendered":"https:\/\/www.rengoenlanoticia.cl\/prensa\/?p=7333"},"modified":"2025-10-29T07:39:38","modified_gmt":"2025-10-29T07:39:38","slug":"productora-de-chepica-felicita-moreno-gano-premio-innovacion-fia-indap-en-expo-mundo-rural","status":"publish","type":"post","link":"https:\/\/www.rengoenlanoticia.cl\/prensa\/2025\/10\/29\/productora-de-chepica-felicita-moreno-gano-premio-innovacion-fia-indap-en-expo-mundo-rural\/","title":{"rendered":"Productora de Ch\u00e9pica Felicita Moreno gan\u00f3 Premio Innovaci\u00f3n FIA-INDAP en Expo Mundo Rural"},"content":{"rendered":"\n<p>La destacada productora agr\u00edcola de Ch\u00e9pica, Felicita Moreno Ruz, gan\u00f3 el Premio a la Innovaci\u00f3n FIA-INDAP en la Expo Mundo Rural que con gran \u00e9xito se realiz\u00f3 desde el jueves 23 al domingo 26 de octubre en el Parque Estadio Nacional de Santiago. La representante de la regi\u00f3n de O\u2019Higgins comparti\u00f3 el primer lugar en dicho concurso con una productora caprina de La Higuera.<\/p>\n\n\n\n<p>El importante premio lo obtuvo con uno de sus nuevos productos: el aceite de man\u00ed, el cual es rico en vitamina E y grasas saludables, lo que beneficia la salud cardiovascular y la hidrataci\u00f3n de la piel y el cabello. Se puede usar para cocinar y en ensaladas; como tambi\u00e9n para masajes en el cabello y para el cuidado de la piel.<\/p>\n\n\n\n<p>Felicita recibi\u00f3 emocionada el premio. \u201cEstoy muy contenta \u2013coment\u00f3-. No lo esperaba, nunca pens\u00e9 que podr\u00eda ganar y es un est\u00edmulo para m\u00ed. Ahora hay que dar a conocer m\u00e1s este producto y este premio me ayudar\u00e1 mucho\u201d.<\/p>\n\n\n\n<figure class=\"wp-block-image size-large\"><img loading=\"lazy\" decoding=\"async\" width=\"1024\" height=\"596\" src=\"https:\/\/www.rengoenlanoticia.cl\/prensa\/wp-content\/uploads\/2025\/10\/Premio-a-Felicita-1024x596.jpg\" alt=\"\" class=\"wp-image-7340\" srcset=\"https:\/\/www.rengoenlanoticia.cl\/prensa\/wp-content\/uploads\/2025\/10\/Premio-a-Felicita-1024x596.jpg 1024w, https:\/\/www.rengoenlanoticia.cl\/prensa\/wp-content\/uploads\/2025\/10\/Premio-a-Felicita-300x175.jpg 300w, https:\/\/www.rengoenlanoticia.cl\/prensa\/wp-content\/uploads\/2025\/10\/Premio-a-Felicita-768x447.jpg 768w, https:\/\/www.rengoenlanoticia.cl\/prensa\/wp-content\/uploads\/2025\/10\/Premio-a-Felicita-110x64.jpg 110w, https:\/\/www.rengoenlanoticia.cl\/prensa\/wp-content\/uploads\/2025\/10\/Premio-a-Felicita-200x116.jpg 200w, https:\/\/www.rengoenlanoticia.cl\/prensa\/wp-content\/uploads\/2025\/10\/Premio-a-Felicita-380x221.jpg 380w, https:\/\/www.rengoenlanoticia.cl\/prensa\/wp-content\/uploads\/2025\/10\/Premio-a-Felicita-255x148.jpg 255w, https:\/\/www.rengoenlanoticia.cl\/prensa\/wp-content\/uploads\/2025\/10\/Premio-a-Felicita-550x320.jpg 550w, https:\/\/www.rengoenlanoticia.cl\/prensa\/wp-content\/uploads\/2025\/10\/Premio-a-Felicita-800x466.jpg 800w, https:\/\/www.rengoenlanoticia.cl\/prensa\/wp-content\/uploads\/2025\/10\/Premio-a-Felicita-1160x675.jpg 1160w, https:\/\/www.rengoenlanoticia.cl\/prensa\/wp-content\/uploads\/2025\/10\/Premio-a-Felicita.jpg 1440w\" sizes=\"auto, (max-width: 1024px) 100vw, 1024px\" \/><\/figure>\n\n\n\n<p>Esta agricultora del sector La Orilla de Auquinco de la comuna de Ch\u00e9pica lleva m\u00e1s de 20 a\u00f1os produciendo man\u00ed y ofreciendo diversas variedades: confitado, con c\u00e1scara, natural, salado, con miel y otros. Tambi\u00e9n produce mantequilla de man\u00ed y su premiado aceite.<\/p>\n\n\n\n<p>Cultiva man\u00ed en 10 hect\u00e1rea de terreno, obteniendo un producto de primera calidad. Bajo la marca Vicar y con el apoyo de INDAP ha logrado consolidar su empresa familiar que tambi\u00e9n da trabajo a personas de su comuna.<\/p>\n\n\n\n<figure class=\"wp-block-image size-large\"><img loading=\"lazy\" decoding=\"async\" width=\"1024\" height=\"682\" src=\"https:\/\/www.rengoenlanoticia.cl\/prensa\/wp-content\/uploads\/2025\/10\/director-con-Felicita-1024x682.jpg\" alt=\"\" class=\"wp-image-7341\" srcset=\"https:\/\/www.rengoenlanoticia.cl\/prensa\/wp-content\/uploads\/2025\/10\/director-con-Felicita-1024x682.jpg 1024w, https:\/\/www.rengoenlanoticia.cl\/prensa\/wp-content\/uploads\/2025\/10\/director-con-Felicita-300x200.jpg 300w, https:\/\/www.rengoenlanoticia.cl\/prensa\/wp-content\/uploads\/2025\/10\/director-con-Felicita-768x512.jpg 768w, https:\/\/www.rengoenlanoticia.cl\/prensa\/wp-content\/uploads\/2025\/10\/director-con-Felicita-110x73.jpg 110w, https:\/\/www.rengoenlanoticia.cl\/prensa\/wp-content\/uploads\/2025\/10\/director-con-Felicita-200x133.jpg 200w, https:\/\/www.rengoenlanoticia.cl\/prensa\/wp-content\/uploads\/2025\/10\/director-con-Felicita-380x253.jpg 380w, https:\/\/www.rengoenlanoticia.cl\/prensa\/wp-content\/uploads\/2025\/10\/director-con-Felicita-255x170.jpg 255w, https:\/\/www.rengoenlanoticia.cl\/prensa\/wp-content\/uploads\/2025\/10\/director-con-Felicita-550x367.jpg 550w, https:\/\/www.rengoenlanoticia.cl\/prensa\/wp-content\/uploads\/2025\/10\/director-con-Felicita-800x533.jpg 800w, https:\/\/www.rengoenlanoticia.cl\/prensa\/wp-content\/uploads\/2025\/10\/director-con-Felicita-1160x773.jpg 1160w, https:\/\/www.rengoenlanoticia.cl\/prensa\/wp-content\/uploads\/2025\/10\/director-con-Felicita.jpg 1280w\" sizes=\"auto, (max-width: 1024px) 100vw, 1024px\" \/><\/figure>\n\n\n\n<p>El director regional de INDAP, Braulio Moreno, expres\u00f3 sus felicitaciones a Felicita Moreno; agregando que la Regi\u00f3n de O\u2019Higgins estuvo muy bien representada por los 11 emprendedores que participaron en la Expo, entre ellos la artesana de Paredones, Graciela Toledo Mu\u00f1oz, que este a\u00f1o obtuvo el Premio Regional de las Culturas, las Artes y el Patrimonio 2025 en la categor\u00eda Artesan\u00edas.&nbsp; Se reconoci\u00f3 as\u00ed sus m\u00e1s de 40 a\u00f1os de trayectoria en el trenzado de paja de trigo Lig\u00fan, un oficio tradicional de la localidad de Cutemu; rescatando as\u00ed una t\u00e9cnica ancestral y una tradici\u00f3n de m\u00e1s de 200 a\u00f1os.<\/p>\n\n\n\n<p>POSITIVO BALANCE DE LA EXPO MUNDO RURAL<\/p>\n\n\n\n<p>Durante los cuatro d\u00edas de la Expo Mundo Rural organizada por INDAP llegaron m\u00e1s de 30 mil visitantes y los 130 expositores de agroelaborados, vinos, licores, productos frescos y artesan\u00edas registraron transacciones comerciales por $404.900.312, un 60% m\u00e1s que en la versi\u00f3n 2024.<\/p>\n\n\n\n<p>Junto con celebrar estas cifras, el director nacional de INDAP, Santiago Rojas,&nbsp; agradeci\u00f3 a los habitantes de Santiago y regiones que llegaron hasta el coliseo deportivo para conocer y apoyar a los emprendedores de la Agricultura Familiar Campesina e Ind\u00edgena del pa\u00eds: \u201cQueremos que esta iniciativa perdure y crezca, para que el mundo rural venda sus productos y mejore su econom\u00eda local, pero tambi\u00e9n para que los visitantes sepan de d\u00f3nde vienen los alimentos que consumimos y proyectemos el campo. Somos lo que comemos\u201d.<\/p>\n\n\n\n<p>Agreg\u00f3: \u201cHicimos un esfuerzo por traer a mujeres, j\u00f3venes y pueblos originarios para emparejar la cancha y que no se pierdan las tradiciones del campo. Tenemos desaf\u00edos importantes: revertir la migraci\u00f3n del campo a la ciudad, y por eso las pol\u00edticas para j\u00f3venes rurales que ha impulsado el gobierno, adem\u00e1s de velar la seguridad alimentaria y potenciar una agricultura m\u00e1s sustentable\u201d.<\/p>\n","protected":false},"excerpt":{"rendered":"La destacada productora agr\u00edcola de Ch\u00e9pica, Felicita Moreno Ruz, gan\u00f3 el Premio a la Innovaci\u00f3n FIA-INDAP en la&hellip;\n","protected":false},"author":1,"featured_media":7339,"comment_status":"open","ping_status":"open","sticky":false,"template":"","format":"standard","meta":{"_monsterinsights_skip_tracking":false,"_monsterinsights_sitenote_active":false,"_monsterinsights_sitenote_note":"","_monsterinsights_sitenote_category":0,"footnotes":""},"categories":[8],"tags":[],"class_list":{"0":"post-7333","1":"post","2":"type-post","3":"status-publish","4":"format-standard","5":"has-post-thumbnail","7":"category-portada"},"aioseo_notices":[],"_links":{"self":[{"href":"https:\/\/www.rengoenlanoticia.cl\/prensa\/wp-json\/wp\/v2\/posts\/7333","targetHints":{"allow":["GET"]}}],"collection":[{"href":"https:\/\/www.rengoenlanoticia.cl\/prensa\/wp-json\/wp\/v2\/posts"}],"about":[{"href":"https:\/\/www.rengoenlanoticia.cl\/prensa\/wp-json\/wp\/v2\/types\/post"}],"author":[{"embeddable":true,"href":"https:\/\/www.rengoenlanoticia.cl\/prensa\/wp-json\/wp\/v2\/users\/1"}],"replies":[{"embeddable":true,"href":"https:\/\/www.rengoenlanoticia.cl\/prensa\/wp-json\/wp\/v2\/comments?post=7333"}],"version-history":[{"count":3,"href":"https:\/\/www.rengoenlanoticia.cl\/prensa\/wp-json\/wp\/v2\/posts\/7333\/revisions"}],"predecessor-version":[{"id":7362,"href":"https:\/\/www.rengoenlanoticia.cl\/prensa\/wp-json\/wp\/v2\/posts\/7333\/revisions\/7362"}],"wp:featuredmedia":[{"embeddable":true,"href":"https:\/\/www.rengoenlanoticia.cl\/prensa\/wp-json\/wp\/v2\/media\/7339"}],"wp:attachment":[{"href":"https:\/\/www.rengoenlanoticia.cl\/prensa\/wp-json\/wp\/v2\/media?parent=7333"}],"wp:term":[{"taxonomy":"category","embeddable":true,"href":"https:\/\/www.rengoenlanoticia.cl\/prensa\/wp-json\/wp\/v2\/categories?post=7333"},{"taxonomy":"post_tag","embeddable":true,"href":"https:\/\/www.rengoenlanoticia.cl\/prensa\/wp-json\/wp\/v2\/tags?post=7333"}],"curies":[{"name":"wp","href":"https:\/\/api.w.org\/{rel}","templated":true}]}}