{"id":7325,"date":"2025-10-29T08:38:52","date_gmt":"2025-10-29T08:38:52","guid":{"rendered":"https:\/\/www.rengoenlanoticia.cl\/prensa\/?p=7325"},"modified":"2025-10-29T08:50:03","modified_gmt":"2025-10-29T08:50:03","slug":"diputada-marta-gonzalez-valoro-aprobacion-del-proyecto-de-titularidad-docente-e-hizo-un-llamado-a-controlaria-a-respetar-los-derechos-laborales-de-los-profesores-que-se-manifiestan","status":"publish","type":"post","link":"https:\/\/www.rengoenlanoticia.cl\/prensa\/2025\/10\/29\/diputada-marta-gonzalez-valoro-aprobacion-del-proyecto-de-titularidad-docente-e-hizo-un-llamado-a-controlaria-a-respetar-los-derechos-laborales-de-los-profesores-que-se-manifiestan\/","title":{"rendered":"Diputada Marta Gonz\u00e1lez valor\u00f3 aprobaci\u00f3n del proyecto de Titularidad Docente e hizo un llamado a Controlar\u00eda a respetar los derechos laborales de los profesores que se manifiestan"},"content":{"rendered":"\n<p>La <strong>Diputada de la Regi\u00f3n de O\u2019Higgins Marta Gonz\u00e1lez (Distrito 15) <\/strong>valor\u00f3 la aprobaci\u00f3n en la <strong>C\u00e1mara de Diputadas y Diputados<\/strong> del proyecto de ley de <strong>Titularidad Docente<\/strong>, iniciativa que recibi\u00f3 <strong>122 votos a favor<\/strong> y que busca otorgar <strong>estabilidad laboral<\/strong> a las y los profesores que actualmente trabajan <strong>a contrata<\/strong> en establecimientos municipales, corporaciones municipales o servicios locales de educaci\u00f3n.<\/p>\n\n\n\n<p>La parlamentaria \u2014quien ha acompa\u00f1ado de cerca las demandas del magisterio\u2014 destac\u00f3 que este avance representa un paso significativo para <strong>m\u00e1s de 28.000 profesoras y profesores<\/strong> del pa\u00eds, reconociendo su trayectoria y compromiso con la educaci\u00f3n p\u00fablica. Durante la sesi\u00f3n, Gonz\u00e1lez invit\u00f3 adem\u00e1s a representantes del <strong>Colegio de Profesores de Graneros<\/strong> a presenciar la votaci\u00f3n.<\/p>\n\n\n\n<p><\/p>\n\n\n\n<figure class=\"wp-block-image size-large\"><img loading=\"lazy\" decoding=\"async\" width=\"1024\" height=\"682\" src=\"https:\/\/www.rengoenlanoticia.cl\/prensa\/wp-content\/uploads\/2025\/10\/WhatsApp-Image-2025-10-28-at-10.33.30-2-1024x682.jpeg\" alt=\"\" class=\"wp-image-7327\" srcset=\"https:\/\/www.rengoenlanoticia.cl\/prensa\/wp-content\/uploads\/2025\/10\/WhatsApp-Image-2025-10-28-at-10.33.30-2-1024x682.jpeg 1024w, https:\/\/www.rengoenlanoticia.cl\/prensa\/wp-content\/uploads\/2025\/10\/WhatsApp-Image-2025-10-28-at-10.33.30-2-300x200.jpeg 300w, https:\/\/www.rengoenlanoticia.cl\/prensa\/wp-content\/uploads\/2025\/10\/WhatsApp-Image-2025-10-28-at-10.33.30-2-768x512.jpeg 768w, https:\/\/www.rengoenlanoticia.cl\/prensa\/wp-content\/uploads\/2025\/10\/WhatsApp-Image-2025-10-28-at-10.33.30-2-110x73.jpeg 110w, https:\/\/www.rengoenlanoticia.cl\/prensa\/wp-content\/uploads\/2025\/10\/WhatsApp-Image-2025-10-28-at-10.33.30-2-200x133.jpeg 200w, https:\/\/www.rengoenlanoticia.cl\/prensa\/wp-content\/uploads\/2025\/10\/WhatsApp-Image-2025-10-28-at-10.33.30-2-380x253.jpeg 380w, https:\/\/www.rengoenlanoticia.cl\/prensa\/wp-content\/uploads\/2025\/10\/WhatsApp-Image-2025-10-28-at-10.33.30-2-255x170.jpeg 255w, https:\/\/www.rengoenlanoticia.cl\/prensa\/wp-content\/uploads\/2025\/10\/WhatsApp-Image-2025-10-28-at-10.33.30-2-550x367.jpeg 550w, https:\/\/www.rengoenlanoticia.cl\/prensa\/wp-content\/uploads\/2025\/10\/WhatsApp-Image-2025-10-28-at-10.33.30-2-800x533.jpeg 800w, https:\/\/www.rengoenlanoticia.cl\/prensa\/wp-content\/uploads\/2025\/10\/WhatsApp-Image-2025-10-28-at-10.33.30-2-1160x773.jpeg 1160w, https:\/\/www.rengoenlanoticia.cl\/prensa\/wp-content\/uploads\/2025\/10\/WhatsApp-Image-2025-10-28-at-10.33.30-2.jpeg 1280w\" sizes=\"auto, (max-width: 1024px) 100vw, 1024px\" \/><\/figure>\n\n\n\n<p>\u201cYo solo me quiero sumar a esta alegr\u00eda que hoy d\u00eda estamos viviendo con nuestros docentes. Sabemos que es una lucha que llevan hace mucho tiempo, y que hoy d\u00eda es inconcebible tener a los docentes en la situaci\u00f3n laboral de vulnerabilidad en que se encuentran. Por supuesto que esperamos tambi\u00e9n que se mejore en el Senado la limitaci\u00f3n de las 20 horas, porque deja fuera a profesores de ingl\u00e9s, de m\u00fasica o de educaci\u00f3n f\u00edsica, que son ramos muy importantes y que tambi\u00e9n necesitan estabilidad.\u201d, se\u00f1al\u00f3 la Diputada Marta Gonz\u00e1lez una vez aprobada la iniciativa.<\/p>\n\n\n\n<p>El proyecto establece que podr\u00e1n acceder a la titularidad quienes, al <strong>31 de julio de 2025<\/strong>, hayan trabajado <strong>al menos tres a\u00f1os continuos o cuatro discontinuos<\/strong>, con una <strong>jornada m\u00ednima de 20 horas semanales<\/strong>.<\/p>\n\n\n\n<p>Durante su intervenci\u00f3n, la Diputada del Distrito 15 tambi\u00e9n abord\u00f3 la preocupaci\u00f3n del gremio por los recientes dict\u00e1menes de Contralor\u00eda y los descuentos arbitrarios aplicados tras el \u00faltimo paro docente.<\/p>\n\n\n\n<p>\u201cNo puedo dejar hoy d\u00eda de mencionar tambi\u00e9n lo que est\u00e1 pasando con la confianza leg\u00edtima y c\u00f3mo, a ra\u00edz de los dict\u00e1menes de la Contralor\u00eda, se ha puesto en duda, lo que raya en la vulnerabilidad que tienen hoy d\u00eda los trabajadores. Tambi\u00e9n lo que pas\u00f3 en el \u00faltimo paro que hicieron los profesores, en donde se mandat\u00f3 a que se descontara arbitrariamente. Estas luchas que hoy d\u00eda est\u00e1n dando los profesores no ser\u00edan posibles si no llevaran a\u00f1os en la calle peleando por sus derechos, y hoy d\u00eda adem\u00e1s se les pone un pie encima cuando hay huelga o paro\u201d, acus\u00f3 la parlamentaria y ex dirigente sindical.<\/p>\n\n\n\n<figure class=\"wp-block-image size-large\"><img loading=\"lazy\" decoding=\"async\" width=\"1024\" height=\"682\" src=\"https:\/\/www.rengoenlanoticia.cl\/prensa\/wp-content\/uploads\/2025\/10\/WhatsApp-Image-2025-10-28-at-10.33.30-1-1024x682.jpeg\" alt=\"\" class=\"wp-image-7326\" srcset=\"https:\/\/www.rengoenlanoticia.cl\/prensa\/wp-content\/uploads\/2025\/10\/WhatsApp-Image-2025-10-28-at-10.33.30-1-1024x682.jpeg 1024w, https:\/\/www.rengoenlanoticia.cl\/prensa\/wp-content\/uploads\/2025\/10\/WhatsApp-Image-2025-10-28-at-10.33.30-1-300x200.jpeg 300w, https:\/\/www.rengoenlanoticia.cl\/prensa\/wp-content\/uploads\/2025\/10\/WhatsApp-Image-2025-10-28-at-10.33.30-1-768x512.jpeg 768w, https:\/\/www.rengoenlanoticia.cl\/prensa\/wp-content\/uploads\/2025\/10\/WhatsApp-Image-2025-10-28-at-10.33.30-1-110x73.jpeg 110w, https:\/\/www.rengoenlanoticia.cl\/prensa\/wp-content\/uploads\/2025\/10\/WhatsApp-Image-2025-10-28-at-10.33.30-1-200x133.jpeg 200w, https:\/\/www.rengoenlanoticia.cl\/prensa\/wp-content\/uploads\/2025\/10\/WhatsApp-Image-2025-10-28-at-10.33.30-1-380x253.jpeg 380w, https:\/\/www.rengoenlanoticia.cl\/prensa\/wp-content\/uploads\/2025\/10\/WhatsApp-Image-2025-10-28-at-10.33.30-1-255x170.jpeg 255w, https:\/\/www.rengoenlanoticia.cl\/prensa\/wp-content\/uploads\/2025\/10\/WhatsApp-Image-2025-10-28-at-10.33.30-1-550x367.jpeg 550w, https:\/\/www.rengoenlanoticia.cl\/prensa\/wp-content\/uploads\/2025\/10\/WhatsApp-Image-2025-10-28-at-10.33.30-1-800x533.jpeg 800w, https:\/\/www.rengoenlanoticia.cl\/prensa\/wp-content\/uploads\/2025\/10\/WhatsApp-Image-2025-10-28-at-10.33.30-1-1160x773.jpeg 1160w, https:\/\/www.rengoenlanoticia.cl\/prensa\/wp-content\/uploads\/2025\/10\/WhatsApp-Image-2025-10-28-at-10.33.30-1.jpeg 1280w\" sizes=\"auto, (max-width: 1024px) 100vw, 1024px\" \/><\/figure>\n\n\n\n<p>Finalmente, la Diputada Marta Gonz\u00e1lez hizo un llamado a <strong>respetar los derechos laborales<\/strong> de las y los docentes, destacando el sentido profundo que tiene su lucha.<\/p>\n\n\n\n<p>\u201cQuiero hacer un llamado a la Contralor\u00eda a que no se vulneren los derechos laborales, porque ning\u00fan trabajador ni trabajadora realiza una huelga o un paro sin que existan situaciones de peso detr\u00e1s. Muchos de los profesores y profesoras, cuando est\u00e1n peleando por su dignidad, lo hacen tambi\u00e9n por las aulas, por las condiciones de trabajo y por los ni\u00f1os y ni\u00f1as de nuestro pa\u00eds. Son temas que debemos poner en el tapete de la opini\u00f3n p\u00fablica, especialmente ahora, cuando todos se ponen detr\u00e1s de los profesores.\u201d, cerr\u00f3 Gonz\u00e1lez.<\/p>\n\n\n\n<p>El proyecto de <strong>Titularidad Docente<\/strong> ahora pasa al <strong>Senado<\/strong>, donde continuar\u00e1 su tramitaci\u00f3n legislativa.<\/p>\n","protected":false},"excerpt":{"rendered":"La Diputada de la Regi\u00f3n de O\u2019Higgins Marta Gonz\u00e1lez (Distrito 15) valor\u00f3 la aprobaci\u00f3n en la C\u00e1mara de&hellip;\n","protected":false},"author":1,"featured_media":7328,"comment_status":"open","ping_status":"open","sticky":false,"template":"","format":"standard","meta":{"_monsterinsights_skip_tracking":false,"_monsterinsights_sitenote_active":false,"_monsterinsights_sitenote_note":"","_monsterinsights_sitenote_category":0,"footnotes":""},"categories":[8],"tags":[],"class_list":{"0":"post-7325","1":"post","2":"type-post","3":"status-publish","4":"format-standard","5":"has-post-thumbnail","7":"category-portada"},"aioseo_notices":[],"_links":{"self":[{"href":"https:\/\/www.rengoenlanoticia.cl\/prensa\/wp-json\/wp\/v2\/posts\/7325","targetHints":{"allow":["GET"]}}],"collection":[{"href":"https:\/\/www.rengoenlanoticia.cl\/prensa\/wp-json\/wp\/v2\/posts"}],"about":[{"href":"https:\/\/www.rengoenlanoticia.cl\/prensa\/wp-json\/wp\/v2\/types\/post"}],"author":[{"embeddable":true,"href":"https:\/\/www.rengoenlanoticia.cl\/prensa\/wp-json\/wp\/v2\/users\/1"}],"replies":[{"embeddable":true,"href":"https:\/\/www.rengoenlanoticia.cl\/prensa\/wp-json\/wp\/v2\/comments?post=7325"}],"version-history":[{"count":3,"href":"https:\/\/www.rengoenlanoticia.cl\/prensa\/wp-json\/wp\/v2\/posts\/7325\/revisions"}],"predecessor-version":[{"id":7331,"href":"https:\/\/www.rengoenlanoticia.cl\/prensa\/wp-json\/wp\/v2\/posts\/7325\/revisions\/7331"}],"wp:featuredmedia":[{"embeddable":true,"href":"https:\/\/www.rengoenlanoticia.cl\/prensa\/wp-json\/wp\/v2\/media\/7328"}],"wp:attachment":[{"href":"https:\/\/www.rengoenlanoticia.cl\/prensa\/wp-json\/wp\/v2\/media?parent=7325"}],"wp:term":[{"taxonomy":"category","embeddable":true,"href":"https:\/\/www.rengoenlanoticia.cl\/prensa\/wp-json\/wp\/v2\/categories?post=7325"},{"taxonomy":"post_tag","embeddable":true,"href":"https:\/\/www.rengoenlanoticia.cl\/prensa\/wp-json\/wp\/v2\/tags?post=7325"}],"curies":[{"name":"wp","href":"https:\/\/api.w.org\/{rel}","templated":true}]}}