{"id":7315,"date":"2025-10-28T10:14:01","date_gmt":"2025-10-28T10:14:01","guid":{"rendered":"https:\/\/www.rengoenlanoticia.cl\/prensa\/?p=7315"},"modified":"2025-10-28T10:15:17","modified_gmt":"2025-10-28T10:15:17","slug":"senador-juan-luis-castro-exige-una-politica-de-shock-ante-incertidumbre-por-tarifas-electricas","status":"publish","type":"post","link":"https:\/\/www.rengoenlanoticia.cl\/prensa\/2025\/10\/28\/senador-juan-luis-castro-exige-una-politica-de-shock-ante-incertidumbre-por-tarifas-electricas\/","title":{"rendered":"Senador Juan Luis Castro exige una pol\u00edtica de \u201cshock\u201d ante incertidumbre por tarifas el\u00e9ctricas"},"content":{"rendered":"\n<p><em>El parlamentario advirti\u00f3 que el alza en las cuentas de la luz sigue siendo una amenaza para las familias.<\/em><\/p>\n\n\n\n<p>Tras la sesi\u00f3n de la Comisi\u00f3n de Energ\u00eda y Miner\u00eda del Senado, en la que particip\u00f3 el ministro \u00c1lvaro Garc\u00eda para abordar los errores en el c\u00e1lculo de las tarifas el\u00e9ctricas, el senador Juan Luis Castro advirti\u00f3 que la incertidumbre respecto al valor de la electricidad sigue sin resolverse.<\/p>\n\n\n\n<p>\u201cEl panorama en materia de lo que es la tarifa el\u00e9ctrica tiene hoy d\u00eda un nuevo componente, que es un acuerdo al que lleg\u00f3 el Gobierno con las empresas para una restituci\u00f3n de dos mil pesos al mes por cada hogar, a contar de enero y por seis meses. Eso me parece que es un avance, pero no es la soluci\u00f3n\u201d, se\u00f1al\u00f3 el legislador.&nbsp;<\/p>\n\n\n\n<p>El senador explic\u00f3 que, pese a este alivio temporal, el valor final de la tarifa mantiene una tendencia al alza que preocupa a millones de hogares del pa\u00eds, especialmente en la regi\u00f3n de O\u2019Higgins.<\/p>\n\n\n\n<p>\u201cLa tarifa, o sea, el valor final, independiente de esta rebaja de dos mil pesos en la cuenta, naturalmente sigue una tendencia al alza, y eso es lo que obliga a tener una pol\u00edtica de shock, que todav\u00eda no se ve claramente mucho m\u00e1s n\u00edtida ante la ciudadan\u00eda\u201d, enfatiz\u00f3.<\/p>\n\n\n\n<p>Castro calific\u00f3 la situaci\u00f3n como \u201cun esc\u00e1ndalo de marca mayor\u201d, considerando que las familias contin\u00faan asumiendo los costos de errores en la estimaci\u00f3n y cobros indebidos por parte de las empresas el\u00e9ctricas.<\/p>\n\n\n\n<p>\u201cEsto ha sido un esc\u00e1ndalo de marca mayor. Nuestro esfuerzo estar\u00e1 puesto en defender a la gente de O\u2019Higgins, que adem\u00e1s ha sido directamente perjudicada por la pol\u00edtica de la Compa\u00f1\u00eda General de Electricidad. Durante junio, julio y agosto, esta empresa aplic\u00f3 estimaciones de consumo equivocadas que terminaron cobrando de m\u00e1s a las familias. Todo esto golpea con fuerza a nuestra regi\u00f3n, y eso es inaceptable\u201d.<\/p>\n\n\n\n<p>Finalmente, el integrante de la Comisi\u00f3n de Energ\u00eda y Miner\u00eda reafirm\u00f3 su compromiso de seguir impulsando acciones correctivas y de fiscalizaci\u00f3n para que se haga justicia con los consumidores.<\/p>\n\n\n\n<p>\u201cPor mi parte no voy a desfallecer hasta que lleguemos a una restauraci\u00f3n exacta de los montos de dinero, pero adem\u00e1s de los derechos de los consumidores, que son los que hoy d\u00eda est\u00e1n vulnerados\u201d, concluy\u00f3 el senador.<\/p>\n","protected":false},"excerpt":{"rendered":"El parlamentario advirti\u00f3 que el alza en las cuentas de la luz sigue siendo una amenaza para las&hellip;\n","protected":false},"author":1,"featured_media":7316,"comment_status":"open","ping_status":"open","sticky":false,"template":"","format":"standard","meta":{"_monsterinsights_skip_tracking":false,"_monsterinsights_sitenote_active":false,"_monsterinsights_sitenote_note":"","_monsterinsights_sitenote_category":0,"footnotes":""},"categories":[11,8],"tags":[],"class_list":{"0":"post-7315","1":"post","2":"type-post","3":"status-publish","4":"format-standard","5":"has-post-thumbnail","7":"category-politica","8":"category-portada"},"aioseo_notices":[],"_links":{"self":[{"href":"https:\/\/www.rengoenlanoticia.cl\/prensa\/wp-json\/wp\/v2\/posts\/7315","targetHints":{"allow":["GET"]}}],"collection":[{"href":"https:\/\/www.rengoenlanoticia.cl\/prensa\/wp-json\/wp\/v2\/posts"}],"about":[{"href":"https:\/\/www.rengoenlanoticia.cl\/prensa\/wp-json\/wp\/v2\/types\/post"}],"author":[{"embeddable":true,"href":"https:\/\/www.rengoenlanoticia.cl\/prensa\/wp-json\/wp\/v2\/users\/1"}],"replies":[{"embeddable":true,"href":"https:\/\/www.rengoenlanoticia.cl\/prensa\/wp-json\/wp\/v2\/comments?post=7315"}],"version-history":[{"count":3,"href":"https:\/\/www.rengoenlanoticia.cl\/prensa\/wp-json\/wp\/v2\/posts\/7315\/revisions"}],"predecessor-version":[{"id":7319,"href":"https:\/\/www.rengoenlanoticia.cl\/prensa\/wp-json\/wp\/v2\/posts\/7315\/revisions\/7319"}],"wp:featuredmedia":[{"embeddable":true,"href":"https:\/\/www.rengoenlanoticia.cl\/prensa\/wp-json\/wp\/v2\/media\/7316"}],"wp:attachment":[{"href":"https:\/\/www.rengoenlanoticia.cl\/prensa\/wp-json\/wp\/v2\/media?parent=7315"}],"wp:term":[{"taxonomy":"category","embeddable":true,"href":"https:\/\/www.rengoenlanoticia.cl\/prensa\/wp-json\/wp\/v2\/categories?post=7315"},{"taxonomy":"post_tag","embeddable":true,"href":"https:\/\/www.rengoenlanoticia.cl\/prensa\/wp-json\/wp\/v2\/tags?post=7315"}],"curies":[{"name":"wp","href":"https:\/\/api.w.org\/{rel}","templated":true}]}}