{"id":7284,"date":"2025-10-28T09:49:56","date_gmt":"2025-10-28T09:49:56","guid":{"rendered":"https:\/\/www.rengoenlanoticia.cl\/prensa\/?p=7284"},"modified":"2025-10-28T09:58:09","modified_gmt":"2025-10-28T09:58:09","slug":"plan-de-emergencia-habitacional-minvu-ohiggins-entrega-dos-conjuntos-emblematicos-en-quinta-de-tilcoco-y-rengo","status":"publish","type":"post","link":"https:\/\/www.rengoenlanoticia.cl\/prensa\/2025\/10\/28\/plan-de-emergencia-habitacional-minvu-ohiggins-entrega-dos-conjuntos-emblematicos-en-quinta-de-tilcoco-y-rengo\/","title":{"rendered":"Plan de Emergencia Habitacional: Minvu O\u2019Higgins entrega dos conjuntos emblem\u00e1ticos en Quinta de Tilcoco y Rengo"},"content":{"rendered":"\n<p><em>&#8211;<\/em>&nbsp;<em>Regi\u00f3n suma m\u00e1s de 520 viviendas entregadas en octubre, destacando la primera entrega masiva de viviendas industrializadas en O\u2019Higgins en Villa Los Jardines, para 150 familias.<\/em><\/p>\n\n\n\n<p>Durante la jornada del viernes 24 de octubre, el Ministerio de Vivienda y Urbanismo de la Regi\u00f3n de O\u2019Higgins realiz\u00f3 la entrega de dos proyectos emblem\u00e1ticos del Plan de Emergencia Habitacional, que marcan hitos significativos en la gesti\u00f3n habitacional regional. Se trata de Villa Los Jardines, en Quinta de Tilcoco, primer conjunto masivo de viviendas industrializadas en O\u2019Higgins, y Villa Las Mar\u00edas, en Rengo, que benefici\u00f3 a 64 familias que esperaron d\u00e9cadas por concretar su proyecto habitacional.<\/p>\n\n\n\n<p>Con estas entregas, el Plan de Emergencia Habitacional del Minvu O\u2019Higgins alcanz\u00f3 en octubre m\u00e1s de 520 viviendas entregadas en las comunas de Rancagua, Machal\u00ed, Rengo y Quinta de Tilcoco, lo que representa un importante avance en la meta regional de 14.667 viviendas comprometidas de aqu\u00ed a marzo de 2026, de las cuales m\u00e1s de 13 mil ya han sido entregadas o se encuentran terminadas.<\/p>\n\n\n\n<p><strong>Vivienda industrializada: un nuevo est\u00e1ndar en Quinta de Tilcoco<\/strong><\/p>\n\n\n\n<figure class=\"wp-block-image size-full\"><img loading=\"lazy\" decoding=\"async\" width=\"1024\" height=\"576\" src=\"https:\/\/www.rengoenlanoticia.cl\/prensa\/wp-content\/uploads\/2025\/10\/Jardines5.jpg\" alt=\"\" class=\"wp-image-7289\" srcset=\"https:\/\/www.rengoenlanoticia.cl\/prensa\/wp-content\/uploads\/2025\/10\/Jardines5.jpg 1024w, https:\/\/www.rengoenlanoticia.cl\/prensa\/wp-content\/uploads\/2025\/10\/Jardines5-300x169.jpg 300w, https:\/\/www.rengoenlanoticia.cl\/prensa\/wp-content\/uploads\/2025\/10\/Jardines5-768x432.jpg 768w, https:\/\/www.rengoenlanoticia.cl\/prensa\/wp-content\/uploads\/2025\/10\/Jardines5-110x62.jpg 110w, https:\/\/www.rengoenlanoticia.cl\/prensa\/wp-content\/uploads\/2025\/10\/Jardines5-200x113.jpg 200w, https:\/\/www.rengoenlanoticia.cl\/prensa\/wp-content\/uploads\/2025\/10\/Jardines5-380x214.jpg 380w, https:\/\/www.rengoenlanoticia.cl\/prensa\/wp-content\/uploads\/2025\/10\/Jardines5-255x143.jpg 255w, https:\/\/www.rengoenlanoticia.cl\/prensa\/wp-content\/uploads\/2025\/10\/Jardines5-550x309.jpg 550w, https:\/\/www.rengoenlanoticia.cl\/prensa\/wp-content\/uploads\/2025\/10\/Jardines5-800x450.jpg 800w\" sizes=\"auto, (max-width: 1024px) 100vw, 1024px\" \/><\/figure>\n\n\n\n<p>El Comit\u00e9 Habitacional Los Jardines naci\u00f3 de la uni\u00f3n de cinco organizaciones hist\u00f3ricas de la comuna \u2014Feyentuneyin, Nueva Esperanza, Violeta Parra, Elo\u00edsa D\u00edaz y Nueva Luna\u2014 que compartieron por a\u00f1os el mismo anhelo: acceder a una vivienda digna. Gracias al acompa\u00f1amiento del Serviu O\u2019Higgins, las familias optaron por la modalidad de vivienda industrializada, luego de conocer experiencias exitosas en otras regiones del pa\u00eds.<\/p>\n\n\n\n<p>Las obras iniciaron en diciembre de 2024 y, pese a tener un plazo contractual de 20 meses, se concretaron en solo 10, destacando la eficiencia del proceso constructivo. El conjunto contempla siete tipolog\u00edas de viviendas, desarrolladas a partir de cinco modelos base, con superficies que var\u00edan entre 52 y 71 m\u00b2, todas dise\u00f1adas bajo criterios de accesibilidad universal y adaptaciones para familias con integrantes con discapacidad.<\/p>\n\n\n\n<figure class=\"wp-block-image size-full\"><img loading=\"lazy\" decoding=\"async\" width=\"1024\" height=\"576\" src=\"https:\/\/www.rengoenlanoticia.cl\/prensa\/wp-content\/uploads\/2025\/10\/Jardines2.jpg\" alt=\"\" class=\"wp-image-7290\" srcset=\"https:\/\/www.rengoenlanoticia.cl\/prensa\/wp-content\/uploads\/2025\/10\/Jardines2.jpg 1024w, https:\/\/www.rengoenlanoticia.cl\/prensa\/wp-content\/uploads\/2025\/10\/Jardines2-300x169.jpg 300w, https:\/\/www.rengoenlanoticia.cl\/prensa\/wp-content\/uploads\/2025\/10\/Jardines2-768x432.jpg 768w, https:\/\/www.rengoenlanoticia.cl\/prensa\/wp-content\/uploads\/2025\/10\/Jardines2-110x62.jpg 110w, https:\/\/www.rengoenlanoticia.cl\/prensa\/wp-content\/uploads\/2025\/10\/Jardines2-200x113.jpg 200w, https:\/\/www.rengoenlanoticia.cl\/prensa\/wp-content\/uploads\/2025\/10\/Jardines2-380x214.jpg 380w, https:\/\/www.rengoenlanoticia.cl\/prensa\/wp-content\/uploads\/2025\/10\/Jardines2-255x143.jpg 255w, https:\/\/www.rengoenlanoticia.cl\/prensa\/wp-content\/uploads\/2025\/10\/Jardines2-550x309.jpg 550w, https:\/\/www.rengoenlanoticia.cl\/prensa\/wp-content\/uploads\/2025\/10\/Jardines2-800x450.jpg 800w\" sizes=\"auto, (max-width: 1024px) 100vw, 1024px\" \/><\/figure>\n\n\n\n<p>\u201cHa sido fundamental traer la vivienda industrializada para acelerar los procesos. Este es el primer conjunto masivo de su tipo en la regi\u00f3n, con 150 viviendas completas, urbanizaci\u00f3n, accesibilidad y un est\u00e1ndar que marca un antes y un despu\u00e9s en la pol\u00edtica habitacional. Todo se hizo en tiempo r\u00e9cord, menos de un a\u00f1o desde el inicio de obras, algo in\u00e9dito en la historia del Minvu en O\u2019Higgins\u201d, destac\u00f3 el seremi de Vivienda y Urbanismo, Luis Barboza.<\/p>\n\n\n\n<p>Desde el \u00e1mbito t\u00e9cnico, Marcelo Soto, jefe del Departamento de Tecnolog\u00edas de la Construcci\u00f3n del Minvu, destac\u00f3 el impacto estructural del modelo, explicando que \u201cla industrializaci\u00f3n mejora la calidad, reduce los residuos de obra y acelera la entrega. Es m\u00e1s sustentable y eficiente energ\u00e9ticamente. O\u2019Higgins ha sido una de las regiones pioneras en impulsar este enfoque, con un equipo regional comprometido que ha permitido avanzar en la implementaci\u00f3n de este tipo de soluciones\u201d.<\/p>\n\n\n\n<figure class=\"wp-block-image size-full\"><img loading=\"lazy\" decoding=\"async\" width=\"1024\" height=\"576\" src=\"https:\/\/www.rengoenlanoticia.cl\/prensa\/wp-content\/uploads\/2025\/10\/Jardines1.jpg\" alt=\"\" class=\"wp-image-7291\" srcset=\"https:\/\/www.rengoenlanoticia.cl\/prensa\/wp-content\/uploads\/2025\/10\/Jardines1.jpg 1024w, https:\/\/www.rengoenlanoticia.cl\/prensa\/wp-content\/uploads\/2025\/10\/Jardines1-300x169.jpg 300w, https:\/\/www.rengoenlanoticia.cl\/prensa\/wp-content\/uploads\/2025\/10\/Jardines1-768x432.jpg 768w, https:\/\/www.rengoenlanoticia.cl\/prensa\/wp-content\/uploads\/2025\/10\/Jardines1-110x62.jpg 110w, https:\/\/www.rengoenlanoticia.cl\/prensa\/wp-content\/uploads\/2025\/10\/Jardines1-200x113.jpg 200w, https:\/\/www.rengoenlanoticia.cl\/prensa\/wp-content\/uploads\/2025\/10\/Jardines1-380x214.jpg 380w, https:\/\/www.rengoenlanoticia.cl\/prensa\/wp-content\/uploads\/2025\/10\/Jardines1-255x143.jpg 255w, https:\/\/www.rengoenlanoticia.cl\/prensa\/wp-content\/uploads\/2025\/10\/Jardines1-550x309.jpg 550w, https:\/\/www.rengoenlanoticia.cl\/prensa\/wp-content\/uploads\/2025\/10\/Jardines1-800x450.jpg 800w\" sizes=\"auto, (max-width: 1024px) 100vw, 1024px\" \/><\/figure>\n\n\n\n<p>El alcalde de Quinta de Tilcoco, Sebasti\u00e1n Rodr\u00edguez, celebr\u00f3 la experiencia comunal. \u201cSon 150 familias que reciben su casa en un proyecto muy r\u00e1pido, el m\u00e1s veloz que he visto en mi vida como funcionario p\u00fablico. Hoy somos un ejemplo para otras comunas, y esperamos que este tipo de iniciativas sigan desarroll\u00e1ndose aqu\u00ed\u201d, sostuvo tras la ceremonia.<\/p>\n\n\n\n<p>Para Daniela Vald\u00e9s, presidenta del comit\u00e9, el momento fue profundamente simb\u00f3lico. \u201cHoy es una mezcla de emociones. Este d\u00eda parec\u00eda lejano, y verlo llegar tan r\u00e1pido nos llena de orgullo y gratitud hacia todas las personas e instituciones que nos acompa\u00f1aron desde el primer d\u00eda\u201d, coment\u00f3.<\/p>\n\n\n\n<figure class=\"wp-block-image size-full\"><img loading=\"lazy\" decoding=\"async\" width=\"1024\" height=\"576\" src=\"https:\/\/www.rengoenlanoticia.cl\/prensa\/wp-content\/uploads\/2025\/10\/Marias2.jpg\" alt=\"\" class=\"wp-image-7286\" srcset=\"https:\/\/www.rengoenlanoticia.cl\/prensa\/wp-content\/uploads\/2025\/10\/Marias2.jpg 1024w, https:\/\/www.rengoenlanoticia.cl\/prensa\/wp-content\/uploads\/2025\/10\/Marias2-300x169.jpg 300w, https:\/\/www.rengoenlanoticia.cl\/prensa\/wp-content\/uploads\/2025\/10\/Marias2-768x432.jpg 768w, https:\/\/www.rengoenlanoticia.cl\/prensa\/wp-content\/uploads\/2025\/10\/Marias2-110x62.jpg 110w, https:\/\/www.rengoenlanoticia.cl\/prensa\/wp-content\/uploads\/2025\/10\/Marias2-200x113.jpg 200w, https:\/\/www.rengoenlanoticia.cl\/prensa\/wp-content\/uploads\/2025\/10\/Marias2-380x214.jpg 380w, https:\/\/www.rengoenlanoticia.cl\/prensa\/wp-content\/uploads\/2025\/10\/Marias2-255x143.jpg 255w, https:\/\/www.rengoenlanoticia.cl\/prensa\/wp-content\/uploads\/2025\/10\/Marias2-550x309.jpg 550w, https:\/\/www.rengoenlanoticia.cl\/prensa\/wp-content\/uploads\/2025\/10\/Marias2-800x450.jpg 800w\" sizes=\"auto, (max-width: 1024px) 100vw, 1024px\" \/><\/figure>\n\n\n\n<p><strong>Rengo: una historia de perseverancia y comunidad<\/strong><\/p>\n\n\n\n<p>En la comuna de Rengo, 64 familias del Comit\u00e9 Mi Casa recibieron las llaves de las tres primeras etapas de Villa Mar\u00edas, un conjunto habitacional construido con altos est\u00e1ndares de calidad y seguridad. Cada vivienda de dos pisos cuenta con 59,3 m\u00b2, estructura de hormig\u00f3n armado, muros cortafuegos, techumbre de zinc alum y una distribuci\u00f3n arm\u00f3nica que responde a las necesidades de las familias, en terrenos bien ubicados y comprometidos por el Serviu para este prop\u00f3sito.<\/p>\n\n\n\n<p>La presidenta del comit\u00e9, Mar\u00eda Ang\u00e9lica Vergara Reyes, resumi\u00f3 con emoci\u00f3n el cierre de un largo proceso: \u201cFeliz, feliz porque lo logr\u00e9. Fueron veinte a\u00f1os de lucha, muchos se quedaron en el camino, pero hoy podemos decir que tenemos nuestras casas. El proyecto es precioso, seguro para los ni\u00f1os, y vamos a ser la envidia de Rengo\u201d.<\/p>\n\n\n\n<figure class=\"wp-block-image size-full\"><img loading=\"lazy\" decoding=\"async\" width=\"1024\" height=\"576\" src=\"https:\/\/www.rengoenlanoticia.cl\/prensa\/wp-content\/uploads\/2025\/10\/Marias3.jpg\" alt=\"\" class=\"wp-image-7287\" srcset=\"https:\/\/www.rengoenlanoticia.cl\/prensa\/wp-content\/uploads\/2025\/10\/Marias3.jpg 1024w, https:\/\/www.rengoenlanoticia.cl\/prensa\/wp-content\/uploads\/2025\/10\/Marias3-300x169.jpg 300w, https:\/\/www.rengoenlanoticia.cl\/prensa\/wp-content\/uploads\/2025\/10\/Marias3-768x432.jpg 768w, https:\/\/www.rengoenlanoticia.cl\/prensa\/wp-content\/uploads\/2025\/10\/Marias3-110x62.jpg 110w, https:\/\/www.rengoenlanoticia.cl\/prensa\/wp-content\/uploads\/2025\/10\/Marias3-200x113.jpg 200w, https:\/\/www.rengoenlanoticia.cl\/prensa\/wp-content\/uploads\/2025\/10\/Marias3-380x214.jpg 380w, https:\/\/www.rengoenlanoticia.cl\/prensa\/wp-content\/uploads\/2025\/10\/Marias3-255x143.jpg 255w, https:\/\/www.rengoenlanoticia.cl\/prensa\/wp-content\/uploads\/2025\/10\/Marias3-550x309.jpg 550w, https:\/\/www.rengoenlanoticia.cl\/prensa\/wp-content\/uploads\/2025\/10\/Marias3-800x450.jpg 800w\" sizes=\"auto, (max-width: 1024px) 100vw, 1024px\" \/><\/figure>\n\n\n\n<p>El director regional de Serviu O\u2019Higgins, Omar Guti\u00e9rrez, destac\u00f3 que este es un nuevo ejemplo del aumento del 35% en la gesti\u00f3n habitacional regional, subrayando que tanto Villa Las Mar\u00edas como Villa Los Jardines comenzaron y cerraron durante esta administraci\u00f3n, consolidando un avance sin precedentes en la entrega de soluciones habitacionales.<\/p>\n\n\n\n<p>Finalmente, Marcelo Fuentes, jefe de Gabinete de la Municipalidad de Rengo, expres\u00f3 el compromiso local con este tipo de soluciones, resaltando que \u201cvemos un proyecto integral, los primeros micro condominios que se entregan en la regi\u00f3n. El alcalde Enrique del Barrio nos ha pedido apoyar esta nueva l\u00ednea del Gobierno, que busca conjuntos m\u00e1s arm\u00f3nicos y con una vida comunitaria m\u00e1s tranquila. Hoy son 64 familias las que inician una nueva etapa, y esperamos seguir aportando a resolver el d\u00e9ficit habitacional\u201d<\/p>\n","protected":false},"excerpt":{"rendered":"&#8211;&nbsp;Regi\u00f3n suma m\u00e1s de 520 viviendas entregadas en octubre, destacando la primera entrega masiva de viviendas industrializadas en&hellip;\n","protected":false},"author":1,"featured_media":7288,"comment_status":"open","ping_status":"open","sticky":false,"template":"","format":"standard","meta":{"_monsterinsights_skip_tracking":false,"_monsterinsights_sitenote_active":false,"_monsterinsights_sitenote_note":"","_monsterinsights_sitenote_category":0,"footnotes":""},"categories":[8],"tags":[],"class_list":{"0":"post-7284","1":"post","2":"type-post","3":"status-publish","4":"format-standard","5":"has-post-thumbnail","7":"category-portada"},"aioseo_notices":[],"_links":{"self":[{"href":"https:\/\/www.rengoenlanoticia.cl\/prensa\/wp-json\/wp\/v2\/posts\/7284","targetHints":{"allow":["GET"]}}],"collection":[{"href":"https:\/\/www.rengoenlanoticia.cl\/prensa\/wp-json\/wp\/v2\/posts"}],"about":[{"href":"https:\/\/www.rengoenlanoticia.cl\/prensa\/wp-json\/wp\/v2\/types\/post"}],"author":[{"embeddable":true,"href":"https:\/\/www.rengoenlanoticia.cl\/prensa\/wp-json\/wp\/v2\/users\/1"}],"replies":[{"embeddable":true,"href":"https:\/\/www.rengoenlanoticia.cl\/prensa\/wp-json\/wp\/v2\/comments?post=7284"}],"version-history":[{"count":3,"href":"https:\/\/www.rengoenlanoticia.cl\/prensa\/wp-json\/wp\/v2\/posts\/7284\/revisions"}],"predecessor-version":[{"id":7312,"href":"https:\/\/www.rengoenlanoticia.cl\/prensa\/wp-json\/wp\/v2\/posts\/7284\/revisions\/7312"}],"wp:featuredmedia":[{"embeddable":true,"href":"https:\/\/www.rengoenlanoticia.cl\/prensa\/wp-json\/wp\/v2\/media\/7288"}],"wp:attachment":[{"href":"https:\/\/www.rengoenlanoticia.cl\/prensa\/wp-json\/wp\/v2\/media?parent=7284"}],"wp:term":[{"taxonomy":"category","embeddable":true,"href":"https:\/\/www.rengoenlanoticia.cl\/prensa\/wp-json\/wp\/v2\/categories?post=7284"},{"taxonomy":"post_tag","embeddable":true,"href":"https:\/\/www.rengoenlanoticia.cl\/prensa\/wp-json\/wp\/v2\/tags?post=7284"}],"curies":[{"name":"wp","href":"https:\/\/api.w.org\/{rel}","templated":true}]}}