{"id":7283,"date":"2025-10-28T09:51:04","date_gmt":"2025-10-28T09:51:04","guid":{"rendered":"https:\/\/www.rengoenlanoticia.cl\/prensa\/?p=7283"},"modified":"2025-10-28T09:58:02","modified_gmt":"2025-10-28T09:58:02","slug":"unidad-de-cuidados-paliativos-del-hospital-de-rengo-mas-alla-del-alivio-del-dolor","status":"publish","type":"post","link":"https:\/\/www.rengoenlanoticia.cl\/prensa\/2025\/10\/28\/unidad-de-cuidados-paliativos-del-hospital-de-rengo-mas-alla-del-alivio-del-dolor\/","title":{"rendered":"Unidad de Cuidados Paliativos del Hospital de Rengo: M\u00e1s all\u00e1 del alivio del dolor"},"content":{"rendered":"\n<p>\u00b7\u00a0La Unidad brinda apoyo f\u00edsico, emocional y espiritual a pacientes y familias, reafirmando el compromiso del establecimiento con una atenci\u00f3n digna y humana.<\/p>\n\n\n\n<p> En el Hospital Ricardo Valenzuela S\u00e1ez de Rengo funciona la Unidad de Cuidados Paliativos, cuyo trabajo trasciende el alivio del dolor f\u00edsico para brindar una atenci\u00f3n integral y humana a pacientes y sus familias Este equipo multidisciplinario, integrado por m\u00e9dicas, enfermeras, TENS, kinesi\u00f3logo, terapeuta ocupacional, qu\u00edmico farmac\u00e9utico y psic\u00f3loga, ofrece control de s\u00edntomas, apoyo emocional y familiar, informaci\u00f3n clara sobre la enfermedad y orientaci\u00f3n en tr\u00e1mites y recursos disponibles.<\/p>\n\n\n\n<p>Con un enfoque basado en la dignidad, la cercan\u00eda y el respeto, la Unidad promueve la planificaci\u00f3n conjunta de los tratamientos seg\u00fan los valores y deseos de cada paciente, generando tambi\u00e9n espacios de encuentro y apoyo entre pares. As\u00ed, reafirma el compromiso del hospital con un acompa\u00f1amiento compasivo en cada etapa del proceso.<\/p>\n\n\n\n<p><strong>Un compromiso institucional con la dignidad y la humanidad<\/strong><\/p>\n\n\n\n<p>La directora del Hospital Ricardo Valenzuela S\u00e1ez de Rengo, Margarita Yercic Bravo, destac\u00f3 que \u201cestamos profundamente comprometidos con brindar una atenci\u00f3n integral y humana a nuestros pacientes, especialmente a quienes se encuentran en etapa de fin de vida. La Unidad de Cuidados Paliativos cumple un rol fundamental, porque no s\u00f3lo alivia el dolor f\u00edsico, sino que tambi\u00e9n entrega acompa\u00f1amiento emocional y apoyo a las familias. Nuestro objetivo es que cada paciente reciba una atenci\u00f3n digna, cercana y continua, que le permita transitar este proceso con calidad de vida y contenci\u00f3n\u201d.<\/p>\n\n\n\n<p><strong>Un equipo que acompa\u00f1a con calidez y profesionalismo<\/strong><\/p>\n\n\n\n<p>Por su parte, la jefa de la Unidad de Cuidados Paliativos, Dra. Camila Olivares, explic\u00f3 que \u201cestas unidades se crean a partir de la Ley GES para acompa\u00f1ar integralmente a pacientes con enfermedades terminales o graves. Inicialmente solo se inclu\u00edan los casos oncol\u00f3gicos, pero desde 2021 tambi\u00e9n se atienden patolog\u00edas no oncol\u00f3gicas. Nuestro prop\u00f3sito es acompa\u00f1ar a los pacientes y sus familias en este trance, brindando apoyo sintom\u00e1tico, orientaci\u00f3n, ayuda en la toma de decisiones y contenci\u00f3n en sus necesidades sociales, espirituales y psicol\u00f3gicas\u201d.<\/p>\n\n\n\n<p><strong>Voces de quienes recibieron el acompa\u00f1amiento<\/strong><\/p>\n\n\n\n<p>Desde Rinconada de Guacarhue en la comuna de Quinta de Tilcoco,&nbsp;<strong>Mar\u00eda Cristina Torres<\/strong>, nuera del paciente Luis N\u00fa\u00f1ez expres\u00f3 que \u201cme parece s\u00faper bien el equipo de paliativos, porque don Luis es una persona que necesita mucha preocupaci\u00f3n. Desde que ingres\u00f3 al Hospital de Rengo, el apoyo ha sido incondicional. Est\u00e1n siempre pendientes de \u00e9l. Todo ha sido un gran gesto de agradecimiento, porque nunca me lo esper\u00e9. Me emociona ver que personas que est\u00e1n solas puedan tener este tipo de apoyo tan grande\u201d.<\/p>\n\n\n\n<figure class=\"wp-block-image size-large\"><img loading=\"lazy\" decoding=\"async\" width=\"1024\" height=\"576\" src=\"https:\/\/www.rengoenlanoticia.cl\/prensa\/wp-content\/uploads\/2025\/10\/Luis-Nunez-1024x576.jpeg\" alt=\"\" class=\"wp-image-7299\" srcset=\"https:\/\/www.rengoenlanoticia.cl\/prensa\/wp-content\/uploads\/2025\/10\/Luis-Nunez-1024x576.jpeg 1024w, https:\/\/www.rengoenlanoticia.cl\/prensa\/wp-content\/uploads\/2025\/10\/Luis-Nunez-300x169.jpeg 300w, https:\/\/www.rengoenlanoticia.cl\/prensa\/wp-content\/uploads\/2025\/10\/Luis-Nunez-768x432.jpeg 768w, https:\/\/www.rengoenlanoticia.cl\/prensa\/wp-content\/uploads\/2025\/10\/Luis-Nunez-110x62.jpeg 110w, https:\/\/www.rengoenlanoticia.cl\/prensa\/wp-content\/uploads\/2025\/10\/Luis-Nunez-200x113.jpeg 200w, https:\/\/www.rengoenlanoticia.cl\/prensa\/wp-content\/uploads\/2025\/10\/Luis-Nunez-380x214.jpeg 380w, https:\/\/www.rengoenlanoticia.cl\/prensa\/wp-content\/uploads\/2025\/10\/Luis-Nunez-255x143.jpeg 255w, https:\/\/www.rengoenlanoticia.cl\/prensa\/wp-content\/uploads\/2025\/10\/Luis-Nunez-550x309.jpeg 550w, https:\/\/www.rengoenlanoticia.cl\/prensa\/wp-content\/uploads\/2025\/10\/Luis-Nunez-800x450.jpeg 800w, https:\/\/www.rengoenlanoticia.cl\/prensa\/wp-content\/uploads\/2025\/10\/Luis-Nunez-1160x653.jpeg 1160w, https:\/\/www.rengoenlanoticia.cl\/prensa\/wp-content\/uploads\/2025\/10\/Luis-Nunez.jpeg 1280w\" sizes=\"auto, (max-width: 1024px) 100vw, 1024px\" \/><\/figure>\n\n\n\n<p>Asimismo, Bernarda del Carmen Pe\u00f1a Palominos, paciente del sector de Caracoles, comuna de Malloa, coment\u00f3: \u201cno conoc\u00eda este sistema, pero desde que partieron me sent\u00ed muy acompa\u00f1ada y muy dispuesta a ayudarme en mi malestar. Es un equipo muy humano. Vivo con mi hija y su familia, y tambi\u00e9n me acompa\u00f1an mis hermanas; me siento muy agradecida del apoyo que me entregan\u201d.<\/p>\n\n\n\n<p>Su hija, Giovanna Hern\u00e1ndez Pe\u00f1a, agreg\u00f3: \u201cno conoc\u00edamos la Unidad de Cuidados Paliativos; llegamos porque un doctor de urgencia nos dijo que la enfermedad de mi madre iba muy r\u00e1pido y que ten\u00edamos que recurrir a Cuidados Paliativos. Ha sido una atenci\u00f3n excelente: vinieron el mismo d\u00eda que consultamos a acompa\u00f1arnos y de verdad, son todos un amor. Nos han ayudado en este proceso que es bien dif\u00edcil, pero nos sentimos s\u00faper acompa\u00f1ados, porque cualquier duda que tenemos podemos llamarlos por tel\u00e9fono, lo cual es una gran ayuda para saber c\u00f3mo actuar frente a una crisis de dolor. Espectacular, todo un7\u201d.<\/p>\n\n\n\n<p><strong>Un homenaje desde la gratitud<\/strong><\/p>\n\n\n\n<p>Al cierre de esta nota, la paciente Bernarda del Carmen Pe\u00f1a Palominos falleci\u00f3. Con el consentimiento informado de su familia, el Hospital Ricardo Valenzuela S\u00e1ez de Rengo publica su testimonio como reconocimiento a su vida y al compromiso del equipo de Cuidados Paliativos, que la acompa\u00f1\u00f3 con humanidad y respeto hasta el final.<\/p>\n","protected":false},"excerpt":{"rendered":"\u00b7\u00a0La Unidad brinda apoyo f\u00edsico, emocional y espiritual a pacientes y familias, reafirmando el compromiso del establecimiento con&hellip;\n","protected":false},"author":1,"featured_media":7298,"comment_status":"open","ping_status":"open","sticky":false,"template":"","format":"standard","meta":{"_monsterinsights_skip_tracking":false,"_monsterinsights_sitenote_active":false,"_monsterinsights_sitenote_note":"","_monsterinsights_sitenote_category":0,"footnotes":""},"categories":[8],"tags":[],"class_list":{"0":"post-7283","1":"post","2":"type-post","3":"status-publish","4":"format-standard","5":"has-post-thumbnail","7":"category-portada"},"aioseo_notices":[],"_links":{"self":[{"href":"https:\/\/www.rengoenlanoticia.cl\/prensa\/wp-json\/wp\/v2\/posts\/7283","targetHints":{"allow":["GET"]}}],"collection":[{"href":"https:\/\/www.rengoenlanoticia.cl\/prensa\/wp-json\/wp\/v2\/posts"}],"about":[{"href":"https:\/\/www.rengoenlanoticia.cl\/prensa\/wp-json\/wp\/v2\/types\/post"}],"author":[{"embeddable":true,"href":"https:\/\/www.rengoenlanoticia.cl\/prensa\/wp-json\/wp\/v2\/users\/1"}],"replies":[{"embeddable":true,"href":"https:\/\/www.rengoenlanoticia.cl\/prensa\/wp-json\/wp\/v2\/comments?post=7283"}],"version-history":[{"count":3,"href":"https:\/\/www.rengoenlanoticia.cl\/prensa\/wp-json\/wp\/v2\/posts\/7283\/revisions"}],"predecessor-version":[{"id":7311,"href":"https:\/\/www.rengoenlanoticia.cl\/prensa\/wp-json\/wp\/v2\/posts\/7283\/revisions\/7311"}],"wp:featuredmedia":[{"embeddable":true,"href":"https:\/\/www.rengoenlanoticia.cl\/prensa\/wp-json\/wp\/v2\/media\/7298"}],"wp:attachment":[{"href":"https:\/\/www.rengoenlanoticia.cl\/prensa\/wp-json\/wp\/v2\/media?parent=7283"}],"wp:term":[{"taxonomy":"category","embeddable":true,"href":"https:\/\/www.rengoenlanoticia.cl\/prensa\/wp-json\/wp\/v2\/categories?post=7283"},{"taxonomy":"post_tag","embeddable":true,"href":"https:\/\/www.rengoenlanoticia.cl\/prensa\/wp-json\/wp\/v2\/tags?post=7283"}],"curies":[{"name":"wp","href":"https:\/\/api.w.org\/{rel}","templated":true}]}}