{"id":7282,"date":"2025-10-28T09:45:40","date_gmt":"2025-10-28T09:45:40","guid":{"rendered":"https:\/\/www.rengoenlanoticia.cl\/prensa\/?p=7282"},"modified":"2025-10-28T09:59:48","modified_gmt":"2025-10-28T09:59:48","slug":"incremento-de-la-pgu-en-ohiggins-20-454-personas-ya-recibieron-el-aumento-estipulado-en-la-reforma-de-pensiones","status":"publish","type":"post","link":"https:\/\/www.rengoenlanoticia.cl\/prensa\/2025\/10\/28\/incremento-de-la-pgu-en-ohiggins-20-454-personas-ya-recibieron-el-aumento-estipulado-en-la-reforma-de-pensiones\/","title":{"rendered":"Incremento de la PGU en O\u2019Higgins: 20.454 personas ya recibieron el aumento estipulado en la Reforma de Pensiones"},"content":{"rendered":"\n<p><a><\/a><strong><em>Durante septiembre, a nivel nacional, el IPS ChileAtiende entreg\u00f3 a cerca de 391 mil personas de 82 a\u00f1os y m\u00e1s el incremento de la Pensi\u00f3n Garantizada Universal, gracias a la Reforma de Pensiones, contemplada en la Ley N\u00b0 21.735.<\/em><\/strong><\/p>\n\n\n\n<p><a>En un desayuno con personas beneficiarias del aumento de la Pensi\u00f3n Garantizada Universal, el Delegado Presidencial de O\u2019Higgins, Fabio L\u00f3pez, junto al SEREMI del Trabajo y Previsi\u00f3n Social, Jaime Chamorro, y el Director Regional del IPS ChileAtiende, Cristian Cerda,&nbsp;<\/a>hicieron un balance del proceso de pago del incremento de la PGU a $250.000 para personas de 82 a\u00f1os o m\u00e1s, beneficiando a&nbsp;<strong>20.454 pensionadas y pensionados en la Regi\u00f3n.<\/strong><\/p>\n\n\n\n<p>Los pr\u00f3ximos incrementos de la Pensi\u00f3n Garantizada Universal se realizar\u00e1n en septiembre de 2026 para las personas de 75 a\u00f1os y m\u00e1s; y, en septiembre de 2027, para quienes tengan 65 a\u00f1os en adelante.<\/p>\n\n\n\n<p>En la actividad,el Delegado Presidencial de O\u2019Higgins, Fabio L\u00f3pez, sostuvo:&nbsp;<em>\u201cHemos hecho un peque\u00f1o balance de c\u00f3mo se ha ido comportando el comienzo del aumento de la PGU que tuvo lugar en septiembre, dialogando con los beneficiarios y beneficiarias. La otra buena noticia es que en el mes de enero comienza el pago del Seguro Social, que financia el Beneficio por A\u00f1os Cotizados, y la Compensaci\u00f3n a las Mujeres por Diferencia de Expectativa de Vida. Es relevante conocer de primera fuente c\u00f3mo ellos han experimentado y estado contentos con este aumento en las pensiones, que se est\u00e1 dando a trav\u00e9s de la Reforma Previsional que ha impulsado el Gobierno del Presidente Gabriel Boric\u201d<\/em>.<\/p>\n\n\n\n<figure class=\"wp-block-image size-full\"><img loading=\"lazy\" decoding=\"async\" width=\"1024\" height=\"468\" src=\"https:\/\/www.rengoenlanoticia.cl\/prensa\/wp-content\/uploads\/2025\/10\/IMG-20251027-WA0011.jpg\" alt=\"\" class=\"wp-image-7295\" srcset=\"https:\/\/www.rengoenlanoticia.cl\/prensa\/wp-content\/uploads\/2025\/10\/IMG-20251027-WA0011.jpg 1024w, https:\/\/www.rengoenlanoticia.cl\/prensa\/wp-content\/uploads\/2025\/10\/IMG-20251027-WA0011-300x137.jpg 300w, https:\/\/www.rengoenlanoticia.cl\/prensa\/wp-content\/uploads\/2025\/10\/IMG-20251027-WA0011-768x351.jpg 768w, https:\/\/www.rengoenlanoticia.cl\/prensa\/wp-content\/uploads\/2025\/10\/IMG-20251027-WA0011-110x50.jpg 110w, https:\/\/www.rengoenlanoticia.cl\/prensa\/wp-content\/uploads\/2025\/10\/IMG-20251027-WA0011-200x91.jpg 200w, https:\/\/www.rengoenlanoticia.cl\/prensa\/wp-content\/uploads\/2025\/10\/IMG-20251027-WA0011-380x174.jpg 380w, https:\/\/www.rengoenlanoticia.cl\/prensa\/wp-content\/uploads\/2025\/10\/IMG-20251027-WA0011-255x117.jpg 255w, https:\/\/www.rengoenlanoticia.cl\/prensa\/wp-content\/uploads\/2025\/10\/IMG-20251027-WA0011-550x251.jpg 550w, https:\/\/www.rengoenlanoticia.cl\/prensa\/wp-content\/uploads\/2025\/10\/IMG-20251027-WA0011-800x366.jpg 800w\" sizes=\"auto, (max-width: 1024px) 100vw, 1024px\" \/><\/figure>\n\n\n\n<p>El SEREMI del&nbsp;Trabajo y Previsi\u00f3n Social de O\u2019Higgins, Jaime Chamorro, destac\u00f3:&nbsp;<strong><em>\u201c<\/em><\/strong><em>Don Sergio Valenzuela y Misella Monsalvez son&nbsp;el rostro visible de una de las 20 mil personas pensionadas de 82 a\u00f1os o m\u00e1s que han visto incrementada su PGU en nuestra regi\u00f3n, dando cumplimiento a lo contemplado en la Reforma Previsional. Seguir\u00e1n en los a\u00f1os siguientes los que tienen 75 o m\u00e1s a\u00f1os y, luego, los que tienen 65 o m\u00e1s a\u00f1os. Este aumento tambi\u00e9n es para quienes tienen una Pensi\u00f3n B\u00e1sica Solidaria de Invalidez, el Aporte Previsional Solidario de Invalidez, un Subsidio de Discapacidad o para quienes son beneficiarios de leyes reparatorias. La buena noticia lleg\u00f3, subieron las pensiones\u201d<\/em>.<\/p>\n\n\n\n<p>Por su parte, el Director Regional del IPS ChileAtiende, Cristian Cerda, afirm\u00f3 que&nbsp;<em>\u201ca partir de enero de 2026, comenzaremos a entregar los primeros beneficios del nuevo Seguro Social a las personas jubiladas, se trata del Beneficio por A\u00f1os Cotizados y la Compensaci\u00f3n por Diferencias de Expectativa de Vida. En eso estamos concentrados, trabajando para continuar cumpliendo con la implementaci\u00f3n de la Reforma de Pensiones y con los miles de chilenos y chilenas que, por tantos a\u00f1os, esperaban una mejora en sus pensiones\u201d<\/em>.<\/p>\n\n\n\n<p>Es importante mencionar que la cifra de 391 mil personas a nivel nacional corresponde a un n\u00famero inicial, ya que cada mes -en la medida que las personas cumplan 82 a\u00f1os-, se les incrementar\u00e1 su PGU a $250.000.<\/p>\n\n\n\n<p>Considerados todos los beneficios cuyos montos fueron incrementados en septiembre, es decir, pensionados de 82 a\u00f1os y m\u00e1s con PGU; personas con beneficios por leyes de reparaci\u00f3n que acceden por primera vez a la Pensi\u00f3n Garantizada Universal; personas que reciben la Pensi\u00f3n B\u00e1sica y Aporte Previsional Solidario de Invalidez; y, las personas con Subsidio de Discapacidad son m\u00e1s de 740 mil personas en todo el pa\u00eds que ya est\u00e1n siendo beneficiadas con la Reforma de Pensiones. En la Regi\u00f3n de O\u2019Higgins, son m\u00e1s de 42 mil personas.<\/p>\n\n\n\n<p>Para m\u00e1s informaci\u00f3n o consultas sobre fechas de entrada en vigencia de los beneficios de la reforma, las personas pueden consultar en&nbsp;<strong><a href=\"http:\/\/www.lareformadepensiones.cl\/\" target=\"_blank\" rel=\"noreferrer noopener\">www.lareformadepensiones.cl<\/a><\/strong>,&nbsp;<strong><a href=\"http:\/\/www.chileatiende.cl\/\" target=\"_blank\" rel=\"noreferrer noopener\">www.chileatiende.cl<\/a><\/strong>&nbsp;o llamando al&nbsp;<strong>101<\/strong>.<\/p>\n","protected":false},"excerpt":{"rendered":"Durante septiembre, a nivel nacional, el IPS ChileAtiende entreg\u00f3 a cerca de 391 mil personas de 82 a\u00f1os&hellip;\n","protected":false},"author":1,"featured_media":7294,"comment_status":"open","ping_status":"open","sticky":false,"template":"","format":"standard","meta":{"_monsterinsights_skip_tracking":false,"_monsterinsights_sitenote_active":false,"_monsterinsights_sitenote_note":"","_monsterinsights_sitenote_category":0,"footnotes":""},"categories":[8],"tags":[],"class_list":{"0":"post-7282","1":"post","2":"type-post","3":"status-publish","4":"format-standard","5":"has-post-thumbnail","7":"category-portada"},"aioseo_notices":[],"_links":{"self":[{"href":"https:\/\/www.rengoenlanoticia.cl\/prensa\/wp-json\/wp\/v2\/posts\/7282","targetHints":{"allow":["GET"]}}],"collection":[{"href":"https:\/\/www.rengoenlanoticia.cl\/prensa\/wp-json\/wp\/v2\/posts"}],"about":[{"href":"https:\/\/www.rengoenlanoticia.cl\/prensa\/wp-json\/wp\/v2\/types\/post"}],"author":[{"embeddable":true,"href":"https:\/\/www.rengoenlanoticia.cl\/prensa\/wp-json\/wp\/v2\/users\/1"}],"replies":[{"embeddable":true,"href":"https:\/\/www.rengoenlanoticia.cl\/prensa\/wp-json\/wp\/v2\/comments?post=7282"}],"version-history":[{"count":3,"href":"https:\/\/www.rengoenlanoticia.cl\/prensa\/wp-json\/wp\/v2\/posts\/7282\/revisions"}],"predecessor-version":[{"id":7313,"href":"https:\/\/www.rengoenlanoticia.cl\/prensa\/wp-json\/wp\/v2\/posts\/7282\/revisions\/7313"}],"wp:featuredmedia":[{"embeddable":true,"href":"https:\/\/www.rengoenlanoticia.cl\/prensa\/wp-json\/wp\/v2\/media\/7294"}],"wp:attachment":[{"href":"https:\/\/www.rengoenlanoticia.cl\/prensa\/wp-json\/wp\/v2\/media?parent=7282"}],"wp:term":[{"taxonomy":"category","embeddable":true,"href":"https:\/\/www.rengoenlanoticia.cl\/prensa\/wp-json\/wp\/v2\/categories?post=7282"},{"taxonomy":"post_tag","embeddable":true,"href":"https:\/\/www.rengoenlanoticia.cl\/prensa\/wp-json\/wp\/v2\/tags?post=7282"}],"curies":[{"name":"wp","href":"https:\/\/api.w.org\/{rel}","templated":true}]}}