{"id":7271,"date":"2025-10-27T09:50:49","date_gmt":"2025-10-27T09:50:49","guid":{"rendered":"https:\/\/www.rengoenlanoticia.cl\/prensa\/?p=7271"},"modified":"2025-10-27T09:53:39","modified_gmt":"2025-10-27T09:53:39","slug":"hospital-de-graneros-y-cip-crc-fortalecen-trabajo-conjunto-en-prevencion-del-suicidio-en-jovenes","status":"publish","type":"post","link":"https:\/\/www.rengoenlanoticia.cl\/prensa\/2025\/10\/27\/hospital-de-graneros-y-cip-crc-fortalecen-trabajo-conjunto-en-prevencion-del-suicidio-en-jovenes\/","title":{"rendered":"Hospital de Graneros y CIP CRC fortalecen trabajo conjunto en prevenci\u00f3n del suicidio en j\u00f3venes"},"content":{"rendered":"\n<p>La actividad, desarrollada en el marco del trabajo colaborativo entre ambas instituciones, entreg\u00f3 herramientas a profesionales y educadores para enfrentar crisis suicidas y fortalecer la atenci\u00f3n integral para personas en situaci\u00f3n de vulnerabilidad.<\/p>\n\n\n\n<p>En el marco de su permanente compromiso con la promoci\u00f3n y el fortalecimiento de la salud mental en la comunidad, el Hospital de Graneros, a trav\u00e9s de su Programa de Salud Mental, llev\u00f3 a cabo una capacitaci\u00f3n sobre Manejo de Riesgo Suicida dirigida a funcionarios del Centro de Internaci\u00f3n Provisoria y Centro de Internaci\u00f3n de R\u00e9gimen Cerrado (CIP CRC), perteneciente a la Red SENAME.<\/p>\n\n\n\n<p>La jornada se realiz\u00f3 con la participaci\u00f3n de diversos profesionales y educadores del CIP CRC, quienes desempe\u00f1an un rol fundamental en el acompa\u00f1amiento diario de j\u00f3venes en situaci\u00f3n de internaci\u00f3n. La instancia tuvo por objetivo fortalecer las competencias y herramientas de los equipos para la detecci\u00f3n, contenci\u00f3n y abordaje de crisis suicidas, especialmente en contextos de alta vulnerabilidad psicosocial.<\/p>\n\n\n\n<p>Esta capacitaci\u00f3n surgi\u00f3 a partir del trabajo colaborativo sostenido entre el Hospital de Graneros y el Centro de Internaci\u00f3n, permitiendo entregar herramientas pr\u00e1cticas, compartir experiencias y reforzar estrategias de prevenci\u00f3n, promoviendo un abordaje interdisciplinario y coordinado frente a situaciones de riesgo.<\/p>\n\n\n\n<p>Sobre lo anterior, la directora (s) del Hospital de Graneros, Dra. Fernanda Anich, destac\u00f3 la relevancia de este tipo de iniciativas, se\u00f1alando que \u201ccomo instituci\u00f3n de salud tenemos la responsabilidad de contribuir al bienestar integral de nuestra comunidad, y la prevenci\u00f3n del suicidio es una prioridad dentro de nuestra gesti\u00f3n en salud mental. Sabemos que este es un problema complejo y multifactorial, que requiere del compromiso y la preparaci\u00f3n constante de los equipos que trabajan con poblaci\u00f3n en riesgo, particularmente j\u00f3venes. Por eso valoramos enormemente esta articulaci\u00f3n con el CIP CRC, que refleja nuestro compromiso con el trabajo intersectorial y con la promoci\u00f3n de entornos protectores\u201d.<\/p>\n\n\n\n<p>La directora (s) agreg\u00f3 adem\u00e1s que este tipo de espacios no s\u00f3lo fortalecen las capacidades del personal, sino que tambi\u00e9n contribuyen a la construcci\u00f3n de una red de apoyo efectiva, que permita detectar tempranamente factores de riesgo y brindar acompa\u00f1amiento oportuno.<\/p>\n\n\n\n<p>Por su parte, la asistente social y Coordinadora del Programa de Salud Mental del Hospital, Claudia Bolbar\u00e1n, explic\u00f3 que la jornada formativa abord\u00f3 tem\u00e1ticas claves como la identificaci\u00f3n de se\u00f1ales de alerta, la contenci\u00f3n emocional, el manejo de la comunicaci\u00f3n en crisis y la importancia del autocuidado de los equipos que enfrentan estas situaciones.<\/p>\n\n\n\n<p>\u201cEstas capacitaciones buscan entregar herramientas pr\u00e1cticas que permitan a los funcionarios actuar con mayor seguridad, empat\u00eda y contenci\u00f3n ante una posible conducta suicida. Adem\u00e1s, son espacios que promueven la reflexi\u00f3n y la sensibilizaci\u00f3n frente a una problem\u00e1tica que, muchas veces, se vive en silencio. Desde nuestro Programa de Salud Mental seguiremos impulsando este tipo de acciones, a trav\u00e9s de talleres y actividades participativas\u201d.<\/p>\n\n\n\n<p>En el marco de lo anterior, el Hospital de Graneros proyecta seguir replicando este tipo de instancias en el futuro, ampliando la cobertura de capacitaciones a educadores de trato directo y desarrollando talleres de promoci\u00f3n de salud mental con los j\u00f3venes privados de libertad, reforzando la importancia del acompa\u00f1amiento emocional, la prevenci\u00f3n del suicidio y la generaci\u00f3n de v\u00ednculos protectores.<\/p>\n\n\n\n<p>Cabe indicar que estas acciones se enmarcan en la Estrategia Nacional de Salud Mental, que promueve el trabajo intersectorial y la articulaci\u00f3n entre instituciones p\u00fablicas para la prevenci\u00f3n del suicidio, con un enfoque centrado en la persona, la comunidad y los derechos humanos.<em><\/em><\/p>\n","protected":false},"excerpt":{"rendered":"La actividad, desarrollada en el marco del trabajo colaborativo entre ambas instituciones, entreg\u00f3 herramientas a profesionales y educadores&hellip;\n","protected":false},"author":2,"featured_media":7272,"comment_status":"open","ping_status":"open","sticky":false,"template":"","format":"standard","meta":{"_monsterinsights_skip_tracking":false,"_monsterinsights_sitenote_active":false,"_monsterinsights_sitenote_note":"","_monsterinsights_sitenote_category":0,"footnotes":""},"categories":[8],"tags":[],"class_list":{"0":"post-7271","1":"post","2":"type-post","3":"status-publish","4":"format-standard","5":"has-post-thumbnail","7":"category-portada"},"aioseo_notices":[],"_links":{"self":[{"href":"https:\/\/www.rengoenlanoticia.cl\/prensa\/wp-json\/wp\/v2\/posts\/7271","targetHints":{"allow":["GET"]}}],"collection":[{"href":"https:\/\/www.rengoenlanoticia.cl\/prensa\/wp-json\/wp\/v2\/posts"}],"about":[{"href":"https:\/\/www.rengoenlanoticia.cl\/prensa\/wp-json\/wp\/v2\/types\/post"}],"author":[{"embeddable":true,"href":"https:\/\/www.rengoenlanoticia.cl\/prensa\/wp-json\/wp\/v2\/users\/2"}],"replies":[{"embeddable":true,"href":"https:\/\/www.rengoenlanoticia.cl\/prensa\/wp-json\/wp\/v2\/comments?post=7271"}],"version-history":[{"count":2,"href":"https:\/\/www.rengoenlanoticia.cl\/prensa\/wp-json\/wp\/v2\/posts\/7271\/revisions"}],"predecessor-version":[{"id":7281,"href":"https:\/\/www.rengoenlanoticia.cl\/prensa\/wp-json\/wp\/v2\/posts\/7271\/revisions\/7281"}],"wp:featuredmedia":[{"embeddable":true,"href":"https:\/\/www.rengoenlanoticia.cl\/prensa\/wp-json\/wp\/v2\/media\/7272"}],"wp:attachment":[{"href":"https:\/\/www.rengoenlanoticia.cl\/prensa\/wp-json\/wp\/v2\/media?parent=7271"}],"wp:term":[{"taxonomy":"category","embeddable":true,"href":"https:\/\/www.rengoenlanoticia.cl\/prensa\/wp-json\/wp\/v2\/categories?post=7271"},{"taxonomy":"post_tag","embeddable":true,"href":"https:\/\/www.rengoenlanoticia.cl\/prensa\/wp-json\/wp\/v2\/tags?post=7271"}],"curies":[{"name":"wp","href":"https:\/\/api.w.org\/{rel}","templated":true}]}}