{"id":7245,"date":"2025-10-27T09:42:22","date_gmt":"2025-10-27T09:42:22","guid":{"rendered":"https:\/\/www.rengoenlanoticia.cl\/prensa\/?p=7245"},"modified":"2025-10-27T09:42:23","modified_gmt":"2025-10-27T09:42:23","slug":"peonias-de-ohiggins-llegan-a-brasil","status":"publish","type":"post","link":"https:\/\/www.rengoenlanoticia.cl\/prensa\/2025\/10\/27\/peonias-de-ohiggins-llegan-a-brasil\/","title":{"rendered":"Peon\u00edas de O\u2019Higgins llegan a Brasil"},"content":{"rendered":"\n<p><strong><em>ProChile y Agropeon\u00edas, apoyaron primer env\u00edo hacia Sao Paulo;\u00a0y que abre nuevas oportunidades comerciales para la oferta de flores en ese mercado<\/em><\/strong><\/p>\n\n\n\n<p>Hasta Sao Paulo, Brasil, llegaron peon\u00edas de la Regi\u00f3n de O\u2019Higgins, hito que se logr\u00f3 luego de un importante trabajo de coordinaci\u00f3n p\u00fablico-privado; con este primer env\u00edo ProChile proyecta nuevas oportunidades comerciales para las empresas locales en este rubro.<\/p>\n\n\n\n<p>Luego de casi cinco meses desde la apertura comercial tras la autorizaci\u00f3n fitosanitaria correspondiente, obtenida en un tiempo r\u00e9cord de 18 meses -normalmente se demora entre 6 y 7 a\u00f1os- el 17 de octubre pasado se produjo el primer env\u00edo de peon\u00edas chilenas hacia Brasil.<\/p>\n\n\n\n<p>Para Sof\u00eda Silva, directora regional de ProChile O\u2019Higgins, \u201cesta exportaci\u00f3n es una gran noticia porque es el resultado de un trabajo comprometido y profesional que venimos realizando para llevar la excelente oferta de peon\u00edas a un importante mercado, como es el de Brasil. Fue hace menos de un mes desarrollamos una rueda de negocios y visitas a terreno con importadores de Brasil y Estados Unidos, quienes quedaron muy bien impresionados de nuestra oferta. Esperamos que este sea el primero de muchos env\u00edos; y por supuesto seguiremos trabajando para que m\u00e1s empresas locales lleguen a los mercados internacionales\u201d.<\/p>\n\n\n\n<figure class=\"wp-block-image size-full\"><img loading=\"lazy\" decoding=\"async\" width=\"1024\" height=\"683\" src=\"https:\/\/www.rengoenlanoticia.cl\/prensa\/wp-content\/uploads\/2025\/10\/sofia-silva-directora-regional-prochile-ohiggins547f0702-d0b6-4dfe-b9c3-e997bed6839a.jpg\" alt=\"\" class=\"wp-image-7254\" srcset=\"https:\/\/www.rengoenlanoticia.cl\/prensa\/wp-content\/uploads\/2025\/10\/sofia-silva-directora-regional-prochile-ohiggins547f0702-d0b6-4dfe-b9c3-e997bed6839a.jpg 1024w, https:\/\/www.rengoenlanoticia.cl\/prensa\/wp-content\/uploads\/2025\/10\/sofia-silva-directora-regional-prochile-ohiggins547f0702-d0b6-4dfe-b9c3-e997bed6839a-300x200.jpg 300w, https:\/\/www.rengoenlanoticia.cl\/prensa\/wp-content\/uploads\/2025\/10\/sofia-silva-directora-regional-prochile-ohiggins547f0702-d0b6-4dfe-b9c3-e997bed6839a-768x512.jpg 768w, https:\/\/www.rengoenlanoticia.cl\/prensa\/wp-content\/uploads\/2025\/10\/sofia-silva-directora-regional-prochile-ohiggins547f0702-d0b6-4dfe-b9c3-e997bed6839a-110x73.jpg 110w, https:\/\/www.rengoenlanoticia.cl\/prensa\/wp-content\/uploads\/2025\/10\/sofia-silva-directora-regional-prochile-ohiggins547f0702-d0b6-4dfe-b9c3-e997bed6839a-200x133.jpg 200w, https:\/\/www.rengoenlanoticia.cl\/prensa\/wp-content\/uploads\/2025\/10\/sofia-silva-directora-regional-prochile-ohiggins547f0702-d0b6-4dfe-b9c3-e997bed6839a-380x253.jpg 380w, https:\/\/www.rengoenlanoticia.cl\/prensa\/wp-content\/uploads\/2025\/10\/sofia-silva-directora-regional-prochile-ohiggins547f0702-d0b6-4dfe-b9c3-e997bed6839a-255x170.jpg 255w, https:\/\/www.rengoenlanoticia.cl\/prensa\/wp-content\/uploads\/2025\/10\/sofia-silva-directora-regional-prochile-ohiggins547f0702-d0b6-4dfe-b9c3-e997bed6839a-550x367.jpg 550w, https:\/\/www.rengoenlanoticia.cl\/prensa\/wp-content\/uploads\/2025\/10\/sofia-silva-directora-regional-prochile-ohiggins547f0702-d0b6-4dfe-b9c3-e997bed6839a-800x534.jpg 800w\" sizes=\"auto, (max-width: 1024px) 100vw, 1024px\" \/><\/figure>\n\n\n\n<p>La exportaci\u00f3n de estas peon\u00edas se hizo a trav\u00e9s de la empresa TrioFrut, de la localidad de Graneros, en la Regi\u00f3n de O\u00b4Higgins y cont\u00f3 con el apoyo de Agropeon\u00edas, la asociaci\u00f3n gremial que re\u00fane a productores de O\u00b4Higgins y del Maule. \u201cFue un trabajo de equipo, todos pusimos algunas cajas\u201d, cuenta Macarena Silva, directora de Agropeon\u00edas, asociaci\u00f3n que naci\u00f3 como un grupo de transferencia tecnol\u00f3gica con un prop\u00f3sito en mente: Conseguir los permisos para poder exportar a Brasil, un gran mercado consumidor de flores que, por sus condiciones clim\u00e1ticas, no produce peon\u00edas, una flor altamente demandada y que causa gran inter\u00e9s por sus colores y formas.<\/p>\n\n\n\n<p><strong>Trabajo coordinado<\/strong><\/p>\n\n\n\n<p>A inicios del a\u00f1o 2024 y luego de una misi\u00f3n de prospecci\u00f3n que cont\u00f3 con el apoyo de ProChile; Agropeon\u00edas a trav\u00e9s de Macarena Silva y de Consuelo Callejas, otra de las directoras de la asociaci\u00f3n gremial, m\u00e1s la oficina comercial de ProChile en Sao Paulo, el Servicio Agr\u00edcola y Ganadero, SAG y la agregadur\u00eda agr\u00edcola de Chile en Brasil; se inici\u00f3 un intenso trabajo hasta obtener la autorizaci\u00f3n fitosanitaria y la consiguiente apertura comercial que permita el env\u00edo de flores frescas al mercado brasile\u00f1o, hito que se produjo en mayo de este 2025.<\/p>\n\n\n\n<p>\u201cNo fue f\u00e1cil, como fue el primer embarque, hubo varios temas que rectificar, pero alguien se ten\u00eda que atrever\u201d, cuenta Macarena Silva. \u201cPor su magnitud y tama\u00f1o, creemos que Brasil va a ser un mercado muy importante para las peon\u00edas chilenas\u201d, agrega y de inmediato se\u00f1ala como argumento la ciudad de Holambra, a unos 140 kil\u00f3metros al norte de Sao Paulo y que cuenta con una poblaci\u00f3n de 10 mil habitantes, en su mayor\u00eda descendientes neerlandeses, y que en la pr\u00e1ctica es el motor de la industria de flores y plantas de Brasil.<\/p>\n\n\n\n<p>Hugo Corales, Director Comercial de ProChile en Brasil, celebr\u00f3 el hito diciendo que \u201ca partir de este embarque, Brasil se convierte en un mercado clave para la diversificaci\u00f3n de los env\u00edos de peon\u00edas. S\u00f3lo Sao Paulo concentra m\u00e1s del 70% de la producci\u00f3n y tambi\u00e9n de la demanda nacional, consolid\u00e1ndose como el estado de mayor potencial comercial y destino prioritario para los exportadores que busquen ingresar a este mercado. Adem\u00e1s, es importante destacar la cercan\u00eda geogr\u00e1fica y tambi\u00e9n la facilidad log\u00edstica que ofrecen los m\u00e1s de diez vuelos diarios que unen Santiago y Sao Paulo en menos de cuatro horas\u201d.<\/p>\n\n\n\n<p>El importador, la empresa Mil Plantas, comunic\u00f3 en sus redes sociales la noticia: \u201cTrajimos la peon\u00eda importada con colores que nunca hemos tenido aqu\u00ed en Mil Plantas. Conocida como la Reina de las Flores, es un s\u00edmbolo de sofisticaci\u00f3n y prosperidad. Rara y dif\u00edcil de encontrar en pa\u00edses calurosos como el nuestro, esta flor llega para hacer nuestra tienda a\u00fan m\u00e1s especial\u201d.<\/p>\n\n\n\n<figure class=\"wp-block-image size-large\"><img loading=\"lazy\" decoding=\"async\" width=\"1024\" height=\"771\" src=\"https:\/\/www.rengoenlanoticia.cl\/prensa\/wp-content\/uploads\/2025\/10\/peonias-en-brasilbc8dc571-643f-4809-b9d3-cf669f5eed62-1024x771.jpg\" alt=\"\" class=\"wp-image-7253\" srcset=\"https:\/\/www.rengoenlanoticia.cl\/prensa\/wp-content\/uploads\/2025\/10\/peonias-en-brasilbc8dc571-643f-4809-b9d3-cf669f5eed62-1024x771.jpg 1024w, https:\/\/www.rengoenlanoticia.cl\/prensa\/wp-content\/uploads\/2025\/10\/peonias-en-brasilbc8dc571-643f-4809-b9d3-cf669f5eed62-300x226.jpg 300w, https:\/\/www.rengoenlanoticia.cl\/prensa\/wp-content\/uploads\/2025\/10\/peonias-en-brasilbc8dc571-643f-4809-b9d3-cf669f5eed62-768x578.jpg 768w, https:\/\/www.rengoenlanoticia.cl\/prensa\/wp-content\/uploads\/2025\/10\/peonias-en-brasilbc8dc571-643f-4809-b9d3-cf669f5eed62-1536x1156.jpg 1536w, https:\/\/www.rengoenlanoticia.cl\/prensa\/wp-content\/uploads\/2025\/10\/peonias-en-brasilbc8dc571-643f-4809-b9d3-cf669f5eed62-110x83.jpg 110w, https:\/\/www.rengoenlanoticia.cl\/prensa\/wp-content\/uploads\/2025\/10\/peonias-en-brasilbc8dc571-643f-4809-b9d3-cf669f5eed62-200x151.jpg 200w, https:\/\/www.rengoenlanoticia.cl\/prensa\/wp-content\/uploads\/2025\/10\/peonias-en-brasilbc8dc571-643f-4809-b9d3-cf669f5eed62-380x286.jpg 380w, https:\/\/www.rengoenlanoticia.cl\/prensa\/wp-content\/uploads\/2025\/10\/peonias-en-brasilbc8dc571-643f-4809-b9d3-cf669f5eed62-255x192.jpg 255w, https:\/\/www.rengoenlanoticia.cl\/prensa\/wp-content\/uploads\/2025\/10\/peonias-en-brasilbc8dc571-643f-4809-b9d3-cf669f5eed62-550x414.jpg 550w, https:\/\/www.rengoenlanoticia.cl\/prensa\/wp-content\/uploads\/2025\/10\/peonias-en-brasilbc8dc571-643f-4809-b9d3-cf669f5eed62-800x602.jpg 800w, https:\/\/www.rengoenlanoticia.cl\/prensa\/wp-content\/uploads\/2025\/10\/peonias-en-brasilbc8dc571-643f-4809-b9d3-cf669f5eed62-1160x873.jpg 1160w, https:\/\/www.rengoenlanoticia.cl\/prensa\/wp-content\/uploads\/2025\/10\/peonias-en-brasilbc8dc571-643f-4809-b9d3-cf669f5eed62.jpg 1600w\" sizes=\"auto, (max-width: 1024px) 100vw, 1024px\" \/><\/figure>\n\n\n\n<p><strong>Datos del mercado<\/strong><\/p>\n\n\n\n<p>Entre enero y septiembre de este a\u00f1o, las exportaciones de peon\u00edas superan los US$ 3 millones, lo que significa un crecimiento de 36,4% con respecto al mismo per\u00edodo del a\u00f1o 2024. Los principales destinos son Pa\u00edses Bajos y Estados Unidos, con US$ 2 (64,27% del total) y US$ 1 mill\u00f3n (35,51% del total), respectivamente.<\/p>\n\n\n\n<p>Brasil representa una oportunidad significativa. Se calcula que su consumo de flores y plantas ornamentales bordea los US$ 4 mil millones, destacando la creciente participaci\u00f3n del sector supermercadista.<\/p>\n\n\n\n<p>Actualmente, Chile cuenta con poco m\u00e1s de 200 hect\u00e1reas de peon\u00edas, distribuidas en unidades productivas especializadas de entre 1 y 10 hect\u00e1reas. Los expertos visualizan para los pr\u00f3ximos a\u00f1os un fuerte incremento en vol\u00famenes de oferta y exportaci\u00f3n, lo que hace crucial la diversificaci\u00f3n de mercados que ahora se concreta con Brasil<\/p>\n","protected":false},"excerpt":{"rendered":"ProChile y Agropeon\u00edas, apoyaron primer env\u00edo hacia Sao Paulo;\u00a0y que abre nuevas oportunidades comerciales para la oferta de&hellip;\n","protected":false},"author":1,"featured_media":7252,"comment_status":"open","ping_status":"open","sticky":false,"template":"","format":"standard","meta":{"_monsterinsights_skip_tracking":false,"_monsterinsights_sitenote_active":false,"_monsterinsights_sitenote_note":"","_monsterinsights_sitenote_category":0,"footnotes":""},"categories":[8],"tags":[],"class_list":{"0":"post-7245","1":"post","2":"type-post","3":"status-publish","4":"format-standard","5":"has-post-thumbnail","7":"category-portada"},"aioseo_notices":[],"_links":{"self":[{"href":"https:\/\/www.rengoenlanoticia.cl\/prensa\/wp-json\/wp\/v2\/posts\/7245","targetHints":{"allow":["GET"]}}],"collection":[{"href":"https:\/\/www.rengoenlanoticia.cl\/prensa\/wp-json\/wp\/v2\/posts"}],"about":[{"href":"https:\/\/www.rengoenlanoticia.cl\/prensa\/wp-json\/wp\/v2\/types\/post"}],"author":[{"embeddable":true,"href":"https:\/\/www.rengoenlanoticia.cl\/prensa\/wp-json\/wp\/v2\/users\/1"}],"replies":[{"embeddable":true,"href":"https:\/\/www.rengoenlanoticia.cl\/prensa\/wp-json\/wp\/v2\/comments?post=7245"}],"version-history":[{"count":3,"href":"https:\/\/www.rengoenlanoticia.cl\/prensa\/wp-json\/wp\/v2\/posts\/7245\/revisions"}],"predecessor-version":[{"id":7278,"href":"https:\/\/www.rengoenlanoticia.cl\/prensa\/wp-json\/wp\/v2\/posts\/7245\/revisions\/7278"}],"wp:featuredmedia":[{"embeddable":true,"href":"https:\/\/www.rengoenlanoticia.cl\/prensa\/wp-json\/wp\/v2\/media\/7252"}],"wp:attachment":[{"href":"https:\/\/www.rengoenlanoticia.cl\/prensa\/wp-json\/wp\/v2\/media?parent=7245"}],"wp:term":[{"taxonomy":"category","embeddable":true,"href":"https:\/\/www.rengoenlanoticia.cl\/prensa\/wp-json\/wp\/v2\/categories?post=7245"},{"taxonomy":"post_tag","embeddable":true,"href":"https:\/\/www.rengoenlanoticia.cl\/prensa\/wp-json\/wp\/v2\/tags?post=7245"}],"curies":[{"name":"wp","href":"https:\/\/api.w.org\/{rel}","templated":true}]}}