{"id":7244,"date":"2025-10-27T09:09:06","date_gmt":"2025-10-27T09:09:06","guid":{"rendered":"https:\/\/www.rengoenlanoticia.cl\/prensa\/?p=7244"},"modified":"2025-10-27T09:37:41","modified_gmt":"2025-10-27T09:37:41","slug":"escuela-de-lideres-comunitarios-impulsa-la-participacion-ciudadana-en-salud","status":"publish","type":"post","link":"https:\/\/www.rengoenlanoticia.cl\/prensa\/2025\/10\/27\/escuela-de-lideres-comunitarios-impulsa-la-participacion-ciudadana-en-salud\/","title":{"rendered":"Escuela de L\u00edderes Comunitarios impulsa la participaci\u00f3n ciudadana en salud"},"content":{"rendered":"\n<p>M\u00e1s de cien dirigentes comunitarios pertenecientes a los establecimientos de salud de la red asistencial y de Atenci\u00f3n Primaria participaron activamente en este encuentro.<\/p>\n\n\n\n<p>Con el objetivo de fortalecer las capacidades de liderazgo, participaci\u00f3n ciudadana y trabajo colaborativo en el \u00e1mbito sanitario, se desarroll\u00f3 una nueva edici\u00f3n de la Escuela de Formaci\u00f3n para L\u00edderes y Lideresas \u201cLiderazgo en salud para el cambio\u201d, organizada por el Servicio de Salud O\u2019Higgins a trav\u00e9s de su equipo de Participaci\u00f3n Ciudadana.<\/p>\n\n\n\n<p>La iniciativa reuni\u00f3 a representantes de los Consejos Consultivos y de Desarrollo de establecimientos de salud de la red asistencial y de Atenci\u00f3n Primaria, junto a sus referentes de participaci\u00f3n ciudadana. Durante dos jornadas formativas, los asistentes recibieron herramientas para fortalecer el ejercicio del liderazgo y la promoci\u00f3n de la salud en sus comunidades.<\/p>\n\n\n\n<figure class=\"wp-block-image size-full\"><img loading=\"lazy\" decoding=\"async\" width=\"1024\" height=\"683\" src=\"https:\/\/www.rengoenlanoticia.cl\/prensa\/wp-content\/uploads\/2025\/10\/Escuela-de-Lideres-1.jpeg\" alt=\"\" class=\"wp-image-7247\" srcset=\"https:\/\/www.rengoenlanoticia.cl\/prensa\/wp-content\/uploads\/2025\/10\/Escuela-de-Lideres-1.jpeg 1024w, https:\/\/www.rengoenlanoticia.cl\/prensa\/wp-content\/uploads\/2025\/10\/Escuela-de-Lideres-1-300x200.jpeg 300w, https:\/\/www.rengoenlanoticia.cl\/prensa\/wp-content\/uploads\/2025\/10\/Escuela-de-Lideres-1-768x512.jpeg 768w, https:\/\/www.rengoenlanoticia.cl\/prensa\/wp-content\/uploads\/2025\/10\/Escuela-de-Lideres-1-110x73.jpeg 110w, https:\/\/www.rengoenlanoticia.cl\/prensa\/wp-content\/uploads\/2025\/10\/Escuela-de-Lideres-1-200x133.jpeg 200w, https:\/\/www.rengoenlanoticia.cl\/prensa\/wp-content\/uploads\/2025\/10\/Escuela-de-Lideres-1-380x253.jpeg 380w, https:\/\/www.rengoenlanoticia.cl\/prensa\/wp-content\/uploads\/2025\/10\/Escuela-de-Lideres-1-255x170.jpeg 255w, https:\/\/www.rengoenlanoticia.cl\/prensa\/wp-content\/uploads\/2025\/10\/Escuela-de-Lideres-1-550x367.jpeg 550w, https:\/\/www.rengoenlanoticia.cl\/prensa\/wp-content\/uploads\/2025\/10\/Escuela-de-Lideres-1-800x534.jpeg 800w\" sizes=\"auto, (max-width: 1024px) 100vw, 1024px\" \/><\/figure>\n\n\n\n<p>El director (s) del Servicio de Salud O\u2019Higgins, Dr. Sebasti\u00e1n Urz\u00faa, valor\u00f3 la gran convocatoria y el compromiso de los asistentes, se\u00f1alando que como Servicio de Salud \u201cestamos muy contentos porque hoy vemos una amplia participaci\u00f3n en esta Escuela de L\u00edderes y Lideresas. Creemos fundamental empoderar a las comunidades y territorios para avanzar en temas tan relevantes como el cambio en salud, la preparaci\u00f3n de proyectos, el trabajo de los COSOC y el autocuidado. Estas instancias son clave para el avance del Servicio de Salud O\u2019Higgins\u201d.<\/p>\n\n\n\n<p>Desde el Subdepartamento de Participaci\u00f3n Ciudadana, su referente Natalia Aros destac\u00f3 la relevancia de estas jornadas, se\u00f1alando que \u201cpara nosotros es muy importante generar espacios de capacitaci\u00f3n y di\u00e1logo con nuestros l\u00edderes y lideresas. Queremos entregarles herramientas que les permitan adquirir conocimientos, empoderarse y generar cambios en sus territorios. Adem\u00e1s, buscamos que se creen redes y espacios de conexi\u00f3n donde se compartan buenas experiencias\u201d.<\/p>\n\n\n\n<p><strong>Espacios de aprendizaje y colaboraci\u00f3n<\/strong><\/p>\n\n\n\n<p>Durante las jornadas se abordaron temas como el funcionamiento del sistema p\u00fablico de salud, la importancia de la participaci\u00f3n ciudadana, el proceso eleccionario de los COSOC, la capacitaci\u00f3n en la Ley 20.609 a cargo del Observatorio de Participaci\u00f3n Ciudadana y No Discriminaci\u00f3n de la Subsecretar\u00eda General de Gobierno, adem\u00e1s de la postulaci\u00f3n a fondos concursables p\u00fablicos y privados.<\/p>\n\n\n\n<p>Para Edith Caro, presidenta del Consejo del Cesfam N\u00b04 de Rancagua, esta instancia fue muy significativa, ya que \u201centre m\u00e1s informados estemos como dirigentes, m\u00e1s podemos aportar a la comunidad. Para ser buenos l\u00edderes comunitarios tenemos que estar bien informados para poder compartir esta informaci\u00f3n en nuestros territorios\u201d.<\/p>\n\n\n\n<p>En la misma l\u00ednea, la trabajadora social y encargada de Participaci\u00f3n del mismo establecimiento, Paulina Mu\u00f1oz, destac\u00f3 que \u201cpara quienes trabajamos en salud comunitaria, la formaci\u00f3n de l\u00edderes es muy importante, porque ellos son actores claves dentro de sus territorios. Estas instancias les permiten conocer distintas realidades y fortalecer el trabajo colaborativo con los equipos de salud\u201d.<\/p>\n\n\n\n<figure class=\"wp-block-image size-full\"><img loading=\"lazy\" decoding=\"async\" width=\"1024\" height=\"768\" src=\"https:\/\/www.rengoenlanoticia.cl\/prensa\/wp-content\/uploads\/2025\/10\/Escuela-de-Lideres-5.jpeg\" alt=\"\" class=\"wp-image-7248\" srcset=\"https:\/\/www.rengoenlanoticia.cl\/prensa\/wp-content\/uploads\/2025\/10\/Escuela-de-Lideres-5.jpeg 1024w, https:\/\/www.rengoenlanoticia.cl\/prensa\/wp-content\/uploads\/2025\/10\/Escuela-de-Lideres-5-300x225.jpeg 300w, https:\/\/www.rengoenlanoticia.cl\/prensa\/wp-content\/uploads\/2025\/10\/Escuela-de-Lideres-5-768x576.jpeg 768w, https:\/\/www.rengoenlanoticia.cl\/prensa\/wp-content\/uploads\/2025\/10\/Escuela-de-Lideres-5-110x83.jpeg 110w, https:\/\/www.rengoenlanoticia.cl\/prensa\/wp-content\/uploads\/2025\/10\/Escuela-de-Lideres-5-200x150.jpeg 200w, https:\/\/www.rengoenlanoticia.cl\/prensa\/wp-content\/uploads\/2025\/10\/Escuela-de-Lideres-5-380x285.jpeg 380w, https:\/\/www.rengoenlanoticia.cl\/prensa\/wp-content\/uploads\/2025\/10\/Escuela-de-Lideres-5-255x191.jpeg 255w, https:\/\/www.rengoenlanoticia.cl\/prensa\/wp-content\/uploads\/2025\/10\/Escuela-de-Lideres-5-550x413.jpeg 550w, https:\/\/www.rengoenlanoticia.cl\/prensa\/wp-content\/uploads\/2025\/10\/Escuela-de-Lideres-5-800x600.jpeg 800w\" sizes=\"auto, (max-width: 1024px) 100vw, 1024px\" \/><\/figure>\n\n\n\n<p>Al t\u00e9rmino de la jornada, los participantes recibieron un certificado de participaci\u00f3n en reconocimiento a su compromiso y disposici\u00f3n al aprendizaje, destacando la oportunidad de compartir experiencias, generar redes y continuar impulsando iniciativas locales que promuevan una salud m\u00e1s cercana, inclusiva y participativa.<\/p>\n","protected":false},"excerpt":{"rendered":"M\u00e1s de cien dirigentes comunitarios pertenecientes a los establecimientos de salud de la red asistencial y de Atenci\u00f3n&hellip;\n","protected":false},"author":1,"featured_media":7249,"comment_status":"open","ping_status":"open","sticky":false,"template":"","format":"standard","meta":{"_monsterinsights_skip_tracking":false,"_monsterinsights_sitenote_active":false,"_monsterinsights_sitenote_note":"","_monsterinsights_sitenote_category":0,"footnotes":""},"categories":[8],"tags":[],"class_list":{"0":"post-7244","1":"post","2":"type-post","3":"status-publish","4":"format-standard","5":"has-post-thumbnail","7":"category-portada"},"aioseo_notices":[],"_links":{"self":[{"href":"https:\/\/www.rengoenlanoticia.cl\/prensa\/wp-json\/wp\/v2\/posts\/7244","targetHints":{"allow":["GET"]}}],"collection":[{"href":"https:\/\/www.rengoenlanoticia.cl\/prensa\/wp-json\/wp\/v2\/posts"}],"about":[{"href":"https:\/\/www.rengoenlanoticia.cl\/prensa\/wp-json\/wp\/v2\/types\/post"}],"author":[{"embeddable":true,"href":"https:\/\/www.rengoenlanoticia.cl\/prensa\/wp-json\/wp\/v2\/users\/1"}],"replies":[{"embeddable":true,"href":"https:\/\/www.rengoenlanoticia.cl\/prensa\/wp-json\/wp\/v2\/comments?post=7244"}],"version-history":[{"count":3,"href":"https:\/\/www.rengoenlanoticia.cl\/prensa\/wp-json\/wp\/v2\/posts\/7244\/revisions"}],"predecessor-version":[{"id":7270,"href":"https:\/\/www.rengoenlanoticia.cl\/prensa\/wp-json\/wp\/v2\/posts\/7244\/revisions\/7270"}],"wp:featuredmedia":[{"embeddable":true,"href":"https:\/\/www.rengoenlanoticia.cl\/prensa\/wp-json\/wp\/v2\/media\/7249"}],"wp:attachment":[{"href":"https:\/\/www.rengoenlanoticia.cl\/prensa\/wp-json\/wp\/v2\/media?parent=7244"}],"wp:term":[{"taxonomy":"category","embeddable":true,"href":"https:\/\/www.rengoenlanoticia.cl\/prensa\/wp-json\/wp\/v2\/categories?post=7244"},{"taxonomy":"post_tag","embeddable":true,"href":"https:\/\/www.rengoenlanoticia.cl\/prensa\/wp-json\/wp\/v2\/tags?post=7244"}],"curies":[{"name":"wp","href":"https:\/\/api.w.org\/{rel}","templated":true}]}}