{"id":7237,"date":"2025-10-24T01:10:54","date_gmt":"2025-10-24T01:10:54","guid":{"rendered":"https:\/\/www.rengoenlanoticia.cl\/prensa\/?p=7237"},"modified":"2025-10-24T01:10:57","modified_gmt":"2025-10-24T01:10:57","slug":"mas-de-80-jovenes-de-rengo-y-la-microarea-se-presentaron-al-canton-de-reclutamiento","status":"publish","type":"post","link":"https:\/\/www.rengoenlanoticia.cl\/prensa\/2025\/10\/24\/mas-de-80-jovenes-de-rengo-y-la-microarea-se-presentaron-al-canton-de-reclutamiento\/","title":{"rendered":"M\u00e1s de 80 j\u00f3venes de Rengo y la micro\u00e1rea se presentaron al Cant\u00f3n de Reclutamiento"},"content":{"rendered":"\n<p>M\u00e1s de 80 j\u00f3venes de la comuna de Rengo y de la micro\u00e1rea correspondiente se presentaron este jueves al <strong>Cant\u00f3n de Reclutamiento de Rengo<\/strong>, cumpliendo con el llamado al servicio militar obligatorio.<\/p>\n\n\n\n<p>Durante la jornada, varios de los convocados llegaron acompa\u00f1ados por sus padres, mientras que otros presentaron <strong>certificados de alumno regular<\/strong> o <strong>certificados m\u00e9dicos<\/strong> que acreditan sus situaciones particulares.<\/p>\n\n\n\n<p>El proceso se desarroll\u00f3 de manera ordenada, con la presencia de personal militar encargado de verificar la documentaci\u00f3n y orientar a los j\u00f3venes sobre los pasos a seguir en el procedimiento de selecci\u00f3n.<\/p>\n\n\n\n<figure class=\"wp-block-image size-large\"><img loading=\"lazy\" decoding=\"async\" width=\"1024\" height=\"462\" src=\"https:\/\/www.rengoenlanoticia.cl\/prensa\/wp-content\/uploads\/2025\/10\/WhatsApp-Image-2025-10-23-at-22.09.00-1024x462.jpeg\" alt=\"\" class=\"wp-image-7239\" srcset=\"https:\/\/www.rengoenlanoticia.cl\/prensa\/wp-content\/uploads\/2025\/10\/WhatsApp-Image-2025-10-23-at-22.09.00-1024x462.jpeg 1024w, https:\/\/www.rengoenlanoticia.cl\/prensa\/wp-content\/uploads\/2025\/10\/WhatsApp-Image-2025-10-23-at-22.09.00-300x135.jpeg 300w, https:\/\/www.rengoenlanoticia.cl\/prensa\/wp-content\/uploads\/2025\/10\/WhatsApp-Image-2025-10-23-at-22.09.00-768x346.jpeg 768w, https:\/\/www.rengoenlanoticia.cl\/prensa\/wp-content\/uploads\/2025\/10\/WhatsApp-Image-2025-10-23-at-22.09.00-110x50.jpeg 110w, https:\/\/www.rengoenlanoticia.cl\/prensa\/wp-content\/uploads\/2025\/10\/WhatsApp-Image-2025-10-23-at-22.09.00-200x90.jpeg 200w, https:\/\/www.rengoenlanoticia.cl\/prensa\/wp-content\/uploads\/2025\/10\/WhatsApp-Image-2025-10-23-at-22.09.00-380x171.jpeg 380w, https:\/\/www.rengoenlanoticia.cl\/prensa\/wp-content\/uploads\/2025\/10\/WhatsApp-Image-2025-10-23-at-22.09.00-255x115.jpeg 255w, https:\/\/www.rengoenlanoticia.cl\/prensa\/wp-content\/uploads\/2025\/10\/WhatsApp-Image-2025-10-23-at-22.09.00-550x248.jpeg 550w, https:\/\/www.rengoenlanoticia.cl\/prensa\/wp-content\/uploads\/2025\/10\/WhatsApp-Image-2025-10-23-at-22.09.00-800x361.jpeg 800w, https:\/\/www.rengoenlanoticia.cl\/prensa\/wp-content\/uploads\/2025\/10\/WhatsApp-Image-2025-10-23-at-22.09.00.jpeg 1156w\" sizes=\"auto, (max-width: 1024px) 100vw, 1024px\" \/><\/figure>\n\n\n\n<p>Carlos Bascu\u00f1\u00e1n Flores Oficial, Jefe de los Cantones de Reclutamiento San Vicente y Rengo, destac\u00f3 el compromiso de los j\u00f3venes renguinos y de las familias que los acompa\u00f1aron en esta etapa, que forma parte del proceso anual de reclutamiento para el servicio militar en Chile. Tambi\u00e9n indico que solo 2 j\u00f3venes se presentaron para realizar el Servicio militar voluntario<\/p>\n\n\n\n<p>Bascu\u00f1\u00e1n, inform\u00f3 que el 5 de noviembre ataran nuevamente el Cant\u00f3n de reclutamiento Rengo y cant\u00f3n San Vicente, atendiendo de lunes a viernes de 9 a 14 horas. Tambi\u00e9n los tr\u00e1mites se pueden realizar en la p\u00e1gina www.serviciomilitar.cl<\/p>\n","protected":false},"excerpt":{"rendered":"M\u00e1s de 80 j\u00f3venes de la comuna de Rengo y de la micro\u00e1rea correspondiente se presentaron este jueves&hellip;\n","protected":false},"author":2,"featured_media":7240,"comment_status":"open","ping_status":"open","sticky":false,"template":"","format":"standard","meta":{"_monsterinsights_skip_tracking":false,"_monsterinsights_sitenote_active":false,"_monsterinsights_sitenote_note":"","_monsterinsights_sitenote_category":0,"footnotes":""},"categories":[8],"tags":[],"class_list":{"0":"post-7237","1":"post","2":"type-post","3":"status-publish","4":"format-standard","5":"has-post-thumbnail","7":"category-portada"},"aioseo_notices":[],"_links":{"self":[{"href":"https:\/\/www.rengoenlanoticia.cl\/prensa\/wp-json\/wp\/v2\/posts\/7237","targetHints":{"allow":["GET"]}}],"collection":[{"href":"https:\/\/www.rengoenlanoticia.cl\/prensa\/wp-json\/wp\/v2\/posts"}],"about":[{"href":"https:\/\/www.rengoenlanoticia.cl\/prensa\/wp-json\/wp\/v2\/types\/post"}],"author":[{"embeddable":true,"href":"https:\/\/www.rengoenlanoticia.cl\/prensa\/wp-json\/wp\/v2\/users\/2"}],"replies":[{"embeddable":true,"href":"https:\/\/www.rengoenlanoticia.cl\/prensa\/wp-json\/wp\/v2\/comments?post=7237"}],"version-history":[{"count":3,"href":"https:\/\/www.rengoenlanoticia.cl\/prensa\/wp-json\/wp\/v2\/posts\/7237\/revisions"}],"predecessor-version":[{"id":7243,"href":"https:\/\/www.rengoenlanoticia.cl\/prensa\/wp-json\/wp\/v2\/posts\/7237\/revisions\/7243"}],"wp:featuredmedia":[{"embeddable":true,"href":"https:\/\/www.rengoenlanoticia.cl\/prensa\/wp-json\/wp\/v2\/media\/7240"}],"wp:attachment":[{"href":"https:\/\/www.rengoenlanoticia.cl\/prensa\/wp-json\/wp\/v2\/media?parent=7237"}],"wp:term":[{"taxonomy":"category","embeddable":true,"href":"https:\/\/www.rengoenlanoticia.cl\/prensa\/wp-json\/wp\/v2\/categories?post=7237"},{"taxonomy":"post_tag","embeddable":true,"href":"https:\/\/www.rengoenlanoticia.cl\/prensa\/wp-json\/wp\/v2\/tags?post=7237"}],"curies":[{"name":"wp","href":"https:\/\/api.w.org\/{rel}","templated":true}]}}