{"id":7213,"date":"2025-10-24T00:45:06","date_gmt":"2025-10-24T00:45:06","guid":{"rendered":"https:\/\/www.rengoenlanoticia.cl\/prensa\/?p=7213"},"modified":"2025-10-24T00:51:31","modified_gmt":"2025-10-24T00:51:31","slug":"presidente-de-la-corte-de-rancagua-y-general-jefe-de-zona-de-carabineros-refuerzan-coordinacion-interinstitucional","status":"publish","type":"post","link":"https:\/\/www.rengoenlanoticia.cl\/prensa\/2025\/10\/24\/presidente-de-la-corte-de-rancagua-y-general-jefe-de-zona-de-carabineros-refuerzan-coordinacion-interinstitucional\/","title":{"rendered":"Presidente de la Corte de Rancagua y general jefe de zona de Carabineros refuerzan coordinaci\u00f3n interinstitucional"},"content":{"rendered":"\n<p>El presidente de la Corte de Apelaciones de Rancagua, ministro Pedro Caro Romero, recibi\u00f3 el saludo protocolar del general jefe de la Zona O\u2019Higgins de Carabineros, Guillermo Bohle Guichacoi, instancia en que abordaron la coordinaci\u00f3n interinstitucional y la seguridad en el entorno del tribunal de alzada.<\/p>\n\n\n\n<p>Tras la reuni\u00f3n, el ministro Caro y el general Bohle realizaron un recorrido por el per\u00edmetro de la Corte de Apelaciones para analizar en terreno las condiciones de seguridad con el fin de prevenir situaciones de peligro para los usuarios.<\/p>\n\n\n\n<figure class=\"wp-block-image size-large\"><img loading=\"lazy\" decoding=\"async\" width=\"1024\" height=\"682\" src=\"https:\/\/www.rengoenlanoticia.cl\/prensa\/wp-content\/uploads\/2025\/10\/WhatsApp-Image-2025-10-23-at-08.58.17-1024x682.jpeg\" alt=\"\" class=\"wp-image-7225\" srcset=\"https:\/\/www.rengoenlanoticia.cl\/prensa\/wp-content\/uploads\/2025\/10\/WhatsApp-Image-2025-10-23-at-08.58.17-1024x682.jpeg 1024w, https:\/\/www.rengoenlanoticia.cl\/prensa\/wp-content\/uploads\/2025\/10\/WhatsApp-Image-2025-10-23-at-08.58.17-300x200.jpeg 300w, https:\/\/www.rengoenlanoticia.cl\/prensa\/wp-content\/uploads\/2025\/10\/WhatsApp-Image-2025-10-23-at-08.58.17-768x512.jpeg 768w, https:\/\/www.rengoenlanoticia.cl\/prensa\/wp-content\/uploads\/2025\/10\/WhatsApp-Image-2025-10-23-at-08.58.17-1536x1023.jpeg 1536w, https:\/\/www.rengoenlanoticia.cl\/prensa\/wp-content\/uploads\/2025\/10\/WhatsApp-Image-2025-10-23-at-08.58.17-110x73.jpeg 110w, https:\/\/www.rengoenlanoticia.cl\/prensa\/wp-content\/uploads\/2025\/10\/WhatsApp-Image-2025-10-23-at-08.58.17-200x133.jpeg 200w, https:\/\/www.rengoenlanoticia.cl\/prensa\/wp-content\/uploads\/2025\/10\/WhatsApp-Image-2025-10-23-at-08.58.17-380x253.jpeg 380w, https:\/\/www.rengoenlanoticia.cl\/prensa\/wp-content\/uploads\/2025\/10\/WhatsApp-Image-2025-10-23-at-08.58.17-255x170.jpeg 255w, https:\/\/www.rengoenlanoticia.cl\/prensa\/wp-content\/uploads\/2025\/10\/WhatsApp-Image-2025-10-23-at-08.58.17-550x366.jpeg 550w, https:\/\/www.rengoenlanoticia.cl\/prensa\/wp-content\/uploads\/2025\/10\/WhatsApp-Image-2025-10-23-at-08.58.17-800x533.jpeg 800w, https:\/\/www.rengoenlanoticia.cl\/prensa\/wp-content\/uploads\/2025\/10\/WhatsApp-Image-2025-10-23-at-08.58.17-1160x773.jpeg 1160w, https:\/\/www.rengoenlanoticia.cl\/prensa\/wp-content\/uploads\/2025\/10\/WhatsApp-Image-2025-10-23-at-08.58.17.jpeg 1600w\" sizes=\"auto, (max-width: 1024px) 100vw, 1024px\" \/><\/figure>\n\n\n\n<p>El presidente de la Corte, Pedro Caro, indic\u00f3 que \u201cjunto al general Bohle abordamos en nuestra reuni\u00f3n diversas materias de seguridad. Posteriormente, visitamos sectores aleda\u00f1os en que se han identificado situaciones de riesgo para los usuarios. Esto demuestra el di\u00e1logo constante y coordinado que mantenemos con Carabineros\u201d.<\/p>\n\n\n\n<p>\u201cLa relaci\u00f3n con el tribunal de alzada siempre ha sido positiva. El compromiso es seguir trabajando en conjunto, con el apoyo de todas las autoridades a nivel local, para poder enfrentar la criminalidad y poder brindar m\u00e1s seguridad a los vecinos de Rancagua y la regi\u00f3n\u201d, se\u00f1al\u00f3 el general Bohle.<\/p>\n\n\n\n<p>\u201cEl objetivo del recorrido es verificar las incivilidades que puedan ocurrir en el entorno y buscar soluciones, a nivel general con las autoridades, pero desde el punto de vista policial tambi\u00e9n poder dar alguna soluci\u00f3n\u201d, agreg\u00f3<\/p>\n","protected":false},"excerpt":{"rendered":"El presidente de la Corte de Apelaciones de Rancagua, ministro Pedro Caro Romero, recibi\u00f3 el saludo protocolar del&hellip;\n","protected":false},"author":1,"featured_media":7227,"comment_status":"open","ping_status":"open","sticky":false,"template":"","format":"standard","meta":{"_monsterinsights_skip_tracking":false,"_monsterinsights_sitenote_active":false,"_monsterinsights_sitenote_note":"","_monsterinsights_sitenote_category":0,"footnotes":""},"categories":[8],"tags":[],"class_list":{"0":"post-7213","1":"post","2":"type-post","3":"status-publish","4":"format-standard","5":"has-post-thumbnail","7":"category-portada"},"aioseo_notices":[],"_links":{"self":[{"href":"https:\/\/www.rengoenlanoticia.cl\/prensa\/wp-json\/wp\/v2\/posts\/7213","targetHints":{"allow":["GET"]}}],"collection":[{"href":"https:\/\/www.rengoenlanoticia.cl\/prensa\/wp-json\/wp\/v2\/posts"}],"about":[{"href":"https:\/\/www.rengoenlanoticia.cl\/prensa\/wp-json\/wp\/v2\/types\/post"}],"author":[{"embeddable":true,"href":"https:\/\/www.rengoenlanoticia.cl\/prensa\/wp-json\/wp\/v2\/users\/1"}],"replies":[{"embeddable":true,"href":"https:\/\/www.rengoenlanoticia.cl\/prensa\/wp-json\/wp\/v2\/comments?post=7213"}],"version-history":[{"count":3,"href":"https:\/\/www.rengoenlanoticia.cl\/prensa\/wp-json\/wp\/v2\/posts\/7213\/revisions"}],"predecessor-version":[{"id":7238,"href":"https:\/\/www.rengoenlanoticia.cl\/prensa\/wp-json\/wp\/v2\/posts\/7213\/revisions\/7238"}],"wp:featuredmedia":[{"embeddable":true,"href":"https:\/\/www.rengoenlanoticia.cl\/prensa\/wp-json\/wp\/v2\/media\/7227"}],"wp:attachment":[{"href":"https:\/\/www.rengoenlanoticia.cl\/prensa\/wp-json\/wp\/v2\/media?parent=7213"}],"wp:term":[{"taxonomy":"category","embeddable":true,"href":"https:\/\/www.rengoenlanoticia.cl\/prensa\/wp-json\/wp\/v2\/categories?post=7213"},{"taxonomy":"post_tag","embeddable":true,"href":"https:\/\/www.rengoenlanoticia.cl\/prensa\/wp-json\/wp\/v2\/tags?post=7213"}],"curies":[{"name":"wp","href":"https:\/\/api.w.org\/{rel}","templated":true}]}}