{"id":7212,"date":"2025-10-24T00:45:04","date_gmt":"2025-10-24T00:45:04","guid":{"rendered":"https:\/\/www.rengoenlanoticia.cl\/prensa\/?p=7212"},"modified":"2025-10-24T00:50:45","modified_gmt":"2025-10-24T00:50:45","slug":"teleton-ohiggins-tiene-nuevo-director-pedro-caro-urbina-kinesiologo-oriundo-de-rancagua","status":"publish","type":"post","link":"https:\/\/www.rengoenlanoticia.cl\/prensa\/2025\/10\/24\/teleton-ohiggins-tiene-nuevo-director-pedro-caro-urbina-kinesiologo-oriundo-de-rancagua\/","title":{"rendered":"Telet\u00f3n O\u00b4Higgins tiene nuevo director: Pedro Caro Urbina, kinesi\u00f3logo oriundo de Rancagua"},"content":{"rendered":"\n<p>El nuevo instituto de rehabilitaci\u00f3n se encuentra en proceso de habilitaci\u00f3n para su apertura definitiva a la comunidad.<\/p>\n\n\n\n<p>Rancagua, jueves 23 de octubre 2025.- Pedro Caro Urbina (40), kinesi\u00f3logo oriundo de Rancagua y con m\u00e1s de quince a\u00f1os de experiencia en el \u00e1mbito de la rehabilitaci\u00f3n, asumi\u00f3 la direcci\u00f3n del nuevo Instituto Telet\u00f3n O\u2019Higgins, cargo desde el que liderar\u00e1 la puesta en marcha de este centro asistencial, que brindar\u00e1 atenci\u00f3n a m\u00e1s de 1.200 ni\u00f1as y ni\u00f1os de la regi\u00f3n.<\/p>\n\n\n\n<p>El profesional y ex jefe del departamento de Kinesiolog\u00eda de Telet\u00f3n Santiago, fue presentado por el equipo directivo de la instituci\u00f3n al Gobernador Regional, Pablo Silva Amaya. \u201cEstamos muy contentos de conocer a Pedro Caro, el nuevo director de la Telet\u00f3n en O\u00b4Higgins. Un profesional joven, pero con amplia experiencia en rehabilitaci\u00f3n, oriundo de Rancagua, exalumno del Liceo Oscar Castro. Estamos muy orgullosos de que alguien de la regi\u00f3n lidere este proyecto\u201d, sostuvo la autoridad.<\/p>\n\n\n\n<figure class=\"wp-block-image size-large\"><img loading=\"lazy\" decoding=\"async\" width=\"1024\" height=\"683\" src=\"https:\/\/www.rengoenlanoticia.cl\/prensa\/wp-content\/uploads\/2025\/10\/WhatsApp-Image-2025-10-23-at-13.19.51-1024x683.jpeg\" alt=\"\" class=\"wp-image-7223\" srcset=\"https:\/\/www.rengoenlanoticia.cl\/prensa\/wp-content\/uploads\/2025\/10\/WhatsApp-Image-2025-10-23-at-13.19.51-1024x683.jpeg 1024w, https:\/\/www.rengoenlanoticia.cl\/prensa\/wp-content\/uploads\/2025\/10\/WhatsApp-Image-2025-10-23-at-13.19.51-300x200.jpeg 300w, https:\/\/www.rengoenlanoticia.cl\/prensa\/wp-content\/uploads\/2025\/10\/WhatsApp-Image-2025-10-23-at-13.19.51-768x512.jpeg 768w, https:\/\/www.rengoenlanoticia.cl\/prensa\/wp-content\/uploads\/2025\/10\/WhatsApp-Image-2025-10-23-at-13.19.51-110x73.jpeg 110w, https:\/\/www.rengoenlanoticia.cl\/prensa\/wp-content\/uploads\/2025\/10\/WhatsApp-Image-2025-10-23-at-13.19.51-200x133.jpeg 200w, https:\/\/www.rengoenlanoticia.cl\/prensa\/wp-content\/uploads\/2025\/10\/WhatsApp-Image-2025-10-23-at-13.19.51-380x254.jpeg 380w, https:\/\/www.rengoenlanoticia.cl\/prensa\/wp-content\/uploads\/2025\/10\/WhatsApp-Image-2025-10-23-at-13.19.51-255x170.jpeg 255w, https:\/\/www.rengoenlanoticia.cl\/prensa\/wp-content\/uploads\/2025\/10\/WhatsApp-Image-2025-10-23-at-13.19.51-550x367.jpeg 550w, https:\/\/www.rengoenlanoticia.cl\/prensa\/wp-content\/uploads\/2025\/10\/WhatsApp-Image-2025-10-23-at-13.19.51-800x534.jpeg 800w, https:\/\/www.rengoenlanoticia.cl\/prensa\/wp-content\/uploads\/2025\/10\/WhatsApp-Image-2025-10-23-at-13.19.51-1160x774.jpeg 1160w, https:\/\/www.rengoenlanoticia.cl\/prensa\/wp-content\/uploads\/2025\/10\/WhatsApp-Image-2025-10-23-at-13.19.51.jpeg 1280w\" sizes=\"auto, (max-width: 1024px) 100vw, 1024px\" \/><\/figure>\n\n\n\n<p>Pedro Caro Urbina tiene formaci\u00f3n profesional de Kinesi\u00f3logo, con diplomados en docencia, preparaci\u00f3n acad\u00e9mica en gesti\u00f3n de centros de Salud y un magister en direcci\u00f3n y gesti\u00f3n estrat\u00e9gica en Salud. En su carrera desarroll\u00f3 experiencia cl\u00ednica, asistencial, operativa, administrativa, liderazgo de equipos humanos y conoce a muchas familias de O\u2019Higgins que ser\u00e1n acogidas en el nuevo instituto. \u201cSoy rancag\u00fcino, me he formado profesionalmente en Telet\u00f3n Santiago, y crecido t\u00e9cnicamente para venir a Rancagua, mi ciudad, a aportar mi conocimiento y todo lo aprendido a los usuarios, sus familias, para ayudar en este proceso de rehabilitaci\u00f3n, y entregar esperanza en este instituto que se va a formar\u201d, afirm\u00f3.<\/p>\n\n\n\n<p>Tras este primer encuentro en Santiago, se program\u00f3 una reuni\u00f3n de coordinaci\u00f3n con equipos t\u00e9cnicos de las seremis de Salud, Obras P\u00fablicas, el Gobierno Regional y Telet\u00f3n, con el fin de agilizar procesos administrativos, permisos de funcionamiento, adquisici\u00f3n de tecnolog\u00eda y equipamiento. \u201cEstamos trabajando en los \u00faltimos detalles, para poder definir la fecha de entrega y posterior inauguraci\u00f3n del centro Telet\u00f3n. Este es un sue\u00f1o colectivo que hemos trabajado entre muchos actores que estuvieron acompa\u00f1ando, y que han hecho posible desarrollar este proyecto en muy poco tiempo\u201d, asegur\u00f3 el Gobernador Regional, Pablo Silva Amaya.<\/p>\n\n\n\n<figure class=\"wp-block-image size-large\"><img loading=\"lazy\" decoding=\"async\" width=\"1024\" height=\"683\" src=\"https:\/\/www.rengoenlanoticia.cl\/prensa\/wp-content\/uploads\/2025\/10\/WhatsApp-Image-2025-10-23-at-13.19.51-1024x683.jpeg\" alt=\"\" class=\"wp-image-7223\" srcset=\"https:\/\/www.rengoenlanoticia.cl\/prensa\/wp-content\/uploads\/2025\/10\/WhatsApp-Image-2025-10-23-at-13.19.51-1024x683.jpeg 1024w, https:\/\/www.rengoenlanoticia.cl\/prensa\/wp-content\/uploads\/2025\/10\/WhatsApp-Image-2025-10-23-at-13.19.51-300x200.jpeg 300w, https:\/\/www.rengoenlanoticia.cl\/prensa\/wp-content\/uploads\/2025\/10\/WhatsApp-Image-2025-10-23-at-13.19.51-768x512.jpeg 768w, https:\/\/www.rengoenlanoticia.cl\/prensa\/wp-content\/uploads\/2025\/10\/WhatsApp-Image-2025-10-23-at-13.19.51-110x73.jpeg 110w, https:\/\/www.rengoenlanoticia.cl\/prensa\/wp-content\/uploads\/2025\/10\/WhatsApp-Image-2025-10-23-at-13.19.51-200x133.jpeg 200w, https:\/\/www.rengoenlanoticia.cl\/prensa\/wp-content\/uploads\/2025\/10\/WhatsApp-Image-2025-10-23-at-13.19.51-380x254.jpeg 380w, https:\/\/www.rengoenlanoticia.cl\/prensa\/wp-content\/uploads\/2025\/10\/WhatsApp-Image-2025-10-23-at-13.19.51-255x170.jpeg 255w, https:\/\/www.rengoenlanoticia.cl\/prensa\/wp-content\/uploads\/2025\/10\/WhatsApp-Image-2025-10-23-at-13.19.51-550x367.jpeg 550w, https:\/\/www.rengoenlanoticia.cl\/prensa\/wp-content\/uploads\/2025\/10\/WhatsApp-Image-2025-10-23-at-13.19.51-800x534.jpeg 800w, https:\/\/www.rengoenlanoticia.cl\/prensa\/wp-content\/uploads\/2025\/10\/WhatsApp-Image-2025-10-23-at-13.19.51-1160x774.jpeg 1160w, https:\/\/www.rengoenlanoticia.cl\/prensa\/wp-content\/uploads\/2025\/10\/WhatsApp-Image-2025-10-23-at-13.19.51.jpeg 1280w\" sizes=\"auto, (max-width: 1024px) 100vw, 1024px\" \/><\/figure>\n\n\n\n<p>Por su parte, el director Pedro Caro se\u00f1al\u00f3 que \u201cel edificio ya est\u00e1 construido en un cien por ciento, por lo tanto, estamos en una etapa intermedia del proceso administrativo. En paralelo, ya iniciamos la primera etapa de reclutamiento de personas, con tres cargos claves para nosotros, como son el jefe\/a administrativo, enfermera coordinadora y un jefe de gesti\u00f3n social y voluntariado. Posteriormente, iniciaremos una siguiente etapa, que son los cargos cl\u00ednicos\u201d.<\/p>\n\n\n\n<p>Sobre la importancia de tener un Centro de Telet\u00f3n en O\u00b4Higgins, el kinesi\u00f3logo manifest\u00f3 que \u201cera muy necesario que nosotros como regi\u00f3n tuvi\u00e9ramos nuestro propio centro, y as\u00ed darle una mayor calidad de vida a nuestros usuarios y sus familias, reduciendo sus tiempos de traslado para poder recibir su rehabilitaci\u00f3n, cerca de sus casas, en un lugar muy accesible en Rancagua. Aqu\u00ed, nuestros usuarios van a contar con la misma calidad de atenci\u00f3n, con la calidez, el trato que la familia necesita, ese respeto, empat\u00eda, cari\u00f1o con el cual queremos acompa\u00f1arlos en este proceso de rehabilitaci\u00f3n\u201d<\/p>\n\n\n\n<p>El Instituto Telet\u00f3n O\u00b4Higgins fue financiado \u00edntegramente por el Gobierno Regional y su Consejo Regional, por un monto superior a los 14 mil millones de pesos. \u201cLa Telet\u00f3n de O\u00b4Higgins contar\u00e1 con una tecnolog\u00eda de alta gama, con equipos que solo se encuentran en Telet\u00f3n, equipos como Lokomat, Andago, Semit, Tyromotion, Thera Trainer, entre otros, una cantidad de equipos tecnol\u00f3gicos que no est\u00e1n en otro lugar y que los tendremos en O\u00b4Higgins para trabajar la rehabilitaci\u00f3n\u201d.<\/p>\n","protected":false},"excerpt":{"rendered":"El nuevo instituto de rehabilitaci\u00f3n se encuentra en proceso de habilitaci\u00f3n para su apertura definitiva a la comunidad.&hellip;\n","protected":false},"author":2,"featured_media":7224,"comment_status":"open","ping_status":"open","sticky":false,"template":"","format":"standard","meta":{"_monsterinsights_skip_tracking":false,"_monsterinsights_sitenote_active":false,"_monsterinsights_sitenote_note":"","_monsterinsights_sitenote_category":0,"footnotes":""},"categories":[8],"tags":[],"class_list":{"0":"post-7212","1":"post","2":"type-post","3":"status-publish","4":"format-standard","5":"has-post-thumbnail","7":"category-portada"},"aioseo_notices":[],"_links":{"self":[{"href":"https:\/\/www.rengoenlanoticia.cl\/prensa\/wp-json\/wp\/v2\/posts\/7212","targetHints":{"allow":["GET"]}}],"collection":[{"href":"https:\/\/www.rengoenlanoticia.cl\/prensa\/wp-json\/wp\/v2\/posts"}],"about":[{"href":"https:\/\/www.rengoenlanoticia.cl\/prensa\/wp-json\/wp\/v2\/types\/post"}],"author":[{"embeddable":true,"href":"https:\/\/www.rengoenlanoticia.cl\/prensa\/wp-json\/wp\/v2\/users\/2"}],"replies":[{"embeddable":true,"href":"https:\/\/www.rengoenlanoticia.cl\/prensa\/wp-json\/wp\/v2\/comments?post=7212"}],"version-history":[{"count":2,"href":"https:\/\/www.rengoenlanoticia.cl\/prensa\/wp-json\/wp\/v2\/posts\/7212\/revisions"}],"predecessor-version":[{"id":7234,"href":"https:\/\/www.rengoenlanoticia.cl\/prensa\/wp-json\/wp\/v2\/posts\/7212\/revisions\/7234"}],"wp:featuredmedia":[{"embeddable":true,"href":"https:\/\/www.rengoenlanoticia.cl\/prensa\/wp-json\/wp\/v2\/media\/7224"}],"wp:attachment":[{"href":"https:\/\/www.rengoenlanoticia.cl\/prensa\/wp-json\/wp\/v2\/media?parent=7212"}],"wp:term":[{"taxonomy":"category","embeddable":true,"href":"https:\/\/www.rengoenlanoticia.cl\/prensa\/wp-json\/wp\/v2\/categories?post=7212"},{"taxonomy":"post_tag","embeddable":true,"href":"https:\/\/www.rengoenlanoticia.cl\/prensa\/wp-json\/wp\/v2\/tags?post=7212"}],"curies":[{"name":"wp","href":"https:\/\/api.w.org\/{rel}","templated":true}]}}