{"id":7211,"date":"2025-10-24T00:48:26","date_gmt":"2025-10-24T00:48:26","guid":{"rendered":"https:\/\/www.rengoenlanoticia.cl\/prensa\/?p=7211"},"modified":"2025-10-24T00:48:31","modified_gmt":"2025-10-24T00:48:31","slug":"carabineros-detuvo-a-cinco-sujetos-involucrados-en-robo-con-intimidacion-en-rancagua","status":"publish","type":"post","link":"https:\/\/www.rengoenlanoticia.cl\/prensa\/2025\/10\/24\/carabineros-detuvo-a-cinco-sujetos-involucrados-en-robo-con-intimidacion-en-rancagua\/","title":{"rendered":"Carabineros detuvo a cinco sujetos involucrados en robo con intimidaci\u00f3n en Rancagua"},"content":{"rendered":"\n<p> Un operativo policial coordinado entre distintas unidades de Carabineros permiti\u00f3 la detenci\u00f3n de cinco sujetos que habr\u00edan participado en un robo con intimidaci\u00f3n ocurrido la semana pasada a la salida de un banco en Rancagua, donde sustrajeron 10 millones de pesos a una v\u00edctima, en el marco de los denominados delitos \u201csalida de banco\u201d.<\/p>\n\n\n\n<p>El procedimiento fue liderado por la <strong>Secci\u00f3n de Investigaci\u00f3n Policial (SIP) de la 2\u00aa Comisar\u00eda de Graneros<\/strong>, con apoyo de personal de Rancagua y otras unidades de la instituci\u00f3n.<\/p>\n\n\n\n<p>El <strong>Mayor Claudio Rebolledo Matamala<\/strong>, comisario de Graneros, explic\u00f3 que tras diversas diligencias investigativas se logr\u00f3 identificar dos veh\u00edculos utilizados por los delincuentes en el il\u00edcito. \u201cA ra\u00edz de las diligencias desarrolladas por Carabineros se manten\u00edan identificados dos veh\u00edculos que participaron en el hecho delictual, por lo cual est\u00e1bamos atentos a sus movimientos. En ese sentido, hoy recibimos el comunicado de que \u00e9stos hab\u00edan ingresado a la Regi\u00f3n de O\u2019Higgins desde la Regi\u00f3n Metropolitana\u201d, se\u00f1al\u00f3.<\/p>\n\n\n\n<p>Ante esta alerta, se activ\u00f3 un procedimiento de seguimiento controlado que permiti\u00f3 interceptar uno de los autom\u00f3viles en el <strong>kil\u00f3metro 88 de la Ruta Traves\u00eda<\/strong>, sector Bypass Rancagua, donde fueron detenidos tres de los involucrados. De manera simult\u00e1nea, otros dos individuos fueron aprehendidos en el <strong>sector de la Ruta H-10 con Santa Julia<\/strong>.<\/p>\n\n\n\n<figure class=\"wp-block-image size-full\"><img loading=\"lazy\" decoding=\"async\" width=\"970\" height=\"903\" src=\"https:\/\/www.rengoenlanoticia.cl\/prensa\/wp-content\/uploads\/2025\/10\/WhatsApp-Image-2025-10-23-at-16.24.27.jpeg\" alt=\"\" class=\"wp-image-7220\" srcset=\"https:\/\/www.rengoenlanoticia.cl\/prensa\/wp-content\/uploads\/2025\/10\/WhatsApp-Image-2025-10-23-at-16.24.27.jpeg 970w, https:\/\/www.rengoenlanoticia.cl\/prensa\/wp-content\/uploads\/2025\/10\/WhatsApp-Image-2025-10-23-at-16.24.27-300x279.jpeg 300w, https:\/\/www.rengoenlanoticia.cl\/prensa\/wp-content\/uploads\/2025\/10\/WhatsApp-Image-2025-10-23-at-16.24.27-768x715.jpeg 768w, https:\/\/www.rengoenlanoticia.cl\/prensa\/wp-content\/uploads\/2025\/10\/WhatsApp-Image-2025-10-23-at-16.24.27-110x102.jpeg 110w, https:\/\/www.rengoenlanoticia.cl\/prensa\/wp-content\/uploads\/2025\/10\/WhatsApp-Image-2025-10-23-at-16.24.27-200x186.jpeg 200w, https:\/\/www.rengoenlanoticia.cl\/prensa\/wp-content\/uploads\/2025\/10\/WhatsApp-Image-2025-10-23-at-16.24.27-380x354.jpeg 380w, https:\/\/www.rengoenlanoticia.cl\/prensa\/wp-content\/uploads\/2025\/10\/WhatsApp-Image-2025-10-23-at-16.24.27-255x237.jpeg 255w, https:\/\/www.rengoenlanoticia.cl\/prensa\/wp-content\/uploads\/2025\/10\/WhatsApp-Image-2025-10-23-at-16.24.27-550x512.jpeg 550w, https:\/\/www.rengoenlanoticia.cl\/prensa\/wp-content\/uploads\/2025\/10\/WhatsApp-Image-2025-10-23-at-16.24.27-800x745.jpeg 800w\" sizes=\"auto, (max-width: 970px) 100vw, 970px\" \/><\/figure>\n\n\n\n<p>Los detenidos \u2014identificados con las iniciales <strong>C.A.C.U. (41), M.A.E.C. (35), J.A.S.F. (42), L.L.S.R. (49)<\/strong> y <strong>A.E.P.C. (57)<\/strong>\u2014 mantienen domicilio en la Regi\u00f3n Metropolitana y registran antecedentes por <strong>robo con violencia, robo con intimidaci\u00f3n y estafas<\/strong>. Los dos \u00faltimos contaban adem\u00e1s con \u00f3rdenes de detenci\u00f3n vigentes.<\/p>\n\n\n\n<figure class=\"wp-block-image size-large\"><img loading=\"lazy\" decoding=\"async\" width=\"1024\" height=\"610\" src=\"https:\/\/www.rengoenlanoticia.cl\/prensa\/wp-content\/uploads\/2025\/10\/WhatsApp-Image-2025-10-23-at-16.23.55-1024x610.jpeg\" alt=\"\" class=\"wp-image-7221\" srcset=\"https:\/\/www.rengoenlanoticia.cl\/prensa\/wp-content\/uploads\/2025\/10\/WhatsApp-Image-2025-10-23-at-16.23.55-1024x610.jpeg 1024w, https:\/\/www.rengoenlanoticia.cl\/prensa\/wp-content\/uploads\/2025\/10\/WhatsApp-Image-2025-10-23-at-16.23.55-300x179.jpeg 300w, https:\/\/www.rengoenlanoticia.cl\/prensa\/wp-content\/uploads\/2025\/10\/WhatsApp-Image-2025-10-23-at-16.23.55-768x458.jpeg 768w, https:\/\/www.rengoenlanoticia.cl\/prensa\/wp-content\/uploads\/2025\/10\/WhatsApp-Image-2025-10-23-at-16.23.55-110x66.jpeg 110w, https:\/\/www.rengoenlanoticia.cl\/prensa\/wp-content\/uploads\/2025\/10\/WhatsApp-Image-2025-10-23-at-16.23.55-200x119.jpeg 200w, https:\/\/www.rengoenlanoticia.cl\/prensa\/wp-content\/uploads\/2025\/10\/WhatsApp-Image-2025-10-23-at-16.23.55-380x227.jpeg 380w, https:\/\/www.rengoenlanoticia.cl\/prensa\/wp-content\/uploads\/2025\/10\/WhatsApp-Image-2025-10-23-at-16.23.55-255x152.jpeg 255w, https:\/\/www.rengoenlanoticia.cl\/prensa\/wp-content\/uploads\/2025\/10\/WhatsApp-Image-2025-10-23-at-16.23.55-550x328.jpeg 550w, https:\/\/www.rengoenlanoticia.cl\/prensa\/wp-content\/uploads\/2025\/10\/WhatsApp-Image-2025-10-23-at-16.23.55-800x477.jpeg 800w, https:\/\/www.rengoenlanoticia.cl\/prensa\/wp-content\/uploads\/2025\/10\/WhatsApp-Image-2025-10-23-at-16.23.55-1160x691.jpeg 1160w, https:\/\/www.rengoenlanoticia.cl\/prensa\/wp-content\/uploads\/2025\/10\/WhatsApp-Image-2025-10-23-at-16.23.55.jpeg 1280w\" sizes=\"auto, (max-width: 1024px) 100vw, 1024px\" \/><\/figure>\n\n\n\n<p>Durante el operativo se <strong>incautaron los dos veh\u00edculos utilizados<\/strong>, adem\u00e1s de diversos elementos empleados para cometer il\u00edcitos, entre ellos un <strong>inhibidor de se\u00f1al<\/strong>.<\/p>\n\n\n\n<p>Por instrucci\u00f3n del <strong>Ministerio P\u00fablico<\/strong>, los cinco imputados fueron puestos a <strong>control de detenci\u00f3n<\/strong> durante esta jornada.<\/p>\n","protected":false},"excerpt":{"rendered":"Un operativo policial coordinado entre distintas unidades de Carabineros permiti\u00f3 la detenci\u00f3n de cinco sujetos que habr\u00edan participado&hellip;\n","protected":false},"author":2,"featured_media":7219,"comment_status":"open","ping_status":"open","sticky":false,"template":"","format":"standard","meta":{"_monsterinsights_skip_tracking":false,"_monsterinsights_sitenote_active":false,"_monsterinsights_sitenote_note":"","_monsterinsights_sitenote_category":0,"footnotes":""},"categories":[8],"tags":[],"class_list":{"0":"post-7211","1":"post","2":"type-post","3":"status-publish","4":"format-standard","5":"has-post-thumbnail","7":"category-portada"},"aioseo_notices":[],"_links":{"self":[{"href":"https:\/\/www.rengoenlanoticia.cl\/prensa\/wp-json\/wp\/v2\/posts\/7211","targetHints":{"allow":["GET"]}}],"collection":[{"href":"https:\/\/www.rengoenlanoticia.cl\/prensa\/wp-json\/wp\/v2\/posts"}],"about":[{"href":"https:\/\/www.rengoenlanoticia.cl\/prensa\/wp-json\/wp\/v2\/types\/post"}],"author":[{"embeddable":true,"href":"https:\/\/www.rengoenlanoticia.cl\/prensa\/wp-json\/wp\/v2\/users\/2"}],"replies":[{"embeddable":true,"href":"https:\/\/www.rengoenlanoticia.cl\/prensa\/wp-json\/wp\/v2\/comments?post=7211"}],"version-history":[{"count":3,"href":"https:\/\/www.rengoenlanoticia.cl\/prensa\/wp-json\/wp\/v2\/posts\/7211\/revisions"}],"predecessor-version":[{"id":7232,"href":"https:\/\/www.rengoenlanoticia.cl\/prensa\/wp-json\/wp\/v2\/posts\/7211\/revisions\/7232"}],"wp:featuredmedia":[{"embeddable":true,"href":"https:\/\/www.rengoenlanoticia.cl\/prensa\/wp-json\/wp\/v2\/media\/7219"}],"wp:attachment":[{"href":"https:\/\/www.rengoenlanoticia.cl\/prensa\/wp-json\/wp\/v2\/media?parent=7211"}],"wp:term":[{"taxonomy":"category","embeddable":true,"href":"https:\/\/www.rengoenlanoticia.cl\/prensa\/wp-json\/wp\/v2\/categories?post=7211"},{"taxonomy":"post_tag","embeddable":true,"href":"https:\/\/www.rengoenlanoticia.cl\/prensa\/wp-json\/wp\/v2\/tags?post=7211"}],"curies":[{"name":"wp","href":"https:\/\/api.w.org\/{rel}","templated":true}]}}