{"id":7210,"date":"2025-10-24T00:46:41","date_gmt":"2025-10-24T00:46:41","guid":{"rendered":"https:\/\/www.rengoenlanoticia.cl\/prensa\/?p=7210"},"modified":"2025-10-24T00:46:49","modified_gmt":"2025-10-24T00:46:49","slug":"sueno-cumplido-en-rancagua-140-familias-reciben-las-llaves-de-su-casa-propia","status":"publish","type":"post","link":"https:\/\/www.rengoenlanoticia.cl\/prensa\/2025\/10\/24\/sueno-cumplido-en-rancagua-140-familias-reciben-las-llaves-de-su-casa-propia\/","title":{"rendered":"Sue\u00f1o Cumplido en Rancagua: 140 Familias Reciben las Llaves de su Casa Propia"},"content":{"rendered":"\n<p>Un total de 140 familias en Rancagua celebraron la entrega de llaves de su vivienda propia, un hito alcanzado gracias al proyecto de integraci\u00f3n social y territorial DS.19.<\/p>\n\n\n\n<p>El conjunto habitacional, denominado Parque Pehu\u00e9n 1, no solo cumple el anhelo de la casa propia, sino que tambi\u00e9n busca mejorar la calidad de vida en el sector a trav\u00e9s de:<\/p>\n\n\n\n<p>Viviendas de Alto Est\u00e1ndar: Con m\u00e1s de 60 metros cuadrados y caracter\u00edsticas de eficiencia energ\u00e9tica.<\/p>\n\n\n\n<p>Dise\u00f1o Inclusivo: Se contempla una tipolog\u00eda de vivienda adaptada para personas con movilidad reducida.<\/p>\n\n\n\n<p>Mejoras Territoriales: Incorporaci\u00f3n de mejoras en vialidades y seguridad vial.<\/p>\n\n\n\n<p>Nuevos Espacios P\u00fablicos: Creaci\u00f3n de zonas de esparcimiento para ni\u00f1os y sus familias.<\/p>\n\n\n\n<figure class=\"wp-block-image size-large\"><img loading=\"lazy\" decoding=\"async\" width=\"1024\" height=\"576\" src=\"https:\/\/www.rengoenlanoticia.cl\/prensa\/wp-content\/uploads\/2025\/10\/WhatsApp-Image-2025-10-23-at-20.42.13-1024x576.jpeg\" alt=\"\" class=\"wp-image-7214\" srcset=\"https:\/\/www.rengoenlanoticia.cl\/prensa\/wp-content\/uploads\/2025\/10\/WhatsApp-Image-2025-10-23-at-20.42.13-1024x576.jpeg 1024w, https:\/\/www.rengoenlanoticia.cl\/prensa\/wp-content\/uploads\/2025\/10\/WhatsApp-Image-2025-10-23-at-20.42.13-300x169.jpeg 300w, https:\/\/www.rengoenlanoticia.cl\/prensa\/wp-content\/uploads\/2025\/10\/WhatsApp-Image-2025-10-23-at-20.42.13-768x432.jpeg 768w, https:\/\/www.rengoenlanoticia.cl\/prensa\/wp-content\/uploads\/2025\/10\/WhatsApp-Image-2025-10-23-at-20.42.13-1536x864.jpeg 1536w, https:\/\/www.rengoenlanoticia.cl\/prensa\/wp-content\/uploads\/2025\/10\/WhatsApp-Image-2025-10-23-at-20.42.13-110x62.jpeg 110w, https:\/\/www.rengoenlanoticia.cl\/prensa\/wp-content\/uploads\/2025\/10\/WhatsApp-Image-2025-10-23-at-20.42.13-200x112.jpeg 200w, https:\/\/www.rengoenlanoticia.cl\/prensa\/wp-content\/uploads\/2025\/10\/WhatsApp-Image-2025-10-23-at-20.42.13-380x214.jpeg 380w, https:\/\/www.rengoenlanoticia.cl\/prensa\/wp-content\/uploads\/2025\/10\/WhatsApp-Image-2025-10-23-at-20.42.13-255x143.jpeg 255w, https:\/\/www.rengoenlanoticia.cl\/prensa\/wp-content\/uploads\/2025\/10\/WhatsApp-Image-2025-10-23-at-20.42.13-550x309.jpeg 550w, https:\/\/www.rengoenlanoticia.cl\/prensa\/wp-content\/uploads\/2025\/10\/WhatsApp-Image-2025-10-23-at-20.42.13-800x450.jpeg 800w, https:\/\/www.rengoenlanoticia.cl\/prensa\/wp-content\/uploads\/2025\/10\/WhatsApp-Image-2025-10-23-at-20.42.13-1160x652.jpeg 1160w, https:\/\/www.rengoenlanoticia.cl\/prensa\/wp-content\/uploads\/2025\/10\/WhatsApp-Image-2025-10-23-at-20.42.13.jpeg 1599w\" sizes=\"auto, (max-width: 1024px) 100vw, 1024px\" \/><\/figure>\n\n\n\n<p>El Delegado Presidencial de O&#8217;Higgins, Fabio L\u00f3pez, destac\u00f3 y valor\u00f3 la entrega de estas viviendas construidas con un alto est\u00e1ndar, \u00abdistinto, impensado hace 30 a\u00f1os atr\u00e1s. Este proyecto contribuye significativamente al Plan de Emergencia Habitacional impulsado por el Presidente Gabriel Boric. La regi\u00f3n de O\u2019Higgins ya se encuentra cercana al 97% de avance y est\u00e1 en la \u00faltima milla para poder cumplir con esa meta\u00bb.<\/p>\n\n\n\n<figure class=\"wp-block-image size-large\"><img loading=\"lazy\" decoding=\"async\" width=\"1024\" height=\"576\" src=\"https:\/\/www.rengoenlanoticia.cl\/prensa\/wp-content\/uploads\/2025\/10\/WhatsApp-Image-2025-10-23-at-20.42.14-1-1024x576.jpeg\" alt=\"\" class=\"wp-image-7215\" srcset=\"https:\/\/www.rengoenlanoticia.cl\/prensa\/wp-content\/uploads\/2025\/10\/WhatsApp-Image-2025-10-23-at-20.42.14-1-1024x576.jpeg 1024w, https:\/\/www.rengoenlanoticia.cl\/prensa\/wp-content\/uploads\/2025\/10\/WhatsApp-Image-2025-10-23-at-20.42.14-1-300x169.jpeg 300w, https:\/\/www.rengoenlanoticia.cl\/prensa\/wp-content\/uploads\/2025\/10\/WhatsApp-Image-2025-10-23-at-20.42.14-1-768x432.jpeg 768w, https:\/\/www.rengoenlanoticia.cl\/prensa\/wp-content\/uploads\/2025\/10\/WhatsApp-Image-2025-10-23-at-20.42.14-1-1536x864.jpeg 1536w, https:\/\/www.rengoenlanoticia.cl\/prensa\/wp-content\/uploads\/2025\/10\/WhatsApp-Image-2025-10-23-at-20.42.14-1-110x62.jpeg 110w, https:\/\/www.rengoenlanoticia.cl\/prensa\/wp-content\/uploads\/2025\/10\/WhatsApp-Image-2025-10-23-at-20.42.14-1-200x112.jpeg 200w, https:\/\/www.rengoenlanoticia.cl\/prensa\/wp-content\/uploads\/2025\/10\/WhatsApp-Image-2025-10-23-at-20.42.14-1-380x214.jpeg 380w, https:\/\/www.rengoenlanoticia.cl\/prensa\/wp-content\/uploads\/2025\/10\/WhatsApp-Image-2025-10-23-at-20.42.14-1-255x143.jpeg 255w, https:\/\/www.rengoenlanoticia.cl\/prensa\/wp-content\/uploads\/2025\/10\/WhatsApp-Image-2025-10-23-at-20.42.14-1-550x309.jpeg 550w, https:\/\/www.rengoenlanoticia.cl\/prensa\/wp-content\/uploads\/2025\/10\/WhatsApp-Image-2025-10-23-at-20.42.14-1-800x450.jpeg 800w, https:\/\/www.rengoenlanoticia.cl\/prensa\/wp-content\/uploads\/2025\/10\/WhatsApp-Image-2025-10-23-at-20.42.14-1-1160x652.jpeg 1160w, https:\/\/www.rengoenlanoticia.cl\/prensa\/wp-content\/uploads\/2025\/10\/WhatsApp-Image-2025-10-23-at-20.42.14-1.jpeg 1599w\" sizes=\"auto, (max-width: 1024px) 100vw, 1024px\" \/><\/figure>\n\n\n\n<p>La etapa 1 del Plan Parque Pehu\u00e9n 1 considera siete edificios de cinco pisos con \u00e1reas comunes que integran todo el conjunto:<\/p>\n\n\n\n<p>Piscina, \u00c1rea de quinchos, Sala multiuso, \u00c1reas de juegos y ejercicios, Control de accesos con porter\u00edas, Un strip center con 14 locales comerciales<\/p>\n\n\n\n<p>Las viviendas cuentan con una excelente ubicaci\u00f3n y conectividad hacia Avenida La Compa\u00f1\u00eda y, a su vez, a la Avenida Circunvalaci\u00f3n Norte, que une de manera transversal el \u00e1rea norte, oriente y poniente de la ciudad.<\/p>\n","protected":false},"excerpt":{"rendered":"Un total de 140 familias en Rancagua celebraron la entrega de llaves de su vivienda propia, un hito&hellip;\n","protected":false},"author":1,"featured_media":7216,"comment_status":"open","ping_status":"open","sticky":false,"template":"","format":"standard","meta":{"_monsterinsights_skip_tracking":false,"_monsterinsights_sitenote_active":false,"_monsterinsights_sitenote_note":"","_monsterinsights_sitenote_category":0,"footnotes":""},"categories":[8],"tags":[],"class_list":{"0":"post-7210","1":"post","2":"type-post","3":"status-publish","4":"format-standard","5":"has-post-thumbnail","7":"category-portada"},"aioseo_notices":[],"_links":{"self":[{"href":"https:\/\/www.rengoenlanoticia.cl\/prensa\/wp-json\/wp\/v2\/posts\/7210","targetHints":{"allow":["GET"]}}],"collection":[{"href":"https:\/\/www.rengoenlanoticia.cl\/prensa\/wp-json\/wp\/v2\/posts"}],"about":[{"href":"https:\/\/www.rengoenlanoticia.cl\/prensa\/wp-json\/wp\/v2\/types\/post"}],"author":[{"embeddable":true,"href":"https:\/\/www.rengoenlanoticia.cl\/prensa\/wp-json\/wp\/v2\/users\/1"}],"replies":[{"embeddable":true,"href":"https:\/\/www.rengoenlanoticia.cl\/prensa\/wp-json\/wp\/v2\/comments?post=7210"}],"version-history":[{"count":3,"href":"https:\/\/www.rengoenlanoticia.cl\/prensa\/wp-json\/wp\/v2\/posts\/7210\/revisions"}],"predecessor-version":[{"id":7229,"href":"https:\/\/www.rengoenlanoticia.cl\/prensa\/wp-json\/wp\/v2\/posts\/7210\/revisions\/7229"}],"wp:featuredmedia":[{"embeddable":true,"href":"https:\/\/www.rengoenlanoticia.cl\/prensa\/wp-json\/wp\/v2\/media\/7216"}],"wp:attachment":[{"href":"https:\/\/www.rengoenlanoticia.cl\/prensa\/wp-json\/wp\/v2\/media?parent=7210"}],"wp:term":[{"taxonomy":"category","embeddable":true,"href":"https:\/\/www.rengoenlanoticia.cl\/prensa\/wp-json\/wp\/v2\/categories?post=7210"},{"taxonomy":"post_tag","embeddable":true,"href":"https:\/\/www.rengoenlanoticia.cl\/prensa\/wp-json\/wp\/v2\/tags?post=7210"}],"curies":[{"name":"wp","href":"https:\/\/api.w.org\/{rel}","templated":true}]}}