{"id":7189,"date":"2025-10-24T00:03:27","date_gmt":"2025-10-24T00:03:27","guid":{"rendered":"https:\/\/www.rengoenlanoticia.cl\/prensa\/?p=7189"},"modified":"2025-10-24T00:08:37","modified_gmt":"2025-10-24T00:08:37","slug":"minvu-ohiggins-entrega-subsidios-habitacionales-a-155-familias-de-donihue-y-concreta-esperado-proyecto-de-vivienda","status":"publish","type":"post","link":"https:\/\/www.rengoenlanoticia.cl\/prensa\/2025\/10\/24\/minvu-ohiggins-entrega-subsidios-habitacionales-a-155-familias-de-donihue-y-concreta-esperado-proyecto-de-vivienda\/","title":{"rendered":"Minvu O\u2019Higgins entrega subsidios habitacionales a 155 familias de Do\u00f1ihue y concreta esperado proyecto de vivienda"},"content":{"rendered":"\n<p><em>&#8211;<\/em>&nbsp;<em>El Comit\u00e9 Nueva Aventura de Lo Miranda recibi\u00f3 los certificados que permitir\u00e1n iniciar la construcci\u00f3n de su conjunto habitacional, que ser\u00e1 desarrollado bajo la modalidad de vivienda industrializada en el marco del Plan de Emergencia Habitacional (PEH).<\/em><\/p>\n\n\n\n<p><em>&#8211;<\/em>&nbsp;<em>El subsecretario general de Gobierno, Erwin D\u00edaz, encabez\u00f3 la ceremonia, destacando la importancia del Plan de Emergencia Habitacional impulsado por el Presidente Gabriel Boric.<\/em><\/p>\n\n\n\n<p>La tarde del mi\u00e9rcoles 22 de octubre, en el Colegio de Lo Miranda de Do\u00f1ihue, 155 familias del Comit\u00e9 de Nueva Aventura recibieron sus subsidios habitacionales del Fondo Solidario de Elecci\u00f3n de Vivienda (DS49) del Ministerio de Vivienda y Urbanismo. Estos subsidios forman parte del&nbsp;<strong>Plan de Emergencia Habitacional<\/strong>&nbsp;impulsado por el Gobierno del Presidente Gabriel Boric. La ceremonia fue encabezada por el subsecretario general de Gobierno, Erwin D\u00edaz; el delegado presidencial de O\u2019Higgins, Fabio L\u00f3pez; el alcalde de la comuna, Boris Acu\u00f1a; el seremi de Vivienda y Urbanismo, Luis Barboza; y el director regional de Serviu O\u2019Higgins, Omar Guti\u00e9rrez.<\/p>\n\n\n\n<figure class=\"wp-block-image size-full\"><img loading=\"lazy\" decoding=\"async\" width=\"1024\" height=\"576\" src=\"https:\/\/www.rengoenlanoticia.cl\/prensa\/wp-content\/uploads\/2025\/10\/Aventura6.jpg\" alt=\"\" class=\"wp-image-7191\" srcset=\"https:\/\/www.rengoenlanoticia.cl\/prensa\/wp-content\/uploads\/2025\/10\/Aventura6.jpg 1024w, https:\/\/www.rengoenlanoticia.cl\/prensa\/wp-content\/uploads\/2025\/10\/Aventura6-300x169.jpg 300w, https:\/\/www.rengoenlanoticia.cl\/prensa\/wp-content\/uploads\/2025\/10\/Aventura6-768x432.jpg 768w, https:\/\/www.rengoenlanoticia.cl\/prensa\/wp-content\/uploads\/2025\/10\/Aventura6-110x62.jpg 110w, https:\/\/www.rengoenlanoticia.cl\/prensa\/wp-content\/uploads\/2025\/10\/Aventura6-200x113.jpg 200w, https:\/\/www.rengoenlanoticia.cl\/prensa\/wp-content\/uploads\/2025\/10\/Aventura6-380x214.jpg 380w, https:\/\/www.rengoenlanoticia.cl\/prensa\/wp-content\/uploads\/2025\/10\/Aventura6-255x143.jpg 255w, https:\/\/www.rengoenlanoticia.cl\/prensa\/wp-content\/uploads\/2025\/10\/Aventura6-550x309.jpg 550w, https:\/\/www.rengoenlanoticia.cl\/prensa\/wp-content\/uploads\/2025\/10\/Aventura6-800x450.jpg 800w\" sizes=\"auto, (max-width: 1024px) 100vw, 1024px\" \/><\/figure>\n\n\n\n<p>Los beneficios estatales est\u00e1n asociados a un proyecto habitacional ya aprobado por Serviu O\u2019Higgins, que cuenta con terreno y se ejecutar\u00e1 mediante un sistema constructivo industrializado, lo que permitir\u00e1 avanzar con mayor rapidez en la entrega de las viviendas. El proyecto fue desarrollado por la Entidad Patrocinante Inmobiliaria Andina SPA y estar\u00e1 a cargo de la Constructora CBL.<\/p>\n\n\n\n<p>El subsecretario de Gobierno,&nbsp;<strong>Erwin D\u00edaz<\/strong>, destac\u00f3 que \u201ces un paso muy significativo para avanzar en el Plan de Emergencia Habitacional, pero por sobre todo para las familias que han llegado a este momento y que prontamente podr\u00e1n ver la construcci\u00f3n de sus viviendas. Ahora, llegar al 100% de la meta contemplada en el plan de nuestro gobierno, no significa detenernos. Seguiremos trabajando para dar soluciones habitacionales a miles de familias en la regi\u00f3n, junto a otras pol\u00edticas p\u00fablicas que buscan responder a las demandas m\u00e1s urgentes de la ciudadan\u00eda\u201d.<\/p>\n\n\n\n<figure class=\"wp-block-image size-full\"><img loading=\"lazy\" decoding=\"async\" width=\"1024\" height=\"576\" src=\"https:\/\/www.rengoenlanoticia.cl\/prensa\/wp-content\/uploads\/2025\/10\/Aventura2.jpg\" alt=\"\" class=\"wp-image-7193\" srcset=\"https:\/\/www.rengoenlanoticia.cl\/prensa\/wp-content\/uploads\/2025\/10\/Aventura2.jpg 1024w, https:\/\/www.rengoenlanoticia.cl\/prensa\/wp-content\/uploads\/2025\/10\/Aventura2-300x169.jpg 300w, https:\/\/www.rengoenlanoticia.cl\/prensa\/wp-content\/uploads\/2025\/10\/Aventura2-768x432.jpg 768w, https:\/\/www.rengoenlanoticia.cl\/prensa\/wp-content\/uploads\/2025\/10\/Aventura2-110x62.jpg 110w, https:\/\/www.rengoenlanoticia.cl\/prensa\/wp-content\/uploads\/2025\/10\/Aventura2-200x113.jpg 200w, https:\/\/www.rengoenlanoticia.cl\/prensa\/wp-content\/uploads\/2025\/10\/Aventura2-380x214.jpg 380w, https:\/\/www.rengoenlanoticia.cl\/prensa\/wp-content\/uploads\/2025\/10\/Aventura2-255x143.jpg 255w, https:\/\/www.rengoenlanoticia.cl\/prensa\/wp-content\/uploads\/2025\/10\/Aventura2-550x309.jpg 550w, https:\/\/www.rengoenlanoticia.cl\/prensa\/wp-content\/uploads\/2025\/10\/Aventura2-800x450.jpg 800w\" sizes=\"auto, (max-width: 1024px) 100vw, 1024px\" \/><\/figure>\n\n\n\n<p>Por su parte, el seremi de Vivienda y Urbanismo,&nbsp;<strong>Luis Barboza<\/strong>, valor\u00f3 el trabajo conjunto entre el comit\u00e9, el municipio y los equipos del Minvu y Serviu. \u201cYa estamos cerca de cumplir con la meta de 14.667 viviendas en la regi\u00f3n de O\u2019Higgins en el marco del Plan de Emergencia. La entrega de estos subsidios es un ejemplo de gesti\u00f3n p\u00fablica, porque despu\u00e9s de d\u00e9cadas de espera, pudimos junto al Serviu encontrar la f\u00f3rmula, aprobar el proyecto y dar luz verde a su ejecuci\u00f3n\u201d, se\u00f1al\u00f3.<\/p>\n\n\n\n<p>El&nbsp;<strong>Comit\u00e9 Nueva Aventura<\/strong>&nbsp;naci\u00f3 en 2014 como una iniciativa de vecinas y vecinos del sector La Plazuela, liderados por la&nbsp;<strong>Doraliza Droguett<\/strong>, quien manifest\u00f3 estar emocionada por el logro alcanzado. \u201cTengo el coraz\u00f3n inflado, fueron once a\u00f1os de espera y de penas, pero el grupo fue muy unido. Finalmente sali\u00f3 el proyecto adelante y estoy muy feliz\u201d, expres\u00f3.<\/p>\n\n\n\n<figure class=\"wp-block-image size-full\"><img loading=\"lazy\" decoding=\"async\" width=\"1024\" height=\"576\" src=\"https:\/\/www.rengoenlanoticia.cl\/prensa\/wp-content\/uploads\/2025\/10\/Aventura5.jpg\" alt=\"\" class=\"wp-image-7194\" srcset=\"https:\/\/www.rengoenlanoticia.cl\/prensa\/wp-content\/uploads\/2025\/10\/Aventura5.jpg 1024w, https:\/\/www.rengoenlanoticia.cl\/prensa\/wp-content\/uploads\/2025\/10\/Aventura5-300x169.jpg 300w, https:\/\/www.rengoenlanoticia.cl\/prensa\/wp-content\/uploads\/2025\/10\/Aventura5-768x432.jpg 768w, https:\/\/www.rengoenlanoticia.cl\/prensa\/wp-content\/uploads\/2025\/10\/Aventura5-110x62.jpg 110w, https:\/\/www.rengoenlanoticia.cl\/prensa\/wp-content\/uploads\/2025\/10\/Aventura5-200x113.jpg 200w, https:\/\/www.rengoenlanoticia.cl\/prensa\/wp-content\/uploads\/2025\/10\/Aventura5-380x214.jpg 380w, https:\/\/www.rengoenlanoticia.cl\/prensa\/wp-content\/uploads\/2025\/10\/Aventura5-255x143.jpg 255w, https:\/\/www.rengoenlanoticia.cl\/prensa\/wp-content\/uploads\/2025\/10\/Aventura5-550x309.jpg 550w, https:\/\/www.rengoenlanoticia.cl\/prensa\/wp-content\/uploads\/2025\/10\/Aventura5-800x450.jpg 800w\" sizes=\"auto, (max-width: 1024px) 100vw, 1024px\" \/><\/figure>\n\n\n\n<p>El delegado presidencial de O\u2019Higgins,&nbsp;<strong>Fabio L\u00f3pez<\/strong>, subray\u00f3 la relevancia del momento. \u201cEste es un paso fundamental, ya que el comit\u00e9 cuenta con proyecto y terreno, y dentro de poco comenzar\u00e1 la construcci\u00f3n de sus viviendas bajo la modalidad de vivienda industrializada, en el marco del Plan de Emergencia Habitacional del Presidente Gabriel Boric\u201d, afirm\u00f3.<\/p>\n\n\n\n<p>Finalmente, el alcalde de Do\u00f1ihue,&nbsp;<strong>Boris Acu\u00f1a<\/strong>, valor\u00f3 el esfuerzo y la perseverancia de las familias. \u201cTodos los testimonios se quedan cortos frente al compromiso de quienes hoy reciben este subsidio. Gracias al Plan de Emergencia Habitacional, nuestras familias dan un paso fundamental hacia la concreci\u00f3n de su vivienda propia\u201d, indic\u00f3.<\/p>\n\n\n\n<p>En la ceremonia estuvieron presentes adem\u00e1s el seremi de Gobierno, Carlos Carrasco, las diputadas Marcela Riquelme y Natalia Romero, el diputado Ra\u00fal Soto, concejales y consejeros regionales.<\/p>\n","protected":false},"excerpt":{"rendered":"&#8211;&nbsp;El Comit\u00e9 Nueva Aventura de Lo Miranda recibi\u00f3 los certificados que permitir\u00e1n iniciar la construcci\u00f3n de su conjunto&hellip;\n","protected":false},"author":1,"featured_media":7190,"comment_status":"open","ping_status":"open","sticky":false,"template":"","format":"standard","meta":{"_monsterinsights_skip_tracking":false,"_monsterinsights_sitenote_active":false,"_monsterinsights_sitenote_note":"","_monsterinsights_sitenote_category":0,"footnotes":""},"categories":[8],"tags":[],"class_list":{"0":"post-7189","1":"post","2":"type-post","3":"status-publish","4":"format-standard","5":"has-post-thumbnail","7":"category-portada"},"aioseo_notices":[],"_links":{"self":[{"href":"https:\/\/www.rengoenlanoticia.cl\/prensa\/wp-json\/wp\/v2\/posts\/7189","targetHints":{"allow":["GET"]}}],"collection":[{"href":"https:\/\/www.rengoenlanoticia.cl\/prensa\/wp-json\/wp\/v2\/posts"}],"about":[{"href":"https:\/\/www.rengoenlanoticia.cl\/prensa\/wp-json\/wp\/v2\/types\/post"}],"author":[{"embeddable":true,"href":"https:\/\/www.rengoenlanoticia.cl\/prensa\/wp-json\/wp\/v2\/users\/1"}],"replies":[{"embeddable":true,"href":"https:\/\/www.rengoenlanoticia.cl\/prensa\/wp-json\/wp\/v2\/comments?post=7189"}],"version-history":[{"count":3,"href":"https:\/\/www.rengoenlanoticia.cl\/prensa\/wp-json\/wp\/v2\/posts\/7189\/revisions"}],"predecessor-version":[{"id":7207,"href":"https:\/\/www.rengoenlanoticia.cl\/prensa\/wp-json\/wp\/v2\/posts\/7189\/revisions\/7207"}],"wp:featuredmedia":[{"embeddable":true,"href":"https:\/\/www.rengoenlanoticia.cl\/prensa\/wp-json\/wp\/v2\/media\/7190"}],"wp:attachment":[{"href":"https:\/\/www.rengoenlanoticia.cl\/prensa\/wp-json\/wp\/v2\/media?parent=7189"}],"wp:term":[{"taxonomy":"category","embeddable":true,"href":"https:\/\/www.rengoenlanoticia.cl\/prensa\/wp-json\/wp\/v2\/categories?post=7189"},{"taxonomy":"post_tag","embeddable":true,"href":"https:\/\/www.rengoenlanoticia.cl\/prensa\/wp-json\/wp\/v2\/tags?post=7189"}],"curies":[{"name":"wp","href":"https:\/\/api.w.org\/{rel}","templated":true}]}}