{"id":7182,"date":"2025-10-24T00:04:58","date_gmt":"2025-10-24T00:04:58","guid":{"rendered":"https:\/\/www.rengoenlanoticia.cl\/prensa\/?p=7182"},"modified":"2025-10-24T00:05:00","modified_gmt":"2025-10-24T00:05:00","slug":"porque-estar-preparados-hace-la-diferencia-hospital-de-santa-cruz-realiza-simulacros-en-su-jardin-infantil","status":"publish","type":"post","link":"https:\/\/www.rengoenlanoticia.cl\/prensa\/2025\/10\/24\/porque-estar-preparados-hace-la-diferencia-hospital-de-santa-cruz-realiza-simulacros-en-su-jardin-infantil\/","title":{"rendered":"Porque estar preparados hace la diferencia!!! Hospital de Santa Cruz realiza simulacros en su jard\u00edn infantil"},"content":{"rendered":"\n<p><\/p>\n\n\n\n<p>\u00b7&nbsp;&nbsp;&nbsp;&nbsp;&nbsp;&nbsp;&nbsp;&nbsp;&nbsp;Organizados por el Comit\u00e9 Paritario y el Departamento de Prevenci\u00f3n de Riesgos del establecimiento, llevan dos ejercicios de incendio y terremoto.<\/p>\n\n\n\n<p><em>Santa Cruz, 23 de octubre de 2025<\/em>.- Bajo la premisa que estar preparados ante una emergencia es un paso m\u00e1s para garantizar la seguridad y el bienestar de todos, el Hospital de Santa Cruz ha realizado simulacros de terremoto e incendio en las dependencias del Jard\u00edn Infantil Cajita Musical del establecimiento.<\/p>\n\n\n\n<figure class=\"wp-block-image size-large\"><img loading=\"lazy\" decoding=\"async\" width=\"1024\" height=\"587\" src=\"https:\/\/www.rengoenlanoticia.cl\/prensa\/wp-content\/uploads\/2025\/10\/simulacros-3-1024x587.jpg\" alt=\"\" class=\"wp-image-7186\" srcset=\"https:\/\/www.rengoenlanoticia.cl\/prensa\/wp-content\/uploads\/2025\/10\/simulacros-3-1024x587.jpg 1024w, https:\/\/www.rengoenlanoticia.cl\/prensa\/wp-content\/uploads\/2025\/10\/simulacros-3-300x172.jpg 300w, https:\/\/www.rengoenlanoticia.cl\/prensa\/wp-content\/uploads\/2025\/10\/simulacros-3-768x440.jpg 768w, https:\/\/www.rengoenlanoticia.cl\/prensa\/wp-content\/uploads\/2025\/10\/simulacros-3-1536x881.jpg 1536w, https:\/\/www.rengoenlanoticia.cl\/prensa\/wp-content\/uploads\/2025\/10\/simulacros-3-110x63.jpg 110w, https:\/\/www.rengoenlanoticia.cl\/prensa\/wp-content\/uploads\/2025\/10\/simulacros-3-200x115.jpg 200w, https:\/\/www.rengoenlanoticia.cl\/prensa\/wp-content\/uploads\/2025\/10\/simulacros-3-380x218.jpg 380w, https:\/\/www.rengoenlanoticia.cl\/prensa\/wp-content\/uploads\/2025\/10\/simulacros-3-255x146.jpg 255w, https:\/\/www.rengoenlanoticia.cl\/prensa\/wp-content\/uploads\/2025\/10\/simulacros-3-550x315.jpg 550w, https:\/\/www.rengoenlanoticia.cl\/prensa\/wp-content\/uploads\/2025\/10\/simulacros-3-800x459.jpg 800w, https:\/\/www.rengoenlanoticia.cl\/prensa\/wp-content\/uploads\/2025\/10\/simulacros-3-1160x665.jpg 1160w, https:\/\/www.rengoenlanoticia.cl\/prensa\/wp-content\/uploads\/2025\/10\/simulacros-3.jpg 1552w\" sizes=\"auto, (max-width: 1024px) 100vw, 1024px\" \/><\/figure>\n\n\n\n<p>Estas actividades, organizadas por el Departamento de Prevenci\u00f3n de Riesgos y el Comit\u00e9 Paritario del hospital, tienen como objetivo que los funcionarios se familiaricen con los procedimientos de emergencia, aprendiendo a actuar de manera efectiva y segura ante situaciones de riesgo, minimizando posibles da\u00f1os.<\/p>\n\n\n\n<p>Durante los simulacros, los participantes practicaron protocolos de evacuaci\u00f3n, comunicaci\u00f3n y autoprotecci\u00f3n, fomentando una cultura de prevenci\u00f3n dentro del recinto.<\/p>\n\n\n\n<figure class=\"wp-block-image size-large\"><img loading=\"lazy\" decoding=\"async\" width=\"1024\" height=\"576\" src=\"https:\/\/www.rengoenlanoticia.cl\/prensa\/wp-content\/uploads\/2025\/10\/simulacros-2-1024x576.jpeg\" alt=\"\" class=\"wp-image-7184\" srcset=\"https:\/\/www.rengoenlanoticia.cl\/prensa\/wp-content\/uploads\/2025\/10\/simulacros-2-1024x576.jpeg 1024w, https:\/\/www.rengoenlanoticia.cl\/prensa\/wp-content\/uploads\/2025\/10\/simulacros-2-300x169.jpeg 300w, https:\/\/www.rengoenlanoticia.cl\/prensa\/wp-content\/uploads\/2025\/10\/simulacros-2-768x432.jpeg 768w, https:\/\/www.rengoenlanoticia.cl\/prensa\/wp-content\/uploads\/2025\/10\/simulacros-2-1536x864.jpeg 1536w, https:\/\/www.rengoenlanoticia.cl\/prensa\/wp-content\/uploads\/2025\/10\/simulacros-2-110x62.jpeg 110w, https:\/\/www.rengoenlanoticia.cl\/prensa\/wp-content\/uploads\/2025\/10\/simulacros-2-200x113.jpeg 200w, https:\/\/www.rengoenlanoticia.cl\/prensa\/wp-content\/uploads\/2025\/10\/simulacros-2-380x214.jpeg 380w, https:\/\/www.rengoenlanoticia.cl\/prensa\/wp-content\/uploads\/2025\/10\/simulacros-2-255x143.jpeg 255w, https:\/\/www.rengoenlanoticia.cl\/prensa\/wp-content\/uploads\/2025\/10\/simulacros-2-550x309.jpeg 550w, https:\/\/www.rengoenlanoticia.cl\/prensa\/wp-content\/uploads\/2025\/10\/simulacros-2-800x450.jpeg 800w, https:\/\/www.rengoenlanoticia.cl\/prensa\/wp-content\/uploads\/2025\/10\/simulacros-2-1160x653.jpeg 1160w, https:\/\/www.rengoenlanoticia.cl\/prensa\/wp-content\/uploads\/2025\/10\/simulacros-2.jpeg 1600w\" sizes=\"auto, (max-width: 1024px) 100vw, 1024px\" \/><\/figure>\n\n\n\n<p>\u201cLos simulacros de emergencia no son solo ejercicios, son herramientas fundamentales para salvar vidas. Nos permiten estar preparados para responder r\u00e1pida y eficazmente ante situaciones reales. En el Jard\u00edn Infantil de nuestro hospital, como en cada \u00e1rea, la seguridad es una prioridad\u201d, destac\u00f3 el subdirector m\u00e9dico del Hospital, Dr. Cristian Cavalla, agregando que \u201cestas pr\u00e1cticas aseguran que tanto el personal como los peque\u00f1os sepan c\u00f3mo actuar ante terremotos, incendios u otras emergencias, reforzando su protecci\u00f3n\u201d.<\/p>\n\n\n\n<p>Asimismo, la Encargada del Departamento de Prevenci\u00f3n de Riesgos, Ver\u00f3nica Arce, resalt\u00f3 que \u201ccada simulacro nos permite identificar fortalezas y oportunidades de mejora en nuestros protocolos, garantizando que todos estemos preparados ante cualquier eventualidad\u201d.<\/p>\n\n\n\n<p>Respecto a lo anterior, la encargada de la Unidad de Sala Cuna y Jard\u00edn Infantil, Nancy Abarca, valor\u00f3 que estos simulacros no son solo una instancia para fortalecer nuestros protocolos de seguridad, sino un grato y educativo momento de interacci\u00f3n de nuestros ni\u00f1os y ni\u00f1as con los funcionarios del hospital\u201d.<\/p>\n\n\n\n<figure class=\"wp-block-image size-large\"><img loading=\"lazy\" decoding=\"async\" width=\"1024\" height=\"768\" src=\"https:\/\/www.rengoenlanoticia.cl\/prensa\/wp-content\/uploads\/2025\/10\/simulacros-3-1024x768.jpeg\" alt=\"\" class=\"wp-image-7185\" srcset=\"https:\/\/www.rengoenlanoticia.cl\/prensa\/wp-content\/uploads\/2025\/10\/simulacros-3-1024x768.jpeg 1024w, https:\/\/www.rengoenlanoticia.cl\/prensa\/wp-content\/uploads\/2025\/10\/simulacros-3-300x225.jpeg 300w, https:\/\/www.rengoenlanoticia.cl\/prensa\/wp-content\/uploads\/2025\/10\/simulacros-3-768x576.jpeg 768w, https:\/\/www.rengoenlanoticia.cl\/prensa\/wp-content\/uploads\/2025\/10\/simulacros-3-110x83.jpeg 110w, https:\/\/www.rengoenlanoticia.cl\/prensa\/wp-content\/uploads\/2025\/10\/simulacros-3-200x150.jpeg 200w, https:\/\/www.rengoenlanoticia.cl\/prensa\/wp-content\/uploads\/2025\/10\/simulacros-3-380x285.jpeg 380w, https:\/\/www.rengoenlanoticia.cl\/prensa\/wp-content\/uploads\/2025\/10\/simulacros-3-255x191.jpeg 255w, https:\/\/www.rengoenlanoticia.cl\/prensa\/wp-content\/uploads\/2025\/10\/simulacros-3-550x413.jpeg 550w, https:\/\/www.rengoenlanoticia.cl\/prensa\/wp-content\/uploads\/2025\/10\/simulacros-3-800x600.jpeg 800w, https:\/\/www.rengoenlanoticia.cl\/prensa\/wp-content\/uploads\/2025\/10\/simulacros-3-1160x870.jpeg 1160w, https:\/\/www.rengoenlanoticia.cl\/prensa\/wp-content\/uploads\/2025\/10\/simulacros-3.jpeg 1280w\" sizes=\"auto, (max-width: 1024px) 100vw, 1024px\" \/><\/figure>\n\n\n\n<p>Por su parte, la Presidenta del Comit\u00e9 Paritario, Yeannette Galarce, explic\u00f3 que \u201cestas iniciativas fortalecen el trabajo en equipo y la conciencia preventiva entre funcionarios y apoderados, porque la seguridad es responsabilidad de todos. Por ello valoramos la activa participaci\u00f3n del equipo del jard\u00edn y en especial de los ni\u00f1os y ni\u00f1as, a quienes, por ejemplo, se entreg\u00f3 un diploma por su gran desempe\u00f1o ante el simulacro de incendio\u201d.<\/p>\n\n\n\n<p>La dirigente del Comit\u00e9 Paritario concluy\u00f3 diciendo que<strong>&nbsp;<\/strong>\u201cqueremos felicitar a todos los participantes de \u00e9ste y el anterior simulacro, porque est\u00e1n conscientes que estar preparados es responsabilidad de todos, y nuestro compromiso con la seguridad y protecci\u00f3n de cada funcionario y cada ni\u00f1o del establecimiento es siempre nuestra prioridad\u201d.<\/p>\n","protected":false},"excerpt":{"rendered":"\u00b7&nbsp;&nbsp;&nbsp;&nbsp;&nbsp;&nbsp;&nbsp;&nbsp;&nbsp;Organizados por el Comit\u00e9 Paritario y el Departamento de Prevenci\u00f3n de Riesgos del establecimiento, llevan dos ejercicios de&hellip;\n","protected":false},"author":1,"featured_media":7183,"comment_status":"open","ping_status":"open","sticky":false,"template":"","format":"standard","meta":{"_monsterinsights_skip_tracking":false,"_monsterinsights_sitenote_active":false,"_monsterinsights_sitenote_note":"","_monsterinsights_sitenote_category":0,"footnotes":""},"categories":[8],"tags":[],"class_list":{"0":"post-7182","1":"post","2":"type-post","3":"status-publish","4":"format-standard","5":"has-post-thumbnail","7":"category-portada"},"aioseo_notices":[],"_links":{"self":[{"href":"https:\/\/www.rengoenlanoticia.cl\/prensa\/wp-json\/wp\/v2\/posts\/7182","targetHints":{"allow":["GET"]}}],"collection":[{"href":"https:\/\/www.rengoenlanoticia.cl\/prensa\/wp-json\/wp\/v2\/posts"}],"about":[{"href":"https:\/\/www.rengoenlanoticia.cl\/prensa\/wp-json\/wp\/v2\/types\/post"}],"author":[{"embeddable":true,"href":"https:\/\/www.rengoenlanoticia.cl\/prensa\/wp-json\/wp\/v2\/users\/1"}],"replies":[{"embeddable":true,"href":"https:\/\/www.rengoenlanoticia.cl\/prensa\/wp-json\/wp\/v2\/comments?post=7182"}],"version-history":[{"count":3,"href":"https:\/\/www.rengoenlanoticia.cl\/prensa\/wp-json\/wp\/v2\/posts\/7182\/revisions"}],"predecessor-version":[{"id":7202,"href":"https:\/\/www.rengoenlanoticia.cl\/prensa\/wp-json\/wp\/v2\/posts\/7182\/revisions\/7202"}],"wp:featuredmedia":[{"embeddable":true,"href":"https:\/\/www.rengoenlanoticia.cl\/prensa\/wp-json\/wp\/v2\/media\/7183"}],"wp:attachment":[{"href":"https:\/\/www.rengoenlanoticia.cl\/prensa\/wp-json\/wp\/v2\/media?parent=7182"}],"wp:term":[{"taxonomy":"category","embeddable":true,"href":"https:\/\/www.rengoenlanoticia.cl\/prensa\/wp-json\/wp\/v2\/categories?post=7182"},{"taxonomy":"post_tag","embeddable":true,"href":"https:\/\/www.rengoenlanoticia.cl\/prensa\/wp-json\/wp\/v2\/tags?post=7182"}],"curies":[{"name":"wp","href":"https:\/\/api.w.org\/{rel}","templated":true}]}}