{"id":7176,"date":"2025-10-24T00:03:48","date_gmt":"2025-10-24T00:03:48","guid":{"rendered":"https:\/\/www.rengoenlanoticia.cl\/prensa\/?p=7176"},"modified":"2025-10-24T00:13:04","modified_gmt":"2025-10-24T00:13:04","slug":"alento-de-ohiggins-conquista-el-sur-ammie-fritz-roman-gana-el-oro-en-la-superliga-sur-de-patinaje","status":"publish","type":"post","link":"https:\/\/www.rengoenlanoticia.cl\/prensa\/2025\/10\/24\/alento-de-ohiggins-conquista-el-sur-ammie-fritz-roman-gana-el-oro-en-la-superliga-sur-de-patinaje\/","title":{"rendered":"Talento de O\u2019Higgins conquista el sur: Ammie Fritz Rom\u00e1n gana el oro en la Superliga Sur de Patinaje"},"content":{"rendered":"\n<p>La&nbsp;<strong>Regi\u00f3n de O\u2019Higgins<\/strong>&nbsp;suma un nuevo motivo de orgullo deportivo con el triunfo de la patinadora&nbsp;<strong>Ammie Fritz Rom\u00e1n<\/strong>, de&nbsp;<strong>13 a\u00f1os<\/strong>, quien este fin de semana se alz\u00f3 con la&nbsp;<strong>medalla de oro<\/strong>&nbsp;en la&nbsp;<strong>Superliga Sur de Patinaje de Velocidad<\/strong>, disputada en&nbsp;<strong>Angol<\/strong>.<\/p>\n\n\n\n<p>Ammie, deportista federada del club\u00a0<strong>MJ Race de Santiago (@mjraceteam\u00a0<\/strong>y\u00a0<strong>embajadora de la Fundaci\u00f3n Entrena Incluye (@entrenaincluye)<\/strong>, se impuso en las\u00a0<strong>pruebas combinadas de 1.000 y 3.000 metros<\/strong>\u00a0de la categor\u00eda\u00a0<strong>prejuvenil federada<\/strong>, destacando por su talento, disciplina y fortaleza mental.<\/p>\n\n\n\n<figure class=\"wp-block-image size-large\"><img loading=\"lazy\" decoding=\"async\" width=\"1024\" height=\"683\" src=\"https:\/\/www.rengoenlanoticia.cl\/prensa\/wp-content\/uploads\/2025\/10\/567498454_122128692944963259_5644486132620822819_n-1024x683.jpg\" alt=\"\" class=\"wp-image-7177\" srcset=\"https:\/\/www.rengoenlanoticia.cl\/prensa\/wp-content\/uploads\/2025\/10\/567498454_122128692944963259_5644486132620822819_n-1024x683.jpg 1024w, https:\/\/www.rengoenlanoticia.cl\/prensa\/wp-content\/uploads\/2025\/10\/567498454_122128692944963259_5644486132620822819_n-300x200.jpg 300w, https:\/\/www.rengoenlanoticia.cl\/prensa\/wp-content\/uploads\/2025\/10\/567498454_122128692944963259_5644486132620822819_n-768x512.jpg 768w, https:\/\/www.rengoenlanoticia.cl\/prensa\/wp-content\/uploads\/2025\/10\/567498454_122128692944963259_5644486132620822819_n-1536x1024.jpg 1536w, https:\/\/www.rengoenlanoticia.cl\/prensa\/wp-content\/uploads\/2025\/10\/567498454_122128692944963259_5644486132620822819_n-110x73.jpg 110w, https:\/\/www.rengoenlanoticia.cl\/prensa\/wp-content\/uploads\/2025\/10\/567498454_122128692944963259_5644486132620822819_n-200x133.jpg 200w, https:\/\/www.rengoenlanoticia.cl\/prensa\/wp-content\/uploads\/2025\/10\/567498454_122128692944963259_5644486132620822819_n-380x253.jpg 380w, https:\/\/www.rengoenlanoticia.cl\/prensa\/wp-content\/uploads\/2025\/10\/567498454_122128692944963259_5644486132620822819_n-255x170.jpg 255w, https:\/\/www.rengoenlanoticia.cl\/prensa\/wp-content\/uploads\/2025\/10\/567498454_122128692944963259_5644486132620822819_n-550x367.jpg 550w, https:\/\/www.rengoenlanoticia.cl\/prensa\/wp-content\/uploads\/2025\/10\/567498454_122128692944963259_5644486132620822819_n-800x533.jpg 800w, https:\/\/www.rengoenlanoticia.cl\/prensa\/wp-content\/uploads\/2025\/10\/567498454_122128692944963259_5644486132620822819_n-1160x773.jpg 1160w, https:\/\/www.rengoenlanoticia.cl\/prensa\/wp-content\/uploads\/2025\/10\/567498454_122128692944963259_5644486132620822819_n.jpg 2048w\" sizes=\"auto, (max-width: 1024px) 100vw, 1024px\" \/><\/figure>\n\n\n\n<p>Originaria de&nbsp;<strong>San Francisco de Mostazal<\/strong>, Ammie es una de las&nbsp;<strong>pocas deportistas que representan a O\u2019Higgins en el patinaje federado nacional<\/strong>, y su triunfo reafirma el potencial deportivo de la regi\u00f3n.<\/p>\n\n\n\n<p>En las clasificatorias obtuvo el&nbsp;<strong>tercer lugar en los 1.000 metros<\/strong>, y en la exigente prueba de&nbsp;<strong>3.000 metros de fondo<\/strong>&nbsp;se qued\u00f3 con el&nbsp;<strong>primer lugar<\/strong>, consiguiendo el&nbsp;<strong>oro general<\/strong>.<\/p>\n\n\n\n<figure class=\"wp-block-image size-large\"><img loading=\"lazy\" decoding=\"async\" width=\"1024\" height=\"683\" src=\"https:\/\/www.rengoenlanoticia.cl\/prensa\/wp-content\/uploads\/2025\/10\/571217277_122128686506963259_1706260009514699955_n-1024x683.jpg\" alt=\"\" class=\"wp-image-7179\" srcset=\"https:\/\/www.rengoenlanoticia.cl\/prensa\/wp-content\/uploads\/2025\/10\/571217277_122128686506963259_1706260009514699955_n-1024x683.jpg 1024w, https:\/\/www.rengoenlanoticia.cl\/prensa\/wp-content\/uploads\/2025\/10\/571217277_122128686506963259_1706260009514699955_n-300x200.jpg 300w, https:\/\/www.rengoenlanoticia.cl\/prensa\/wp-content\/uploads\/2025\/10\/571217277_122128686506963259_1706260009514699955_n-768x512.jpg 768w, https:\/\/www.rengoenlanoticia.cl\/prensa\/wp-content\/uploads\/2025\/10\/571217277_122128686506963259_1706260009514699955_n-1536x1024.jpg 1536w, https:\/\/www.rengoenlanoticia.cl\/prensa\/wp-content\/uploads\/2025\/10\/571217277_122128686506963259_1706260009514699955_n-110x73.jpg 110w, https:\/\/www.rengoenlanoticia.cl\/prensa\/wp-content\/uploads\/2025\/10\/571217277_122128686506963259_1706260009514699955_n-200x133.jpg 200w, https:\/\/www.rengoenlanoticia.cl\/prensa\/wp-content\/uploads\/2025\/10\/571217277_122128686506963259_1706260009514699955_n-380x253.jpg 380w, https:\/\/www.rengoenlanoticia.cl\/prensa\/wp-content\/uploads\/2025\/10\/571217277_122128686506963259_1706260009514699955_n-255x170.jpg 255w, https:\/\/www.rengoenlanoticia.cl\/prensa\/wp-content\/uploads\/2025\/10\/571217277_122128686506963259_1706260009514699955_n-550x367.jpg 550w, https:\/\/www.rengoenlanoticia.cl\/prensa\/wp-content\/uploads\/2025\/10\/571217277_122128686506963259_1706260009514699955_n-800x533.jpg 800w, https:\/\/www.rengoenlanoticia.cl\/prensa\/wp-content\/uploads\/2025\/10\/571217277_122128686506963259_1706260009514699955_n-1160x773.jpg 1160w, https:\/\/www.rengoenlanoticia.cl\/prensa\/wp-content\/uploads\/2025\/10\/571217277_122128686506963259_1706260009514699955_n.jpg 2048w\" sizes=\"auto, (max-width: 1024px) 100vw, 1024px\" \/><\/figure>\n\n\n\n<p>Su trayectoria incluye participaciones internacionales en&nbsp;<strong>Argentina (Mar del Plata)<\/strong>&nbsp;y&nbsp;<strong>Ecuador<\/strong>, consolid\u00e1ndose como una de las j\u00f3venes promesas del deporte regional y nacional.<\/p>\n\n\n\n<p>\u00a0<strong>Ammie Fritz Rom\u00e1n<\/strong>\u00a0es hoy un ejemplo del talento que nace en O\u2019Higgins: trabajo constante, amor por el deporte y la fe de una nueva generaci\u00f3n que sue\u00f1a con llegar m\u00e1s lejos.<br><strong>\u00a1Orgullo regional, Ammie!<\/strong><\/p>\n","protected":false},"excerpt":{"rendered":"La&nbsp;Regi\u00f3n de O\u2019Higgins&nbsp;suma un nuevo motivo de orgullo deportivo con el triunfo de la patinadora&nbsp;Ammie Fritz Rom\u00e1n, de&nbsp;13&hellip;\n","protected":false},"author":1,"featured_media":7178,"comment_status":"open","ping_status":"open","sticky":false,"template":"","format":"standard","meta":{"_monsterinsights_skip_tracking":false,"_monsterinsights_sitenote_active":false,"_monsterinsights_sitenote_note":"","_monsterinsights_sitenote_category":0,"footnotes":""},"categories":[8],"tags":[],"class_list":{"0":"post-7176","1":"post","2":"type-post","3":"status-publish","4":"format-standard","5":"has-post-thumbnail","7":"category-portada"},"aioseo_notices":[],"_links":{"self":[{"href":"https:\/\/www.rengoenlanoticia.cl\/prensa\/wp-json\/wp\/v2\/posts\/7176","targetHints":{"allow":["GET"]}}],"collection":[{"href":"https:\/\/www.rengoenlanoticia.cl\/prensa\/wp-json\/wp\/v2\/posts"}],"about":[{"href":"https:\/\/www.rengoenlanoticia.cl\/prensa\/wp-json\/wp\/v2\/types\/post"}],"author":[{"embeddable":true,"href":"https:\/\/www.rengoenlanoticia.cl\/prensa\/wp-json\/wp\/v2\/users\/1"}],"replies":[{"embeddable":true,"href":"https:\/\/www.rengoenlanoticia.cl\/prensa\/wp-json\/wp\/v2\/comments?post=7176"}],"version-history":[{"count":4,"href":"https:\/\/www.rengoenlanoticia.cl\/prensa\/wp-json\/wp\/v2\/posts\/7176\/revisions"}],"predecessor-version":[{"id":7209,"href":"https:\/\/www.rengoenlanoticia.cl\/prensa\/wp-json\/wp\/v2\/posts\/7176\/revisions\/7209"}],"wp:featuredmedia":[{"embeddable":true,"href":"https:\/\/www.rengoenlanoticia.cl\/prensa\/wp-json\/wp\/v2\/media\/7178"}],"wp:attachment":[{"href":"https:\/\/www.rengoenlanoticia.cl\/prensa\/wp-json\/wp\/v2\/media?parent=7176"}],"wp:term":[{"taxonomy":"category","embeddable":true,"href":"https:\/\/www.rengoenlanoticia.cl\/prensa\/wp-json\/wp\/v2\/categories?post=7176"},{"taxonomy":"post_tag","embeddable":true,"href":"https:\/\/www.rengoenlanoticia.cl\/prensa\/wp-json\/wp\/v2\/tags?post=7176"}],"curies":[{"name":"wp","href":"https:\/\/api.w.org\/{rel}","templated":true}]}}