{"id":7168,"date":"2025-10-23T23:47:48","date_gmt":"2025-10-23T23:47:48","guid":{"rendered":"https:\/\/www.rengoenlanoticia.cl\/prensa\/?p=7168"},"modified":"2025-10-24T00:07:23","modified_gmt":"2025-10-24T00:07:23","slug":"secreduc-y-segegob-lanzan-campana-internet-es-un-mar-de-calificaciones","status":"publish","type":"post","link":"https:\/\/www.rengoenlanoticia.cl\/prensa\/2025\/10\/23\/secreduc-y-segegob-lanzan-campana-internet-es-un-mar-de-calificaciones\/","title":{"rendered":"SECREDUC y SEGEGOB lanzan campa\u00f1a \u201cInternet es un mar de calificaciones\u201d"},"content":{"rendered":"\n<p><em>En el marco del Plan Ciudadan\u00eda y Alfabetizaci\u00f3n Digital 2025 ejecutado entre el Ministerio de la Secretar\u00eda General de Gobierno y el MINEDUC, se inici\u00f3 la campa\u00f1a \u201cInternet es un mar de posibilidades\u201d en el Liceo T\u00e9cnico Santa Cruz de Triana, perteneciente a la Corporaci\u00f3n Municipal de Rancagua.<\/em><\/p>\n\n\n\n<p>&nbsp;\u201cInternet es un mar de posibilidades\u201d es la campa\u00f1a que recientemente lanz\u00f3 la Secretar\u00eda General de Gobierno en alianza con el MINEDUC.<\/p>\n\n\n\n<p>El objetivo de \u00e9sta \u2013 basada en el desarrollo de capacidades digitales en establecimientos educacionales y sociedad civil \u2013 es abordar la tem\u00e1tica mediante di\u00e1logos intergeneracionales; es decir, reuniendo a todas y todos los integrantes de las comunidades educativas de diferentes rangos etarios, quienes exploran las oportunidades y desaf\u00edos que ofrece el uso de Internet y tecnolog\u00edas digitales; as\u00ed como tambi\u00e9n, acordar acciones para el ejercicio de una Ciudadan\u00eda Digital responsable y veraz.<\/p>\n\n\n\n<figure class=\"wp-block-image size-large\"><img loading=\"lazy\" decoding=\"async\" width=\"1024\" height=\"768\" src=\"https:\/\/www.rengoenlanoticia.cl\/prensa\/wp-content\/uploads\/2025\/10\/dialogo-segegob-liceo-ninas-14-1024x768.jpg\" alt=\"\" class=\"wp-image-7170\" srcset=\"https:\/\/www.rengoenlanoticia.cl\/prensa\/wp-content\/uploads\/2025\/10\/dialogo-segegob-liceo-ninas-14-1024x768.jpg 1024w, https:\/\/www.rengoenlanoticia.cl\/prensa\/wp-content\/uploads\/2025\/10\/dialogo-segegob-liceo-ninas-14-300x225.jpg 300w, https:\/\/www.rengoenlanoticia.cl\/prensa\/wp-content\/uploads\/2025\/10\/dialogo-segegob-liceo-ninas-14-768x576.jpg 768w, https:\/\/www.rengoenlanoticia.cl\/prensa\/wp-content\/uploads\/2025\/10\/dialogo-segegob-liceo-ninas-14-1536x1152.jpg 1536w, https:\/\/www.rengoenlanoticia.cl\/prensa\/wp-content\/uploads\/2025\/10\/dialogo-segegob-liceo-ninas-14-110x83.jpg 110w, https:\/\/www.rengoenlanoticia.cl\/prensa\/wp-content\/uploads\/2025\/10\/dialogo-segegob-liceo-ninas-14-200x150.jpg 200w, https:\/\/www.rengoenlanoticia.cl\/prensa\/wp-content\/uploads\/2025\/10\/dialogo-segegob-liceo-ninas-14-380x285.jpg 380w, https:\/\/www.rengoenlanoticia.cl\/prensa\/wp-content\/uploads\/2025\/10\/dialogo-segegob-liceo-ninas-14-255x191.jpg 255w, https:\/\/www.rengoenlanoticia.cl\/prensa\/wp-content\/uploads\/2025\/10\/dialogo-segegob-liceo-ninas-14-550x413.jpg 550w, https:\/\/www.rengoenlanoticia.cl\/prensa\/wp-content\/uploads\/2025\/10\/dialogo-segegob-liceo-ninas-14-800x600.jpg 800w, https:\/\/www.rengoenlanoticia.cl\/prensa\/wp-content\/uploads\/2025\/10\/dialogo-segegob-liceo-ninas-14-1160x870.jpg 1160w, https:\/\/www.rengoenlanoticia.cl\/prensa\/wp-content\/uploads\/2025\/10\/dialogo-segegob-liceo-ninas-14.jpg 1600w\" sizes=\"auto, (max-width: 1024px) 100vw, 1024px\" \/><\/figure>\n\n\n\n<p>El primer encuentro estuvo encabezado por el seremi de Gobierno, Carlos Carrasco; profesionales de dicha instituci\u00f3n; el director del establecimiento t\u00e9cnico profesional, Camilo Ram\u00edrez; la coordinadora regional de Convivencia Escolar, Maria Consuelo Salas y la seremi de Educaci\u00f3n de O\u00b4Higgins, Alyson Hadad, quien indic\u00f3:<\/p>\n\n\n\n<p>\u201cComo ministerio de Educaci\u00f3n promovemos la Ciudadan\u00eda Digital (desarrollo de conocimientos, habilidades y actitudes) para que las personas puedan ejercer sus derechos digitales y se fortalezca la convivencia democr\u00e1tica mediante un uso seguro, responsable, participativo, con creatividad, cr\u00edtico y reflexivo de las tecnolog\u00edas digitales, comprendiendo la gran influencia de \u00e9stas en su vida personal y p\u00fablica\u201d, se\u00f1al\u00f3 la m\u00e1xima autoridad regional del MINEDUC.<\/p>\n\n\n\n<p>Seg\u00fan un estudio Internacional de Competencia Digital e Informacional (ICILS) realizado durante 2024, en Chile 4 de cada 10 estudiantes muestran un bajo nivel computacional y manejo cr\u00edtico de la informaci\u00f3n.<\/p>\n\n\n\n<figure class=\"wp-block-image size-large\"><img loading=\"lazy\" decoding=\"async\" width=\"1024\" height=\"768\" src=\"https:\/\/www.rengoenlanoticia.cl\/prensa\/wp-content\/uploads\/2025\/10\/dialogo-segegob-liceo-ninas-27-1024x768.jpg\" alt=\"\" class=\"wp-image-7171\" srcset=\"https:\/\/www.rengoenlanoticia.cl\/prensa\/wp-content\/uploads\/2025\/10\/dialogo-segegob-liceo-ninas-27-1024x768.jpg 1024w, https:\/\/www.rengoenlanoticia.cl\/prensa\/wp-content\/uploads\/2025\/10\/dialogo-segegob-liceo-ninas-27-300x225.jpg 300w, https:\/\/www.rengoenlanoticia.cl\/prensa\/wp-content\/uploads\/2025\/10\/dialogo-segegob-liceo-ninas-27-768x576.jpg 768w, https:\/\/www.rengoenlanoticia.cl\/prensa\/wp-content\/uploads\/2025\/10\/dialogo-segegob-liceo-ninas-27-1536x1152.jpg 1536w, https:\/\/www.rengoenlanoticia.cl\/prensa\/wp-content\/uploads\/2025\/10\/dialogo-segegob-liceo-ninas-27-110x83.jpg 110w, https:\/\/www.rengoenlanoticia.cl\/prensa\/wp-content\/uploads\/2025\/10\/dialogo-segegob-liceo-ninas-27-200x150.jpg 200w, https:\/\/www.rengoenlanoticia.cl\/prensa\/wp-content\/uploads\/2025\/10\/dialogo-segegob-liceo-ninas-27-380x285.jpg 380w, https:\/\/www.rengoenlanoticia.cl\/prensa\/wp-content\/uploads\/2025\/10\/dialogo-segegob-liceo-ninas-27-255x191.jpg 255w, https:\/\/www.rengoenlanoticia.cl\/prensa\/wp-content\/uploads\/2025\/10\/dialogo-segegob-liceo-ninas-27-550x413.jpg 550w, https:\/\/www.rengoenlanoticia.cl\/prensa\/wp-content\/uploads\/2025\/10\/dialogo-segegob-liceo-ninas-27-800x600.jpg 800w, https:\/\/www.rengoenlanoticia.cl\/prensa\/wp-content\/uploads\/2025\/10\/dialogo-segegob-liceo-ninas-27-1160x870.jpg 1160w, https:\/\/www.rengoenlanoticia.cl\/prensa\/wp-content\/uploads\/2025\/10\/dialogo-segegob-liceo-ninas-27.jpg 1600w\" sizes=\"auto, (max-width: 1024px) 100vw, 1024px\" \/><\/figure>\n\n\n\n<p>\u201cCreer que ni\u00f1as y ni\u00f1os no necesitan educaci\u00f3n ni acompa\u00f1amiento en entornos digitales es peligroso, ya que involucra abandonarlos en un mundo sin herramientas para enfrentar los riesgos que se presentan en Internet\u201d, agreg\u00f3 la seremi Alyson Hadad.<\/p>\n\n\n\n<p>Por su parte, el vocero de Gobierno en O\u00b4Higgins, SEREMI Carlos Carrasco, manifest\u00f3: \u201cSentirnos muy contentos de haber participado en este encuentro intergeneracional respecto del uso de redes digitales con la comunidad educativa del Liceo T\u00e9cnico Profesional Santa Cruz de Triana, siguiendo con el sello del gobierno del Presidente Boric en funci\u00f3n de promover una conversaci\u00f3n democr\u00e1tica en donde el pensamiento cr\u00edtico sea lo central para avanzar en la construcci\u00f3n de un Chile m\u00e1s democr\u00e1tico, justo y libre\u201d.<\/p>\n\n\n\n<figure class=\"wp-block-image size-large\"><img loading=\"lazy\" decoding=\"async\" width=\"1024\" height=\"768\" src=\"https:\/\/www.rengoenlanoticia.cl\/prensa\/wp-content\/uploads\/2025\/10\/dialogo-segegob-sta-cruz-2-1024x768.jpg\" alt=\"\" class=\"wp-image-7172\" srcset=\"https:\/\/www.rengoenlanoticia.cl\/prensa\/wp-content\/uploads\/2025\/10\/dialogo-segegob-sta-cruz-2-1024x768.jpg 1024w, https:\/\/www.rengoenlanoticia.cl\/prensa\/wp-content\/uploads\/2025\/10\/dialogo-segegob-sta-cruz-2-300x225.jpg 300w, https:\/\/www.rengoenlanoticia.cl\/prensa\/wp-content\/uploads\/2025\/10\/dialogo-segegob-sta-cruz-2-768x576.jpg 768w, https:\/\/www.rengoenlanoticia.cl\/prensa\/wp-content\/uploads\/2025\/10\/dialogo-segegob-sta-cruz-2-1536x1152.jpg 1536w, https:\/\/www.rengoenlanoticia.cl\/prensa\/wp-content\/uploads\/2025\/10\/dialogo-segegob-sta-cruz-2-110x83.jpg 110w, https:\/\/www.rengoenlanoticia.cl\/prensa\/wp-content\/uploads\/2025\/10\/dialogo-segegob-sta-cruz-2-200x150.jpg 200w, https:\/\/www.rengoenlanoticia.cl\/prensa\/wp-content\/uploads\/2025\/10\/dialogo-segegob-sta-cruz-2-380x285.jpg 380w, https:\/\/www.rengoenlanoticia.cl\/prensa\/wp-content\/uploads\/2025\/10\/dialogo-segegob-sta-cruz-2-255x191.jpg 255w, https:\/\/www.rengoenlanoticia.cl\/prensa\/wp-content\/uploads\/2025\/10\/dialogo-segegob-sta-cruz-2-550x413.jpg 550w, https:\/\/www.rengoenlanoticia.cl\/prensa\/wp-content\/uploads\/2025\/10\/dialogo-segegob-sta-cruz-2-800x600.jpg 800w, https:\/\/www.rengoenlanoticia.cl\/prensa\/wp-content\/uploads\/2025\/10\/dialogo-segegob-sta-cruz-2-1160x870.jpg 1160w, https:\/\/www.rengoenlanoticia.cl\/prensa\/wp-content\/uploads\/2025\/10\/dialogo-segegob-sta-cruz-2.jpg 1600w\" sizes=\"auto, (max-width: 1024px) 100vw, 1024px\" \/><\/figure>\n\n\n\n<p>El trabajo desarrollado estuvo enfocado en 4 dimensiones: Alfabetizaci\u00f3n digital cr\u00edtica y reflexiva, Cuidado y responsabilidades digitales, Participaci\u00f3n ciudadana digital y Creatividad digital e innovaci\u00f3n.<\/p>\n\n\n\n<p>La misma actividad se replic\u00f3 en el Liceo de Ni\u00f1as de Rancagua, contando con la especial participaci\u00f3n del Subsecretario General de Gobierno, Erwin D\u00edaz Asenjo durante su visita en la regi\u00f3n.<\/p>\n\n\n\n<figure class=\"wp-block-image size-large\"><img loading=\"lazy\" decoding=\"async\" width=\"1024\" height=\"700\" src=\"https:\/\/www.rengoenlanoticia.cl\/prensa\/wp-content\/uploads\/2025\/10\/dialogo-segegob-sta-cruz-23-1024x700.jpg\" alt=\"\" class=\"wp-image-7173\" srcset=\"https:\/\/www.rengoenlanoticia.cl\/prensa\/wp-content\/uploads\/2025\/10\/dialogo-segegob-sta-cruz-23-1024x700.jpg 1024w, https:\/\/www.rengoenlanoticia.cl\/prensa\/wp-content\/uploads\/2025\/10\/dialogo-segegob-sta-cruz-23-300x205.jpg 300w, https:\/\/www.rengoenlanoticia.cl\/prensa\/wp-content\/uploads\/2025\/10\/dialogo-segegob-sta-cruz-23-768x525.jpg 768w, https:\/\/www.rengoenlanoticia.cl\/prensa\/wp-content\/uploads\/2025\/10\/dialogo-segegob-sta-cruz-23-1536x1050.jpg 1536w, https:\/\/www.rengoenlanoticia.cl\/prensa\/wp-content\/uploads\/2025\/10\/dialogo-segegob-sta-cruz-23-110x75.jpg 110w, https:\/\/www.rengoenlanoticia.cl\/prensa\/wp-content\/uploads\/2025\/10\/dialogo-segegob-sta-cruz-23-200x137.jpg 200w, https:\/\/www.rengoenlanoticia.cl\/prensa\/wp-content\/uploads\/2025\/10\/dialogo-segegob-sta-cruz-23-380x260.jpg 380w, https:\/\/www.rengoenlanoticia.cl\/prensa\/wp-content\/uploads\/2025\/10\/dialogo-segegob-sta-cruz-23-255x174.jpg 255w, https:\/\/www.rengoenlanoticia.cl\/prensa\/wp-content\/uploads\/2025\/10\/dialogo-segegob-sta-cruz-23-550x376.jpg 550w, https:\/\/www.rengoenlanoticia.cl\/prensa\/wp-content\/uploads\/2025\/10\/dialogo-segegob-sta-cruz-23-800x547.jpg 800w, https:\/\/www.rengoenlanoticia.cl\/prensa\/wp-content\/uploads\/2025\/10\/dialogo-segegob-sta-cruz-23-1160x793.jpg 1160w, https:\/\/www.rengoenlanoticia.cl\/prensa\/wp-content\/uploads\/2025\/10\/dialogo-segegob-sta-cruz-23.jpg 1600w\" sizes=\"auto, (max-width: 1024px) 100vw, 1024px\" \/><\/figure>\n","protected":false},"excerpt":{"rendered":"En el marco del Plan Ciudadan\u00eda y Alfabetizaci\u00f3n Digital 2025 ejecutado entre el Ministerio de la Secretar\u00eda General&hellip;\n","protected":false},"author":1,"featured_media":7169,"comment_status":"open","ping_status":"open","sticky":false,"template":"","format":"standard","meta":{"_monsterinsights_skip_tracking":false,"_monsterinsights_sitenote_active":false,"_monsterinsights_sitenote_note":"","_monsterinsights_sitenote_category":0,"footnotes":""},"categories":[8],"tags":[],"class_list":{"0":"post-7168","1":"post","2":"type-post","3":"status-publish","4":"format-standard","5":"has-post-thumbnail","7":"category-portada"},"aioseo_notices":[],"_links":{"self":[{"href":"https:\/\/www.rengoenlanoticia.cl\/prensa\/wp-json\/wp\/v2\/posts\/7168","targetHints":{"allow":["GET"]}}],"collection":[{"href":"https:\/\/www.rengoenlanoticia.cl\/prensa\/wp-json\/wp\/v2\/posts"}],"about":[{"href":"https:\/\/www.rengoenlanoticia.cl\/prensa\/wp-json\/wp\/v2\/types\/post"}],"author":[{"embeddable":true,"href":"https:\/\/www.rengoenlanoticia.cl\/prensa\/wp-json\/wp\/v2\/users\/1"}],"replies":[{"embeddable":true,"href":"https:\/\/www.rengoenlanoticia.cl\/prensa\/wp-json\/wp\/v2\/comments?post=7168"}],"version-history":[{"count":3,"href":"https:\/\/www.rengoenlanoticia.cl\/prensa\/wp-json\/wp\/v2\/posts\/7168\/revisions"}],"predecessor-version":[{"id":7205,"href":"https:\/\/www.rengoenlanoticia.cl\/prensa\/wp-json\/wp\/v2\/posts\/7168\/revisions\/7205"}],"wp:featuredmedia":[{"embeddable":true,"href":"https:\/\/www.rengoenlanoticia.cl\/prensa\/wp-json\/wp\/v2\/media\/7169"}],"wp:attachment":[{"href":"https:\/\/www.rengoenlanoticia.cl\/prensa\/wp-json\/wp\/v2\/media?parent=7168"}],"wp:term":[{"taxonomy":"category","embeddable":true,"href":"https:\/\/www.rengoenlanoticia.cl\/prensa\/wp-json\/wp\/v2\/categories?post=7168"},{"taxonomy":"post_tag","embeddable":true,"href":"https:\/\/www.rengoenlanoticia.cl\/prensa\/wp-json\/wp\/v2\/tags?post=7168"}],"curies":[{"name":"wp","href":"https:\/\/api.w.org\/{rel}","templated":true}]}}