{"id":7159,"date":"2025-10-23T14:14:11","date_gmt":"2025-10-23T14:14:11","guid":{"rendered":"https:\/\/www.rengoenlanoticia.cl\/prensa\/?p=7159"},"modified":"2025-10-23T14:14:14","modified_gmt":"2025-10-23T14:14:14","slug":"hospital-de-rengo-lidera-reunion-para-fortalecer-la-atencion-de-partos-inminentes-en-la-red-asistencial-de-la-carretera-de-la-fruta","status":"publish","type":"post","link":"https:\/\/www.rengoenlanoticia.cl\/prensa\/2025\/10\/23\/hospital-de-rengo-lidera-reunion-para-fortalecer-la-atencion-de-partos-inminentes-en-la-red-asistencial-de-la-carretera-de-la-fruta\/","title":{"rendered":"Hospital de Rengo lidera reuni\u00f3n para fortalecer la atenci\u00f3n de partos inminentes en la Red Asistencial de la Carretera de la Fruta"},"content":{"rendered":"\n<p>\u00b7&nbsp;&nbsp;&nbsp;&nbsp;&nbsp;&nbsp;&nbsp;&nbsp;&nbsp;Encuentro reuni\u00f3 a equipos de matroner\u00eda y directivos de hospitales de la micro\u00e1rea para coordinar acciones conjuntas y mejorar la atenci\u00f3n oportuna y segura de las usuarias.<strong><em><\/em><\/strong><\/p>\n\n\n\n<p>Con el objetivo de coordinar acciones conjuntas y mejorar la atenci\u00f3n de partos inminentes en la Red Asistencial de la Carretera de la Fruta, se desarroll\u00f3 en el Hospital Ricardo Valenzuela S\u00e1ez de Rengo una reuni\u00f3n encabezada por la Dra. Alejandra Reyes, coordinadora de Hospitales de Baja Complejidad del Servicio de Salud O\u2019Higgins, y la Dra. Patricia Gonz\u00e1lez, auditora del Servicio.<\/p>\n\n\n\n<p>La jornada cont\u00f3 adem\u00e1s con la participaci\u00f3n del equipo directivo del Hospital de Rengo representado por el subdirector administrativo, David Guajardo, y la subdirectora (s) m\u00e9dica, Dra. Valeria Olavarr\u00eda\u2014 junto a los equipos de matroner\u00eda de los hospitales de Pichidegua, Peumo, San Vicente y Rengo, adem\u00e1s de representantes del SAMU.<\/p>\n\n\n\n<figure class=\"wp-block-image size-large\"><img loading=\"lazy\" decoding=\"async\" width=\"1024\" height=\"461\" src=\"https:\/\/www.rengoenlanoticia.cl\/prensa\/wp-content\/uploads\/2025\/10\/Microarea-2-1024x461.jpg\" alt=\"\" class=\"wp-image-7161\" srcset=\"https:\/\/www.rengoenlanoticia.cl\/prensa\/wp-content\/uploads\/2025\/10\/Microarea-2-1024x461.jpg 1024w, https:\/\/www.rengoenlanoticia.cl\/prensa\/wp-content\/uploads\/2025\/10\/Microarea-2-300x135.jpg 300w, https:\/\/www.rengoenlanoticia.cl\/prensa\/wp-content\/uploads\/2025\/10\/Microarea-2-768x346.jpg 768w, https:\/\/www.rengoenlanoticia.cl\/prensa\/wp-content\/uploads\/2025\/10\/Microarea-2-110x50.jpg 110w, https:\/\/www.rengoenlanoticia.cl\/prensa\/wp-content\/uploads\/2025\/10\/Microarea-2-200x90.jpg 200w, https:\/\/www.rengoenlanoticia.cl\/prensa\/wp-content\/uploads\/2025\/10\/Microarea-2-380x171.jpg 380w, https:\/\/www.rengoenlanoticia.cl\/prensa\/wp-content\/uploads\/2025\/10\/Microarea-2-255x115.jpg 255w, https:\/\/www.rengoenlanoticia.cl\/prensa\/wp-content\/uploads\/2025\/10\/Microarea-2-550x248.jpg 550w, https:\/\/www.rengoenlanoticia.cl\/prensa\/wp-content\/uploads\/2025\/10\/Microarea-2-800x360.jpg 800w, https:\/\/www.rengoenlanoticia.cl\/prensa\/wp-content\/uploads\/2025\/10\/Microarea-2-1160x522.jpg 1160w, https:\/\/www.rengoenlanoticia.cl\/prensa\/wp-content\/uploads\/2025\/10\/Microarea-2.jpg 1280w\" sizes=\"auto, (max-width: 1024px) 100vw, 1024px\" \/><\/figure>\n\n\n\n<p>En la oportunidad, la Dra. Alejandra Reyes destac\u00f3 la relevancia del encuentro se\u00f1alando que \u201cesta reuni\u00f3n es tremendamente importante, porque hoy d\u00eda nos conocemos las caras. Podemos alinear esa voz que nos llama por tel\u00e9fono con un rostro, con una calidez humana que es fundamental desarrollar y relevar dentro de toda esta red asistencial\u201d.<\/p>\n\n\n\n<p>Por su parte, la directora del Hospital de Rengo, Margarita Yercic, enfatiz\u00f3 el valor del trabajo colaborativo: \u201cComo hospital cabecera de la micro\u00e1rea de la Carretera de la Fruta, es fundamental generar instancias de coordinaci\u00f3n con los dem\u00e1s hospitales de la red. Estas reuniones nos permiten alinear criterios, compartir experiencias y fortalecer el trabajo en equipo, siempre con el objetivo de brindar una atenci\u00f3n oportuna, segura y de calidad ante un parto inminente, considerando tambi\u00e9n las distintas realidades de cada establecimiento\u201d.<\/p>\n\n\n\n<figure class=\"wp-block-image size-large\"><img loading=\"lazy\" decoding=\"async\" width=\"1024\" height=\"477\" src=\"https:\/\/www.rengoenlanoticia.cl\/prensa\/wp-content\/uploads\/2025\/10\/Microarea-3-1024x477.jpg\" alt=\"\" class=\"wp-image-7162\" srcset=\"https:\/\/www.rengoenlanoticia.cl\/prensa\/wp-content\/uploads\/2025\/10\/Microarea-3-1024x477.jpg 1024w, https:\/\/www.rengoenlanoticia.cl\/prensa\/wp-content\/uploads\/2025\/10\/Microarea-3-300x140.jpg 300w, https:\/\/www.rengoenlanoticia.cl\/prensa\/wp-content\/uploads\/2025\/10\/Microarea-3-768x357.jpg 768w, https:\/\/www.rengoenlanoticia.cl\/prensa\/wp-content\/uploads\/2025\/10\/Microarea-3-1536x715.jpg 1536w, https:\/\/www.rengoenlanoticia.cl\/prensa\/wp-content\/uploads\/2025\/10\/Microarea-3-2048x953.jpg 2048w, https:\/\/www.rengoenlanoticia.cl\/prensa\/wp-content\/uploads\/2025\/10\/Microarea-3-110x51.jpg 110w, https:\/\/www.rengoenlanoticia.cl\/prensa\/wp-content\/uploads\/2025\/10\/Microarea-3-200x93.jpg 200w, https:\/\/www.rengoenlanoticia.cl\/prensa\/wp-content\/uploads\/2025\/10\/Microarea-3-380x177.jpg 380w, https:\/\/www.rengoenlanoticia.cl\/prensa\/wp-content\/uploads\/2025\/10\/Microarea-3-255x119.jpg 255w, https:\/\/www.rengoenlanoticia.cl\/prensa\/wp-content\/uploads\/2025\/10\/Microarea-3-550x256.jpg 550w, https:\/\/www.rengoenlanoticia.cl\/prensa\/wp-content\/uploads\/2025\/10\/Microarea-3-800x372.jpg 800w, https:\/\/www.rengoenlanoticia.cl\/prensa\/wp-content\/uploads\/2025\/10\/Microarea-3-1160x540.jpg 1160w, https:\/\/www.rengoenlanoticia.cl\/prensa\/wp-content\/uploads\/2025\/10\/Microarea-3-scaled.jpg 2560w\" sizes=\"auto, (max-width: 1024px) 100vw, 1024px\" \/><\/figure>\n\n\n\n<p>El matr\u00f3n supervisor del Servicio de Ginecoobstetricia del Hospital de Rengo, H\u00e9ctor N\u00fa\u00f1ez, agreg\u00f3 que \u201cdebemos responder a las necesidades de los hospitales de menor complejidad, ya que somos el hospital cabecera de la micro\u00e1rea. Esta reuni\u00f3n, centrada en el parto inminente, fue clave para entender las condiciones en que se realizan las derivaciones, especialmente en horarios con menor capacidad resolutiva\u201d.<\/p>\n\n\n\n<p>En tanto, el matr\u00f3n del Hospital de Pichidegua, Maicol Aguirre, valor\u00f3 la instancia indicando que \u201cestas reuniones son muy positivas. Nos permiten conocer las realidades de hospitales de baja, mediana y alta complejidad, entender nuestras deficiencias, buscar formas de apoyarnos y comunicarnos mejor. Hablamos el mismo lenguaje cl\u00ednico, pero muchas veces no existe el mismo nexo, y estas instancias ayudan a fortalecer esa conexi\u00f3n\u201d.<\/p>\n\n\n\n<figure class=\"wp-block-image size-large\"><img loading=\"lazy\" decoding=\"async\" width=\"1024\" height=\"461\" src=\"https:\/\/www.rengoenlanoticia.cl\/prensa\/wp-content\/uploads\/2025\/10\/Microarea-1-1-1024x461.jpg\" alt=\"\" class=\"wp-image-7164\" srcset=\"https:\/\/www.rengoenlanoticia.cl\/prensa\/wp-content\/uploads\/2025\/10\/Microarea-1-1-1024x461.jpg 1024w, https:\/\/www.rengoenlanoticia.cl\/prensa\/wp-content\/uploads\/2025\/10\/Microarea-1-1-300x135.jpg 300w, https:\/\/www.rengoenlanoticia.cl\/prensa\/wp-content\/uploads\/2025\/10\/Microarea-1-1-768x346.jpg 768w, https:\/\/www.rengoenlanoticia.cl\/prensa\/wp-content\/uploads\/2025\/10\/Microarea-1-1-1536x692.jpg 1536w, https:\/\/www.rengoenlanoticia.cl\/prensa\/wp-content\/uploads\/2025\/10\/Microarea-1-1-2048x922.jpg 2048w, https:\/\/www.rengoenlanoticia.cl\/prensa\/wp-content\/uploads\/2025\/10\/Microarea-1-1-110x50.jpg 110w, https:\/\/www.rengoenlanoticia.cl\/prensa\/wp-content\/uploads\/2025\/10\/Microarea-1-1-200x90.jpg 200w, https:\/\/www.rengoenlanoticia.cl\/prensa\/wp-content\/uploads\/2025\/10\/Microarea-1-1-380x171.jpg 380w, https:\/\/www.rengoenlanoticia.cl\/prensa\/wp-content\/uploads\/2025\/10\/Microarea-1-1-255x115.jpg 255w, https:\/\/www.rengoenlanoticia.cl\/prensa\/wp-content\/uploads\/2025\/10\/Microarea-1-1-550x248.jpg 550w, https:\/\/www.rengoenlanoticia.cl\/prensa\/wp-content\/uploads\/2025\/10\/Microarea-1-1-800x360.jpg 800w, https:\/\/www.rengoenlanoticia.cl\/prensa\/wp-content\/uploads\/2025\/10\/Microarea-1-1-1160x522.jpg 1160w, https:\/\/www.rengoenlanoticia.cl\/prensa\/wp-content\/uploads\/2025\/10\/Microarea-1-1-scaled.jpg 2560w\" sizes=\"auto, (max-width: 1024px) 100vw, 1024px\" \/><\/figure>\n\n\n\n<p>El Hospital de Rengo continuar\u00e1 impulsando este tipo de encuentros cl\u00ednicos junto a los establecimientos de su micro\u00e1rea, con el prop\u00f3sito de fortalecer la comunicaci\u00f3n, coordinar acciones y optimizar la respuesta asistencial en beneficio de los pacientes y sus familias. Esta iniciativa responde al compromiso de trabajar en red, promoviendo una atenci\u00f3n integral y de calidad.<\/p>\n","protected":false},"excerpt":{"rendered":"\u00b7&nbsp;&nbsp;&nbsp;&nbsp;&nbsp;&nbsp;&nbsp;&nbsp;&nbsp;Encuentro reuni\u00f3 a equipos de matroner\u00eda y directivos de hospitales de la micro\u00e1rea para coordinar acciones conjuntas y&hellip;\n","protected":false},"author":1,"featured_media":7163,"comment_status":"open","ping_status":"open","sticky":false,"template":"","format":"standard","meta":{"_monsterinsights_skip_tracking":false,"_monsterinsights_sitenote_active":false,"_monsterinsights_sitenote_note":"","_monsterinsights_sitenote_category":0,"footnotes":""},"categories":[8],"tags":[],"class_list":{"0":"post-7159","1":"post","2":"type-post","3":"status-publish","4":"format-standard","5":"has-post-thumbnail","7":"category-portada"},"aioseo_notices":[],"_links":{"self":[{"href":"https:\/\/www.rengoenlanoticia.cl\/prensa\/wp-json\/wp\/v2\/posts\/7159","targetHints":{"allow":["GET"]}}],"collection":[{"href":"https:\/\/www.rengoenlanoticia.cl\/prensa\/wp-json\/wp\/v2\/posts"}],"about":[{"href":"https:\/\/www.rengoenlanoticia.cl\/prensa\/wp-json\/wp\/v2\/types\/post"}],"author":[{"embeddable":true,"href":"https:\/\/www.rengoenlanoticia.cl\/prensa\/wp-json\/wp\/v2\/users\/1"}],"replies":[{"embeddable":true,"href":"https:\/\/www.rengoenlanoticia.cl\/prensa\/wp-json\/wp\/v2\/comments?post=7159"}],"version-history":[{"count":3,"href":"https:\/\/www.rengoenlanoticia.cl\/prensa\/wp-json\/wp\/v2\/posts\/7159\/revisions"}],"predecessor-version":[{"id":7167,"href":"https:\/\/www.rengoenlanoticia.cl\/prensa\/wp-json\/wp\/v2\/posts\/7159\/revisions\/7167"}],"wp:featuredmedia":[{"embeddable":true,"href":"https:\/\/www.rengoenlanoticia.cl\/prensa\/wp-json\/wp\/v2\/media\/7163"}],"wp:attachment":[{"href":"https:\/\/www.rengoenlanoticia.cl\/prensa\/wp-json\/wp\/v2\/media?parent=7159"}],"wp:term":[{"taxonomy":"category","embeddable":true,"href":"https:\/\/www.rengoenlanoticia.cl\/prensa\/wp-json\/wp\/v2\/categories?post=7159"},{"taxonomy":"post_tag","embeddable":true,"href":"https:\/\/www.rengoenlanoticia.cl\/prensa\/wp-json\/wp\/v2\/tags?post=7159"}],"curies":[{"name":"wp","href":"https:\/\/api.w.org\/{rel}","templated":true}]}}