{"id":714,"date":"2024-12-31T00:32:02","date_gmt":"2024-12-31T00:32:02","guid":{"rendered":"https:\/\/www.rengoenlanoticia.cl\/prensa\/?p=714"},"modified":"2025-01-04T00:47:36","modified_gmt":"2025-01-04T00:47:36","slug":"hombre-es-detenido-por-maltrato-animal-en-coinco-amarro-un-perro-a-su-vehiculo-y-termino-azotandose-contra-un-arbol","status":"publish","type":"post","link":"https:\/\/www.rengoenlanoticia.cl\/prensa\/2024\/12\/31\/hombre-es-detenido-por-maltrato-animal-en-coinco-amarro-un-perro-a-su-vehiculo-y-termino-azotandose-contra-un-arbol\/","title":{"rendered":"Hombre es detenido por maltrato animal en Coinco: Amarr\u00f3 un perro a su veh\u00edculo y termin\u00f3 azot\u00e1ndose contra un \u00e1rbol"},"content":{"rendered":"\n<p><em>El Tribunal fij\u00f3 un plazo de 60 d\u00edas para llevar a cabo la investigaci\u00f3n correspondiente.<\/em><\/p>\n\n\n\n<p>El pasado 29 de diciembre, Carabineros de la Tenencia Coinco detuvo a un hombre en la Villa La Uni\u00f3n, acusado de arrastrar a un perro, en un caso que r\u00e1pidamente gener\u00f3 rechazo e indignaci\u00f3n al viralizarse en redes sociales.<\/p>\n\n\n\n<p>El mayor Luis Alberto Morales Tapia, comisario de la Cuarta Comisar\u00eda de Rengo, inform\u00f3 que, tras ser alertados sobre la situaci\u00f3n, el personal se dirigi\u00f3 al lugar para proceder con la detenci\u00f3n del individuo. El Ministerio P\u00fablico fue notificado del caso e instruy\u00f3 la realizaci\u00f3n del primer control de detenci\u00f3n, mientras que el Tribunal fij\u00f3 un plazo de<strong>&nbsp;60 d\u00edas para llevar a cabo la investigaci\u00f3n correspondiente.<\/strong><\/p>\n\n\n\n<p>Carabineros aprovech\u00f3 la ocasi\u00f3n para realizar un llamado a la comunidad: \u201cEs importante que los ciudadanos practiquen la tenencia responsable de mascotas y denuncien cualquier acto que constituya un delito en contra de los animales en las unidades de Carabineros de Chile\u201d.<\/p>\n\n\n\n<p>Fuente:https:\/\/eltipografo.cl\/<\/p>\n\n\n\n<p><\/p>\n","protected":false},"excerpt":{"rendered":"El Tribunal fij\u00f3 un plazo de 60 d\u00edas para llevar a cabo la investigaci\u00f3n correspondiente. El pasado 29&hellip;\n","protected":false},"author":2,"featured_media":0,"comment_status":"open","ping_status":"open","sticky":false,"template":"","format":"standard","meta":{"_monsterinsights_skip_tracking":false,"_monsterinsights_sitenote_active":false,"_monsterinsights_sitenote_note":"","_monsterinsights_sitenote_category":0,"footnotes":""},"categories":[5],"tags":[],"class_list":{"0":"post-714","1":"post","2":"type-post","3":"status-publish","4":"format-standard","6":"category-policial"},"aioseo_notices":[],"_links":{"self":[{"href":"https:\/\/www.rengoenlanoticia.cl\/prensa\/wp-json\/wp\/v2\/posts\/714","targetHints":{"allow":["GET"]}}],"collection":[{"href":"https:\/\/www.rengoenlanoticia.cl\/prensa\/wp-json\/wp\/v2\/posts"}],"about":[{"href":"https:\/\/www.rengoenlanoticia.cl\/prensa\/wp-json\/wp\/v2\/types\/post"}],"author":[{"embeddable":true,"href":"https:\/\/www.rengoenlanoticia.cl\/prensa\/wp-json\/wp\/v2\/users\/2"}],"replies":[{"embeddable":true,"href":"https:\/\/www.rengoenlanoticia.cl\/prensa\/wp-json\/wp\/v2\/comments?post=714"}],"version-history":[{"count":1,"href":"https:\/\/www.rengoenlanoticia.cl\/prensa\/wp-json\/wp\/v2\/posts\/714\/revisions"}],"predecessor-version":[{"id":716,"href":"https:\/\/www.rengoenlanoticia.cl\/prensa\/wp-json\/wp\/v2\/posts\/714\/revisions\/716"}],"wp:attachment":[{"href":"https:\/\/www.rengoenlanoticia.cl\/prensa\/wp-json\/wp\/v2\/media?parent=714"}],"wp:term":[{"taxonomy":"category","embeddable":true,"href":"https:\/\/www.rengoenlanoticia.cl\/prensa\/wp-json\/wp\/v2\/categories?post=714"},{"taxonomy":"post_tag","embeddable":true,"href":"https:\/\/www.rengoenlanoticia.cl\/prensa\/wp-json\/wp\/v2\/tags?post=714"}],"curies":[{"name":"wp","href":"https:\/\/api.w.org\/{rel}","templated":true}]}}