{"id":7134,"date":"2025-10-23T13:54:57","date_gmt":"2025-10-23T13:54:57","guid":{"rendered":"https:\/\/www.rengoenlanoticia.cl\/prensa\/?p=7134"},"modified":"2025-10-23T13:58:18","modified_gmt":"2025-10-23T13:58:18","slug":"vecinos-de-villa-valentin-letelier-denuncian-robo-de-medidores-de-agua-durante-la-madrugada","status":"publish","type":"post","link":"https:\/\/www.rengoenlanoticia.cl\/prensa\/2025\/10\/23\/vecinos-de-villa-valentin-letelier-denuncian-robo-de-medidores-de-agua-durante-la-madrugada\/","title":{"rendered":"Vecinos de Villa Valent\u00edn Letelier denuncian robo de medidores de agua durante la madrugada"},"content":{"rendered":"\n<p> Vecinos del sector de la  <strong>Villa Valent\u00edn <\/strong>Letelier denunciaron un nuevo hecho delictual ocurrido durante la madrugada de este jueves, cuando desconocidos sustrajeron 2 medidores de agua desde diferentes viviendas del barrio, uno de ellos fue en calle Pelantaro y el Pillan.<\/p>\n\n\n\n<p>El hecho ha generado gran molestia entre los residentes, quienes aseguran que la inseguridad en la zona ha ido en aumento. \u201cNo es la primera vez que pasa. La semana pasada un vecino del sector de Ladr\u00f3n de Guevara tambi\u00e9n fue v\u00edctima de un robo similar\u201d, coment\u00f3 uno de los afectados.<\/p>\n\n\n\n<figure class=\"wp-block-image size-full\"><img loading=\"lazy\" decoding=\"async\" width=\"899\" height=\"764\" src=\"https:\/\/www.rengoenlanoticia.cl\/prensa\/wp-content\/uploads\/2025\/10\/WhatsApp-Image-2025-10-23-at-10.34.41.jpeg\" alt=\"\" class=\"wp-image-7143\" srcset=\"https:\/\/www.rengoenlanoticia.cl\/prensa\/wp-content\/uploads\/2025\/10\/WhatsApp-Image-2025-10-23-at-10.34.41.jpeg 899w, https:\/\/www.rengoenlanoticia.cl\/prensa\/wp-content\/uploads\/2025\/10\/WhatsApp-Image-2025-10-23-at-10.34.41-300x255.jpeg 300w, https:\/\/www.rengoenlanoticia.cl\/prensa\/wp-content\/uploads\/2025\/10\/WhatsApp-Image-2025-10-23-at-10.34.41-768x653.jpeg 768w, https:\/\/www.rengoenlanoticia.cl\/prensa\/wp-content\/uploads\/2025\/10\/WhatsApp-Image-2025-10-23-at-10.34.41-110x93.jpeg 110w, https:\/\/www.rengoenlanoticia.cl\/prensa\/wp-content\/uploads\/2025\/10\/WhatsApp-Image-2025-10-23-at-10.34.41-200x170.jpeg 200w, https:\/\/www.rengoenlanoticia.cl\/prensa\/wp-content\/uploads\/2025\/10\/WhatsApp-Image-2025-10-23-at-10.34.41-380x323.jpeg 380w, https:\/\/www.rengoenlanoticia.cl\/prensa\/wp-content\/uploads\/2025\/10\/WhatsApp-Image-2025-10-23-at-10.34.41-255x217.jpeg 255w, https:\/\/www.rengoenlanoticia.cl\/prensa\/wp-content\/uploads\/2025\/10\/WhatsApp-Image-2025-10-23-at-10.34.41-550x467.jpeg 550w, https:\/\/www.rengoenlanoticia.cl\/prensa\/wp-content\/uploads\/2025\/10\/WhatsApp-Image-2025-10-23-at-10.34.41-800x680.jpeg 800w\" sizes=\"auto, (max-width: 899px) 100vw, 899px\" \/><\/figure>\n\n\n\n<p>Los vecinos expresaron su preocupaci\u00f3n y exigieron mayor vigilancia policial en el sector. \u201cEsperamos que se investigue este delito, porque alguien debe estar comprando estos medidores. No puede ser que sigan pasando estas cosas sin que nadie haga nada\u201d, agreg\u00f3 otro residente.<\/p>\n\n\n\n<p>Hasta el momento no se ha informado sobre detenidos ni sobre el n\u00famero exacto de medidores sustra\u00eddos. Carabineros se encuentra recopilando antecedentes para dar con los responsables de este nuevo hecho delictual.<\/p>\n","protected":false},"excerpt":{"rendered":"Vecinos del sector de la Villa Valent\u00edn Letelier denunciaron un nuevo hecho delictual ocurrido durante la madrugada de&hellip;\n","protected":false},"author":2,"featured_media":7144,"comment_status":"open","ping_status":"open","sticky":false,"template":"","format":"standard","meta":{"_monsterinsights_skip_tracking":false,"_monsterinsights_sitenote_active":false,"_monsterinsights_sitenote_note":"","_monsterinsights_sitenote_category":0,"footnotes":""},"categories":[5,8],"tags":[],"class_list":{"0":"post-7134","1":"post","2":"type-post","3":"status-publish","4":"format-standard","5":"has-post-thumbnail","7":"category-policial","8":"category-portada"},"aioseo_notices":[],"_links":{"self":[{"href":"https:\/\/www.rengoenlanoticia.cl\/prensa\/wp-json\/wp\/v2\/posts\/7134","targetHints":{"allow":["GET"]}}],"collection":[{"href":"https:\/\/www.rengoenlanoticia.cl\/prensa\/wp-json\/wp\/v2\/posts"}],"about":[{"href":"https:\/\/www.rengoenlanoticia.cl\/prensa\/wp-json\/wp\/v2\/types\/post"}],"author":[{"embeddable":true,"href":"https:\/\/www.rengoenlanoticia.cl\/prensa\/wp-json\/wp\/v2\/users\/2"}],"replies":[{"embeddable":true,"href":"https:\/\/www.rengoenlanoticia.cl\/prensa\/wp-json\/wp\/v2\/comments?post=7134"}],"version-history":[{"count":3,"href":"https:\/\/www.rengoenlanoticia.cl\/prensa\/wp-json\/wp\/v2\/posts\/7134\/revisions"}],"predecessor-version":[{"id":7155,"href":"https:\/\/www.rengoenlanoticia.cl\/prensa\/wp-json\/wp\/v2\/posts\/7134\/revisions\/7155"}],"wp:featuredmedia":[{"embeddable":true,"href":"https:\/\/www.rengoenlanoticia.cl\/prensa\/wp-json\/wp\/v2\/media\/7144"}],"wp:attachment":[{"href":"https:\/\/www.rengoenlanoticia.cl\/prensa\/wp-json\/wp\/v2\/media?parent=7134"}],"wp:term":[{"taxonomy":"category","embeddable":true,"href":"https:\/\/www.rengoenlanoticia.cl\/prensa\/wp-json\/wp\/v2\/categories?post=7134"},{"taxonomy":"post_tag","embeddable":true,"href":"https:\/\/www.rengoenlanoticia.cl\/prensa\/wp-json\/wp\/v2\/tags?post=7134"}],"curies":[{"name":"wp","href":"https:\/\/api.w.org\/{rel}","templated":true}]}}