{"id":7132,"date":"2025-10-23T13:35:05","date_gmt":"2025-10-23T13:35:05","guid":{"rendered":"https:\/\/www.rengoenlanoticia.cl\/prensa\/?p=7132"},"modified":"2025-10-23T14:00:36","modified_gmt":"2025-10-23T14:00:36","slug":"personal-de-la-oficina-micc-de-carabineros-rengo-se-reune-con-vecinos-para-abordar-problematicas-viales-en-villa-augusto-poblete-victor-nicoletti","status":"publish","type":"post","link":"https:\/\/www.rengoenlanoticia.cl\/prensa\/2025\/10\/23\/personal-de-la-oficina-micc-de-carabineros-rengo-se-reune-con-vecinos-para-abordar-problematicas-viales-en-villa-augusto-poblete-victor-nicoletti\/","title":{"rendered":"Personal de la Oficina MICC \u00a0de Carabineros Rengo se re\u00fane con vecinos para abordar problem\u00e1ticas viales en Villa Augusto Poblete V\u00edctor Nicoletti"},"content":{"rendered":"\n<p>El d\u00eda de ayer, personal de la Oficina MICC de la 4\u00aa Comisar\u00eda de Rengo, el d\u00eda mi\u00e9rcoles 22 de octubre, \u00a0sostuvo una reuni\u00f3n con vecinos de la Villa Augusto Poblete V\u00edctor Nicoletti, instancia que cont\u00f3 adem\u00e1s con la participaci\u00f3n del director de Tr\u00e1nsito y el jefe de Operaciones de la Municipalidad de Rengo.<\/p>\n\n\n\n<p>El encuentro tuvo como finalidad analizar y buscar soluciones a diversas problem\u00e1ticas viales que afectan a los residentes del sector, tales como el flujo vehicular, la se\u00f1alizaci\u00f3n y la seguridad peatonal. Durante la jornada, los asistentes pudieron exponer sus inquietudes y plantear propuestas para mejorar la convivencia y seguridad en las calles de la villa.<\/p>\n\n\n\n<p>Carabineros destac\u00f3 la importancia de mantener un trabajo colaborativo entre la comunidad y las instituciones p\u00fablicas, a fin de fortalecer la prevenci\u00f3n y dar respuestas efectivas a las necesidades locales.<\/p>\n\n\n\n<p>La Municipalidad de Rengo, por su parte, se comprometi\u00f3 a evaluar las medidas necesarias para mejorar la infraestructura vial y dar pronta respuesta a los requerimientos de los vecinos.<\/p>\n","protected":false},"excerpt":{"rendered":"El d\u00eda de ayer, personal de la Oficina MICC de la 4\u00aa Comisar\u00eda de Rengo, el d\u00eda mi\u00e9rcoles&hellip;\n","protected":false},"author":2,"featured_media":7141,"comment_status":"open","ping_status":"open","sticky":false,"template":"","format":"standard","meta":{"_monsterinsights_skip_tracking":false,"_monsterinsights_sitenote_active":false,"_monsterinsights_sitenote_note":"","_monsterinsights_sitenote_category":0,"footnotes":""},"categories":[5,8],"tags":[],"class_list":{"0":"post-7132","1":"post","2":"type-post","3":"status-publish","4":"format-standard","5":"has-post-thumbnail","7":"category-policial","8":"category-portada"},"aioseo_notices":[],"_links":{"self":[{"href":"https:\/\/www.rengoenlanoticia.cl\/prensa\/wp-json\/wp\/v2\/posts\/7132","targetHints":{"allow":["GET"]}}],"collection":[{"href":"https:\/\/www.rengoenlanoticia.cl\/prensa\/wp-json\/wp\/v2\/posts"}],"about":[{"href":"https:\/\/www.rengoenlanoticia.cl\/prensa\/wp-json\/wp\/v2\/types\/post"}],"author":[{"embeddable":true,"href":"https:\/\/www.rengoenlanoticia.cl\/prensa\/wp-json\/wp\/v2\/users\/2"}],"replies":[{"embeddable":true,"href":"https:\/\/www.rengoenlanoticia.cl\/prensa\/wp-json\/wp\/v2\/comments?post=7132"}],"version-history":[{"count":4,"href":"https:\/\/www.rengoenlanoticia.cl\/prensa\/wp-json\/wp\/v2\/posts\/7132\/revisions"}],"predecessor-version":[{"id":7157,"href":"https:\/\/www.rengoenlanoticia.cl\/prensa\/wp-json\/wp\/v2\/posts\/7132\/revisions\/7157"}],"wp:featuredmedia":[{"embeddable":true,"href":"https:\/\/www.rengoenlanoticia.cl\/prensa\/wp-json\/wp\/v2\/media\/7141"}],"wp:attachment":[{"href":"https:\/\/www.rengoenlanoticia.cl\/prensa\/wp-json\/wp\/v2\/media?parent=7132"}],"wp:term":[{"taxonomy":"category","embeddable":true,"href":"https:\/\/www.rengoenlanoticia.cl\/prensa\/wp-json\/wp\/v2\/categories?post=7132"},{"taxonomy":"post_tag","embeddable":true,"href":"https:\/\/www.rengoenlanoticia.cl\/prensa\/wp-json\/wp\/v2\/tags?post=7132"}],"curies":[{"name":"wp","href":"https:\/\/api.w.org\/{rel}","templated":true}]}}