{"id":7130,"date":"2025-10-23T13:40:52","date_gmt":"2025-10-23T13:40:52","guid":{"rendered":"https:\/\/www.rengoenlanoticia.cl\/prensa\/?p=7130"},"modified":"2025-10-23T14:00:18","modified_gmt":"2025-10-23T14:00:18","slug":"cchc-ohiggins-alerta-que-recorte-en-presupuesto-2026-frenara-proyectos-y-empleo-regional","status":"publish","type":"post","link":"https:\/\/www.rengoenlanoticia.cl\/prensa\/2025\/10\/23\/cchc-ohiggins-alerta-que-recorte-en-presupuesto-2026-frenara-proyectos-y-empleo-regional\/","title":{"rendered":"CChC O\u2019Higgins alerta que recorte en Presupuesto 2026 frenar\u00e1 proyectos y empleo regional"},"content":{"rendered":"\n<p><em>El gremio advierte que la disminuci\u00f3n de la inversi\u00f3n p\u00fablica afectar\u00e1 la ejecuci\u00f3n de obras, el empleo y la actividad econ\u00f3mica en la Regi\u00f3n de O\u2019Higgins.<\/em><\/p>\n\n\n\n<p>La C\u00e1mara Chilena de la Construcci\u00f3n O\u2019Higgins (CChC O\u2019Higgins) manifest\u00f3 su preocupaci\u00f3n ante el proyecto de Ley de Presupuestos 2026, advirtiendo que la reducci\u00f3n en los recursos para inversi\u00f3n p\u00fablica podr\u00eda tener un fuerte impacto en la ejecuci\u00f3n de obras, la generaci\u00f3n de empleo y la actividad econ\u00f3mica regional.<\/p>\n\n\n\n<p>El presidente de la CChC O\u2019Higgins, Francisco Donoso Tagle, se\u00f1al\u00f3 que \u201cla reducci\u00f3n de recursos para inversi\u00f3n p\u00fablica y obras de infraestructura genera un riesgo real de paralizaci\u00f3n o retraso de proyectos en ejecuci\u00f3n, afectando directamente al empleo y al desarrollo regional. En momentos en que necesitamos m\u00e1s dinamismo, no menos, este presupuesto nos deja en una situaci\u00f3n compleja\u201d.<\/p>\n\n\n\n<p><strong>Contexto nacional del Presupuesto 2026<\/strong><\/p>\n\n\n\n<p>De acuerdo con la Minuta de la Gerencia de Estudios y Pol\u00edticas P\u00fablicas (octubre 2025) del gremio, el proyecto de Ley de Presupuestos 2026 \u2014ingresado al Congreso el 30 de septiembre y con aprobaci\u00f3n prevista para el 30 de noviembre\u2014 corresponde al \u00faltimo presupuesto de la actual administraci\u00f3n y se enmarca bajo el lema de \u201cresponsabilidad social y fiscal\u201d.<\/p>\n\n\n\n<p>Se proyecta una ca\u00edda del 12,5% en inversi\u00f3n p\u00fablica, siendo la m\u00e1s profunda en 22 a\u00f1os, situando el gasto de inversi\u00f3n por debajo del 3% del PIB. El MOP ver\u00eda una ca\u00edda de 17,2% (~US$ 700 millones), y los gobiernos regionales una baja de 5,8%, sin embargo, hay que tener en cuenta que a\u00fan no est\u00e1 identificado el presupuesto asignado para iniciativas de inversi\u00f3n (como referencia, para 2025 fue 32% del presupuesto total aprobado).<\/p>\n\n\n\n<p><strong>Un recorte hist\u00f3rico en inversi\u00f3n p\u00fablica<\/strong><\/p>\n\n\n\n<p>El pronunciamiento regional de la CChC O\u2019Higgins se alinea con lo planteado por el presidente nacional del gremio, Alfredo Echavarr\u00eda, quien sostuvo que \u201cel proyecto de Presupuesto 2026 castiga la inversi\u00f3n, la actividad y el empleo\u201d.<\/p>\n\n\n\n<p>Seg\u00fan Echavarr\u00eda, este ajuste \u201crepresenta el mayor retroceso anual en la historia reciente del MOP\u201d, y subray\u00f3 que solo un 5% del presupuesto de inversi\u00f3n se destinar\u00eda a nuevos proyectos.<\/p>\n\n\n\n<figure class=\"wp-block-image size-full\"><img loading=\"lazy\" decoding=\"async\" width=\"1000\" height=\"583\" src=\"https:\/\/www.rengoenlanoticia.cl\/prensa\/wp-content\/uploads\/2025\/10\/WhatsApp-Image-2025-10-23-at-09.00.27-1.jpeg\" alt=\"\" class=\"wp-image-7136\" srcset=\"https:\/\/www.rengoenlanoticia.cl\/prensa\/wp-content\/uploads\/2025\/10\/WhatsApp-Image-2025-10-23-at-09.00.27-1.jpeg 1000w, https:\/\/www.rengoenlanoticia.cl\/prensa\/wp-content\/uploads\/2025\/10\/WhatsApp-Image-2025-10-23-at-09.00.27-1-300x175.jpeg 300w, https:\/\/www.rengoenlanoticia.cl\/prensa\/wp-content\/uploads\/2025\/10\/WhatsApp-Image-2025-10-23-at-09.00.27-1-768x448.jpeg 768w, https:\/\/www.rengoenlanoticia.cl\/prensa\/wp-content\/uploads\/2025\/10\/WhatsApp-Image-2025-10-23-at-09.00.27-1-110x64.jpeg 110w, https:\/\/www.rengoenlanoticia.cl\/prensa\/wp-content\/uploads\/2025\/10\/WhatsApp-Image-2025-10-23-at-09.00.27-1-200x117.jpeg 200w, https:\/\/www.rengoenlanoticia.cl\/prensa\/wp-content\/uploads\/2025\/10\/WhatsApp-Image-2025-10-23-at-09.00.27-1-380x222.jpeg 380w, https:\/\/www.rengoenlanoticia.cl\/prensa\/wp-content\/uploads\/2025\/10\/WhatsApp-Image-2025-10-23-at-09.00.27-1-255x149.jpeg 255w, https:\/\/www.rengoenlanoticia.cl\/prensa\/wp-content\/uploads\/2025\/10\/WhatsApp-Image-2025-10-23-at-09.00.27-1-550x321.jpeg 550w, https:\/\/www.rengoenlanoticia.cl\/prensa\/wp-content\/uploads\/2025\/10\/WhatsApp-Image-2025-10-23-at-09.00.27-1-800x466.jpeg 800w\" sizes=\"auto, (max-width: 1000px) 100vw, 1000px\" \/><\/figure>\n\n\n\n<p><strong>Efectos en la Regi\u00f3n de O\u2019Higgins<\/strong><\/p>\n\n\n\n<p>La regi\u00f3n podr\u00eda verse particularmente afectada en iniciativas que dependen de fondos de infraestructura y conectividad, el subt\u00edtulo 31 de Iniciativas de Inversi\u00f3n del MOP exhibe una contracci\u00f3n del 16,4% real respecto de la Ley 2025. Las mayores contracciones se observan en Servicios Sanitarios Rurales y Direcci\u00f3n General de Concesiones (corresponde a expropiaciones, subsidios de concesiones en operaci\u00f3n, asesor\u00edas de inspecci\u00f3n fiscal, entre otros).<\/p>\n\n\n\n<p>Del total de montos de inversi\u00f3n considerados en la Ley de Presupuesto MOP, MM$174.463, solo el 3,8% estar\u00eda destinado a obras nuevas, a diferencia del a\u00f1o 2025, que alcanzaba el 17%.<\/p>\n\n\n\n<p>De acuerdo al proyecto de Ley de Presupuesto 2026, a nivel nacional, crece el presupuesto para la inversi\u00f3n en vivienda y ciudad por parte del MINVU: El presupuesto de programas habitacionales e inversi\u00f3n en ciudad ser\u00e1 el mayor en la historia del Ministerio (como ha sido la t\u00f3nica desde 2023).<\/p>\n\n\n\n<p>El Proyecto de ley a nivel nacional est\u00e1 asociado a un monto de 4,1 billones de pesos, lo que representa un crecimiento real de 8,2% con respecto al a\u00f1o en curso. (Sub 33: MM$3.678; Sub 31: MM$465.461).<\/p>\n\n\n\n<p>En el caso de la Regi\u00f3n de O\u00b4Higgins, el presupuesto disminuye en MM$6.342, equivalente al 2,9%, con la disminuci\u00f3n del Subt\u00edtulo 31 (Iniciativas de inversi\u00f3n), en un 22% (MM$4.223), en relaci\u00f3n a la Ley de Ppto 2025.<\/p>\n\n\n\n<p>Respecto de la Pol\u00edtica Habitacional de la Regi\u00f3n de O\u00b4Higgins, espec\u00edficamente en decretos habitacionales, disminuye MM$2.119, equivalente a -1,1%. Se aprecia una disminuci\u00f3n de MM$5.057 en programas de mejoramiento (-22%), mientras que, en l\u00ednea con el Plan de Emergencia Habitacional, crece el presupuesto asociado a solucionar el d\u00e9ficit habitacional cuantitativo, en un 3,9% equivalente a MM$6.348. Destacando el Programa de Integraci\u00f3n Social (DS19) con un crecimiento del 125,7%.<\/p>\n\n\n\n<p>\u201cEstos recortes no solo retrasan obras, sino que adem\u00e1s golpean al empleo formal en la construcci\u00f3n, que ya ha tenido una recuperaci\u00f3n lenta tras la pandemia\u201d, enfatiz\u00f3 Donoso Tagle.<\/p>\n\n\n\n<p><strong>Bajo nivel de ejecuci\u00f3n MOP y desaf\u00edos habitacionales<\/strong><\/p>\n\n\n\n<p>Seg\u00fan el informe de la CChC, a septiembre de 2025 el MOP O\u00b4Higgins hab\u00eda ejecutado el 52,1% de lo asignado en la Ley de Presupuestos, lo que genera dudas sobre su capacidad de cierre presupuestario.<\/p>\n\n\n\n<p><strong>Llamado al equilibrio y la acci\u00f3n regional<\/strong><\/p>\n\n\n\n<p>Finalmente, la CChC O\u2019Higgins reiter\u00f3 su llamado a las autoridades nacionales y regionales para que busquen un equilibrio entre la responsabilidad fiscal y la necesidad de inversi\u00f3n en infraestructura p\u00fablica.<\/p>\n\n\n\n<p>\u201cLa inversi\u00f3n no es un gasto: es una herramienta de desarrollo que mejora la calidad de vida de las personas y sostiene el empleo. O\u2019Higgins no puede quedarse atr\u00e1s por falta de ejecuci\u00f3n o planificaci\u00f3n\u201d, concluy\u00f3 Francisco Donoso Tagle.<\/p>\n","protected":false},"excerpt":{"rendered":"El gremio advierte que la disminuci\u00f3n de la inversi\u00f3n p\u00fablica afectar\u00e1 la ejecuci\u00f3n de obras, el empleo y&hellip;\n","protected":false},"author":1,"featured_media":7137,"comment_status":"open","ping_status":"open","sticky":false,"template":"","format":"standard","meta":{"_monsterinsights_skip_tracking":false,"_monsterinsights_sitenote_active":false,"_monsterinsights_sitenote_note":"","_monsterinsights_sitenote_category":0,"footnotes":""},"categories":[8],"tags":[],"class_list":{"0":"post-7130","1":"post","2":"type-post","3":"status-publish","4":"format-standard","5":"has-post-thumbnail","7":"category-portada"},"aioseo_notices":[],"_links":{"self":[{"href":"https:\/\/www.rengoenlanoticia.cl\/prensa\/wp-json\/wp\/v2\/posts\/7130","targetHints":{"allow":["GET"]}}],"collection":[{"href":"https:\/\/www.rengoenlanoticia.cl\/prensa\/wp-json\/wp\/v2\/posts"}],"about":[{"href":"https:\/\/www.rengoenlanoticia.cl\/prensa\/wp-json\/wp\/v2\/types\/post"}],"author":[{"embeddable":true,"href":"https:\/\/www.rengoenlanoticia.cl\/prensa\/wp-json\/wp\/v2\/users\/1"}],"replies":[{"embeddable":true,"href":"https:\/\/www.rengoenlanoticia.cl\/prensa\/wp-json\/wp\/v2\/comments?post=7130"}],"version-history":[{"count":3,"href":"https:\/\/www.rengoenlanoticia.cl\/prensa\/wp-json\/wp\/v2\/posts\/7130\/revisions"}],"predecessor-version":[{"id":7158,"href":"https:\/\/www.rengoenlanoticia.cl\/prensa\/wp-json\/wp\/v2\/posts\/7130\/revisions\/7158"}],"wp:featuredmedia":[{"embeddable":true,"href":"https:\/\/www.rengoenlanoticia.cl\/prensa\/wp-json\/wp\/v2\/media\/7137"}],"wp:attachment":[{"href":"https:\/\/www.rengoenlanoticia.cl\/prensa\/wp-json\/wp\/v2\/media?parent=7130"}],"wp:term":[{"taxonomy":"category","embeddable":true,"href":"https:\/\/www.rengoenlanoticia.cl\/prensa\/wp-json\/wp\/v2\/categories?post=7130"},{"taxonomy":"post_tag","embeddable":true,"href":"https:\/\/www.rengoenlanoticia.cl\/prensa\/wp-json\/wp\/v2\/tags?post=7130"}],"curies":[{"name":"wp","href":"https:\/\/api.w.org\/{rel}","templated":true}]}}