{"id":7113,"date":"2025-10-23T01:17:09","date_gmt":"2025-10-23T01:17:09","guid":{"rendered":"https:\/\/www.rengoenlanoticia.cl\/prensa\/?p=7113"},"modified":"2025-10-23T01:18:58","modified_gmt":"2025-10-23T01:18:58","slug":"senador-juan-luis-castro-la-multa-a-cge-es-el-inicio-de-la-justicia-pero-no-el-final","status":"publish","type":"post","link":"https:\/\/www.rengoenlanoticia.cl\/prensa\/2025\/10\/23\/senador-juan-luis-castro-la-multa-a-cge-es-el-inicio-de-la-justicia-pero-no-el-final\/","title":{"rendered":"Senador Juan Luis Castro: \u201cLa multa a CGE es el inicio de la justicia, pero no el final\u00bb"},"content":{"rendered":"\n<p><em>El parlamentario, manifest\u00f3 que faltan las compensaciones a los usuarios.\u00a0<\/em><br>La reciente sanci\u00f3n aplicada por la Superintendencia de Electricidad y Combustibles (SEC) a la Compa\u00f1\u00eda General de Electricidad (CGE) por m\u00e1s de $5.800 millones marca un hito en la fiscalizaci\u00f3n del sector el\u00e9ctrico. Sin embargo, para el senador Juan Luis Castro, integrante de la Comisi\u00f3n de Energ\u00eda, esta multa \u201ces solo el inicio del camino hacia la justicia con las personas afectadas\u201d.<\/p>\n\n\n\n<p>La SEC comprob\u00f3 graves irregularidades en la lectura de medidores y la facturaci\u00f3n el\u00e9ctrica en las regiones de O\u2019Higgins y Maule, donde m\u00e1s de 640 mil clientes recibieron boletas con consumos estimados y cobros err\u00f3neos, vulnerando la normativa de transparencia y exactitud en los cobros.<\/p>\n\n\n\n<p>&nbsp;Adem\u00e1s, la empresa fue sancionada por entregar informaci\u00f3n inexacta y deber\u00e1 realizar una auditor\u00eda externa para revisar sus procesos y reportes internos.&nbsp;<\/p>\n\n\n\n<p>Frente a ello, el senador Castro fue enf\u00e1tico: \u201cAlguna vez se tiene que empezar a hacer justicia con la gente. La multa que impuso la Superintendencia inicia el camino, no lo termina. Porque son multas a pagar por la empresa, pero faltan las compensaciones para las familias que fueron abusadas cuando CGE hizo estimaciones sin leer los medidores, al tun tun, y siempre en beneficio propio. Eso es grave e imperdonable.\u201d<\/p>\n\n\n\n<p>El parlamentario sostuvo que insistir\u00e1 en que el proceso llegue \u201chasta el final, con reparaciones concretas para los usuarios que pagaron cobros indebidos\u201d, subrayando que este caso \u201cdemuestra la urgencia de fortalecer la fiscalizaci\u00f3n energ\u00e9tica y de garantizar que las empresas rindan cuentas por los perjuicios que generan\u201d.<\/p>\n\n\n\n<p>Por su parte, la SEC inform\u00f3 que los antecedentes fueron remitidos al Servicio Nacional del Consumidor (SERNAC), para que eval\u00fae las acciones que permitan impulsar las compensaciones a los clientes afectados.<\/p>\n","protected":false},"excerpt":{"rendered":"El parlamentario, manifest\u00f3 que faltan las compensaciones a los usuarios.\u00a0La reciente sanci\u00f3n aplicada por la Superintendencia de Electricidad&hellip;\n","protected":false},"author":1,"featured_media":7120,"comment_status":"open","ping_status":"open","sticky":false,"template":"","format":"standard","meta":{"_monsterinsights_skip_tracking":false,"_monsterinsights_sitenote_active":false,"_monsterinsights_sitenote_note":"","_monsterinsights_sitenote_category":0,"footnotes":""},"categories":[5,8],"tags":[],"class_list":{"0":"post-7113","1":"post","2":"type-post","3":"status-publish","4":"format-standard","5":"has-post-thumbnail","7":"category-policial","8":"category-portada"},"aioseo_notices":[],"_links":{"self":[{"href":"https:\/\/www.rengoenlanoticia.cl\/prensa\/wp-json\/wp\/v2\/posts\/7113","targetHints":{"allow":["GET"]}}],"collection":[{"href":"https:\/\/www.rengoenlanoticia.cl\/prensa\/wp-json\/wp\/v2\/posts"}],"about":[{"href":"https:\/\/www.rengoenlanoticia.cl\/prensa\/wp-json\/wp\/v2\/types\/post"}],"author":[{"embeddable":true,"href":"https:\/\/www.rengoenlanoticia.cl\/prensa\/wp-json\/wp\/v2\/users\/1"}],"replies":[{"embeddable":true,"href":"https:\/\/www.rengoenlanoticia.cl\/prensa\/wp-json\/wp\/v2\/comments?post=7113"}],"version-history":[{"count":3,"href":"https:\/\/www.rengoenlanoticia.cl\/prensa\/wp-json\/wp\/v2\/posts\/7113\/revisions"}],"predecessor-version":[{"id":7125,"href":"https:\/\/www.rengoenlanoticia.cl\/prensa\/wp-json\/wp\/v2\/posts\/7113\/revisions\/7125"}],"wp:featuredmedia":[{"embeddable":true,"href":"https:\/\/www.rengoenlanoticia.cl\/prensa\/wp-json\/wp\/v2\/media\/7120"}],"wp:attachment":[{"href":"https:\/\/www.rengoenlanoticia.cl\/prensa\/wp-json\/wp\/v2\/media?parent=7113"}],"wp:term":[{"taxonomy":"category","embeddable":true,"href":"https:\/\/www.rengoenlanoticia.cl\/prensa\/wp-json\/wp\/v2\/categories?post=7113"},{"taxonomy":"post_tag","embeddable":true,"href":"https:\/\/www.rengoenlanoticia.cl\/prensa\/wp-json\/wp\/v2\/tags?post=7113"}],"curies":[{"name":"wp","href":"https:\/\/api.w.org\/{rel}","templated":true}]}}