{"id":7112,"date":"2025-10-23T01:10:42","date_gmt":"2025-10-23T01:10:42","guid":{"rendered":"https:\/\/www.rengoenlanoticia.cl\/prensa\/?p=7112"},"modified":"2025-10-23T02:04:24","modified_gmt":"2025-10-23T02:04:24","slug":"despliegue-policial-culmino-con-cuatro-detenidos-recuperacion-de-celulares-e-incautacion-de-armas-de-fuego","status":"publish","type":"post","link":"https:\/\/www.rengoenlanoticia.cl\/prensa\/2025\/10\/23\/despliegue-policial-culmino-con-cuatro-detenidos-recuperacion-de-celulares-e-incautacion-de-armas-de-fuego\/","title":{"rendered":"Despliegue policial culmin\u00f3 con cuatro detenidos, recuperaci\u00f3n de celulares e incautaci\u00f3n de armas de fuego"},"content":{"rendered":"\n<p><strong>Las Cabras \/ Regi\u00f3n de O\u2019Higgins.<\/strong> \u2014 Un amplio operativo policial permiti\u00f3 la detenci\u00f3n de cuatro individuos, la recuperaci\u00f3n de tel\u00e9fonos celulares robados y la incautaci\u00f3n de armas de fuego, luego de un asalto ocurrido la tarde de este mi\u00e9rcoles en la comuna de Las Cabras.<\/p>\n\n\n\n<p>Seg\u00fan inform\u00f3 Carabineros, a trav\u00e9s del nivel de emergencia 133 se recibi\u00f3 una denuncia que alertaba sobre un robo con intimidaci\u00f3n en una tienda de equipos electr\u00f3nicos y celulares ubicada en calle Las Acacias. El denunciante aport\u00f3 antecedentes sobre las caracter\u00edsticas de los involucrados y del veh\u00edculo en el que hu\u00edan.<\/p>\n\n\n\n<p>Con estos datos, se activ\u00f3 un encargo radial y un seguimiento controlado que permiti\u00f3 ubicar a los sospechosos en la comuna de El Monte. En el operativo participaron efectivos de la Tenencia Carreteras Melipilla, del Grupo de Operaciones Policiales Especiales (GOPE), de la Prefectura Santiago Costa y con apoyo a\u00e9reo de la Prefectura A\u00e9rea.<\/p>\n\n\n\n<p>Durante la persecuci\u00f3n, Carabineros despleg\u00f3 un dispositivo \u201cpincha neum\u00e1ticos\u201d en la Ruta 78, lo que oblig\u00f3 a los delincuentes a abandonar la v\u00eda. El seguimiento culmin\u00f3 a la altura del kil\u00f3metro 25, en la comuna de Padre Hurtado, donde fueron finalmente detenidos los cuatro ocupantes del veh\u00edculo.<\/p>\n\n\n\n<p>En el procedimiento se incautaron tres armas de fuego tipo pistola y una bolsa que conten\u00eda varios tel\u00e9fonos celulares nuevos y embalados, presuntamente sustra\u00eddos desde el local comercial.<\/p>\n\n\n\n<p>Todos los antecedentes fueron puestos a disposici\u00f3n del Ministerio P\u00fablico, mientras Carabineros contin\u00faa con las diligencias para esclarecer la participaci\u00f3n de los detenidos en otros posibles il\u00edcitos.<\/p>\n","protected":false},"excerpt":{"rendered":"Las Cabras \/ Regi\u00f3n de O\u2019Higgins. \u2014 Un amplio operativo policial permiti\u00f3 la detenci\u00f3n de cuatro individuos, la&hellip;\n","protected":false},"author":2,"featured_media":7118,"comment_status":"open","ping_status":"open","sticky":false,"template":"","format":"standard","meta":{"_monsterinsights_skip_tracking":false,"_monsterinsights_sitenote_active":false,"_monsterinsights_sitenote_note":"","_monsterinsights_sitenote_category":0,"footnotes":""},"categories":[5,8],"tags":[],"class_list":{"0":"post-7112","1":"post","2":"type-post","3":"status-publish","4":"format-standard","5":"has-post-thumbnail","7":"category-policial","8":"category-portada"},"aioseo_notices":[],"_links":{"self":[{"href":"https:\/\/www.rengoenlanoticia.cl\/prensa\/wp-json\/wp\/v2\/posts\/7112","targetHints":{"allow":["GET"]}}],"collection":[{"href":"https:\/\/www.rengoenlanoticia.cl\/prensa\/wp-json\/wp\/v2\/posts"}],"about":[{"href":"https:\/\/www.rengoenlanoticia.cl\/prensa\/wp-json\/wp\/v2\/types\/post"}],"author":[{"embeddable":true,"href":"https:\/\/www.rengoenlanoticia.cl\/prensa\/wp-json\/wp\/v2\/users\/2"}],"replies":[{"embeddable":true,"href":"https:\/\/www.rengoenlanoticia.cl\/prensa\/wp-json\/wp\/v2\/comments?post=7112"}],"version-history":[{"count":3,"href":"https:\/\/www.rengoenlanoticia.cl\/prensa\/wp-json\/wp\/v2\/posts\/7112\/revisions"}],"predecessor-version":[{"id":7127,"href":"https:\/\/www.rengoenlanoticia.cl\/prensa\/wp-json\/wp\/v2\/posts\/7112\/revisions\/7127"}],"wp:featuredmedia":[{"embeddable":true,"href":"https:\/\/www.rengoenlanoticia.cl\/prensa\/wp-json\/wp\/v2\/media\/7118"}],"wp:attachment":[{"href":"https:\/\/www.rengoenlanoticia.cl\/prensa\/wp-json\/wp\/v2\/media?parent=7112"}],"wp:term":[{"taxonomy":"category","embeddable":true,"href":"https:\/\/www.rengoenlanoticia.cl\/prensa\/wp-json\/wp\/v2\/categories?post=7112"},{"taxonomy":"post_tag","embeddable":true,"href":"https:\/\/www.rengoenlanoticia.cl\/prensa\/wp-json\/wp\/v2\/tags?post=7112"}],"curies":[{"name":"wp","href":"https:\/\/api.w.org\/{rel}","templated":true}]}}