{"id":710,"date":"2024-12-31T23:45:29","date_gmt":"2024-12-31T23:45:29","guid":{"rendered":"https:\/\/www.rengoenlanoticia.cl\/prensa\/?p=710"},"modified":"2025-01-03T23:49:55","modified_gmt":"2025-01-03T23:49:55","slug":"seremi-de-salud-realiza-inspeccion-sanitaria-previo-a-celebracion-de-fiesta-masiva-de-fin-de-ano","status":"publish","type":"post","link":"https:\/\/www.rengoenlanoticia.cl\/prensa\/2024\/12\/31\/seremi-de-salud-realiza-inspeccion-sanitaria-previo-a-celebracion-de-fiesta-masiva-de-fin-de-ano\/","title":{"rendered":"Seremi de Salud realiza inspecci\u00f3n sanitaria previo a celebraci\u00f3n de fiesta masiva de Fin de A\u00f1o"},"content":{"rendered":"\n<p>En el contexto de las festividades de fin de a\u00f1o, la Seremi de Salud de la Regi\u00f3n de O\u2019Higgins, realiz\u00f3 una inspecci\u00f3n en el Club de Polo de Machal\u00ed, lugar donde se celebrar\u00e1 una fiesta masiva este 31 de diciembre, con el objetivo de velar por la seguridad sanitaria de los asistentes.<\/p>\n\n\n\n<p>Al lugar asistieron la Seremi de Salud (S) Rosa Madrid, en compa\u00f1\u00eda del jefe del Departamento de Acci\u00f3n Sanitaria, Esteban Contreras y Maritza Delgadillo, jefa de la Oficina de Acci\u00f3n Sanitaria de Rancagua<br><br>La actividad forma parte de un plan de trabajo de la Seremi de Salud, enfocado en dos \u00e1reas claves, la garant\u00eda de alimentos seguros y la supervisi\u00f3n de las condiciones sanitarias en eventos de gran concurrencia. En este sentido, la Seremi de Salud (S) Rosa Madrid explic\u00f3 que el principal prop\u00f3sito de la visita fue asegurar que las instalaciones cumplieran con las condiciones m\u00ednimas para evitar riesgos para la salud de las personas.<br><br>\u201cLa idea es garantizar que las personas que asistan a este tipo de eventos puedan disfrutar con la tranquilidad de que est\u00e1n en un lugar con los resguardos adecuados. Durante la inspecci\u00f3n, verificamos aspectos como la limpieza de los ba\u00f1os, la disposici\u00f3n de las salidas de emergencia, la correcta delimitaci\u00f3n de los accesos, y la disponibilidad de servicios m\u00e9dicos en caso de emergencias\u201d, indic\u00f3 la Autoridad Sanitaria.<br><br>Asimismo, la Seremi Subrogante recalc\u00f3 la importancia de adoptar medidas preventivas, especialmente en lo que respecta al consumo responsable de alimentos y bebidas. \u201cQueremos que la comunidad disfrute de las fiestas de forma segura, evitando excesos, especialmente en cuanto al consumo de alcohol. Recordemos que, si se va a ingerir alcohol, lo m\u00e1s responsable es no conducir y optar por alternativas de transporte seguro, como el uso de transporte p\u00fablico o el apoyo de un amigo\u201d, recomend\u00f3 Madrid<br><br>Desde la Seremi de Salud, hizo un llamado a la responsabilidad individual y colectiva para evitar que los excesos empa\u00f1en las celebraciones y se inicie el nuevo a\u00f1o con seguridad y bienestar.<\/p>\n\n\n\n<figure class=\"wp-block-image size-large\"><img decoding=\"async\" src=\"https:\/\/www.rengoenlanoticia.cl\/prensa\/wp-content\/uploads\/2025\/01\/b0a5cbdd-1b28-415f-b620-2aee67cad2c8-1024x768.jpeg\" alt=\"\" class=\"wp-image-711\"\/><\/figure>\n","protected":false},"excerpt":{"rendered":"En el contexto de las festividades de fin de a\u00f1o, la Seremi de Salud de la Regi\u00f3n de&hellip;\n","protected":false},"author":2,"featured_media":0,"comment_status":"open","ping_status":"open","sticky":false,"template":"","format":"standard","meta":{"_monsterinsights_skip_tracking":false,"_monsterinsights_sitenote_active":false,"_monsterinsights_sitenote_note":"","_monsterinsights_sitenote_category":0,"footnotes":""},"categories":[8],"tags":[],"class_list":{"0":"post-710","1":"post","2":"type-post","3":"status-publish","4":"format-standard","6":"category-portada"},"aioseo_notices":[],"_links":{"self":[{"href":"https:\/\/www.rengoenlanoticia.cl\/prensa\/wp-json\/wp\/v2\/posts\/710","targetHints":{"allow":["GET"]}}],"collection":[{"href":"https:\/\/www.rengoenlanoticia.cl\/prensa\/wp-json\/wp\/v2\/posts"}],"about":[{"href":"https:\/\/www.rengoenlanoticia.cl\/prensa\/wp-json\/wp\/v2\/types\/post"}],"author":[{"embeddable":true,"href":"https:\/\/www.rengoenlanoticia.cl\/prensa\/wp-json\/wp\/v2\/users\/2"}],"replies":[{"embeddable":true,"href":"https:\/\/www.rengoenlanoticia.cl\/prensa\/wp-json\/wp\/v2\/comments?post=710"}],"version-history":[{"count":2,"href":"https:\/\/www.rengoenlanoticia.cl\/prensa\/wp-json\/wp\/v2\/posts\/710\/revisions"}],"predecessor-version":[{"id":725,"href":"https:\/\/www.rengoenlanoticia.cl\/prensa\/wp-json\/wp\/v2\/posts\/710\/revisions\/725"}],"wp:attachment":[{"href":"https:\/\/www.rengoenlanoticia.cl\/prensa\/wp-json\/wp\/v2\/media?parent=710"}],"wp:term":[{"taxonomy":"category","embeddable":true,"href":"https:\/\/www.rengoenlanoticia.cl\/prensa\/wp-json\/wp\/v2\/categories?post=710"},{"taxonomy":"post_tag","embeddable":true,"href":"https:\/\/www.rengoenlanoticia.cl\/prensa\/wp-json\/wp\/v2\/tags?post=710"}],"curies":[{"name":"wp","href":"https:\/\/api.w.org\/{rel}","templated":true}]}}