{"id":7094,"date":"2025-10-23T00:30:41","date_gmt":"2025-10-23T00:30:41","guid":{"rendered":"https:\/\/www.rengoenlanoticia.cl\/prensa\/?p=7094"},"modified":"2025-10-23T00:30:47","modified_gmt":"2025-10-23T00:30:47","slug":"gobierno-regional-distribuira-20-mil-millones-en-proyectos-fril-2026-para-ohiggins","status":"publish","type":"post","link":"https:\/\/www.rengoenlanoticia.cl\/prensa\/2025\/10\/23\/gobierno-regional-distribuira-20-mil-millones-en-proyectos-fril-2026-para-ohiggins\/","title":{"rendered":"Gobierno Regional distribuir\u00e1 20 mil millones en proyectos FRIL 2026 para O\u2019Higgins"},"content":{"rendered":"\n<p>La planificaci\u00f3n presupuestaria beneficiar\u00e1 a las 33 comunas de la regi\u00f3n con iniciativas priorizadas por vecinos, vecinas y municipios. &nbsp;<\/p>\n\n\n\n<p>El anuncio sobre una nueva rebaja presupuestaria para los Gobiernos Regionales del pa\u00eds que oficializ\u00f3 la Direcci\u00f3n de Presupuesto (DIPRES), golpear\u00e1 por segundo a\u00f1o consecutivo a las regiones.<\/p>\n\n\n\n<p>Frente este escenario financiero, el Gobierno Regional convoc\u00f3 una reuni\u00f3n de trabajo con los 33 alcaldes y alcaldesas junto a los consejeros regionales, instancia donde inform\u00f3 sobre el recorte presupuestario del 2,3% y la planificaci\u00f3n asociada a los proyectos del Fondo Regional de Iniciativa Local (FRIL) para todas las comunas de O\u2019Higgins.<\/p>\n\n\n\n<figure class=\"wp-block-image size-large\"><img loading=\"lazy\" decoding=\"async\" width=\"1024\" height=\"683\" src=\"https:\/\/www.rengoenlanoticia.cl\/prensa\/wp-content\/uploads\/2025\/10\/WhatsApp-Image-2025-10-21-at-12.06.01-1024x683.jpeg\" alt=\"\" class=\"wp-image-7097\" srcset=\"https:\/\/www.rengoenlanoticia.cl\/prensa\/wp-content\/uploads\/2025\/10\/WhatsApp-Image-2025-10-21-at-12.06.01-1024x683.jpeg 1024w, https:\/\/www.rengoenlanoticia.cl\/prensa\/wp-content\/uploads\/2025\/10\/WhatsApp-Image-2025-10-21-at-12.06.01-300x200.jpeg 300w, https:\/\/www.rengoenlanoticia.cl\/prensa\/wp-content\/uploads\/2025\/10\/WhatsApp-Image-2025-10-21-at-12.06.01-768x512.jpeg 768w, https:\/\/www.rengoenlanoticia.cl\/prensa\/wp-content\/uploads\/2025\/10\/WhatsApp-Image-2025-10-21-at-12.06.01-1536x1024.jpeg 1536w, https:\/\/www.rengoenlanoticia.cl\/prensa\/wp-content\/uploads\/2025\/10\/WhatsApp-Image-2025-10-21-at-12.06.01-2048x1365.jpeg 2048w, https:\/\/www.rengoenlanoticia.cl\/prensa\/wp-content\/uploads\/2025\/10\/WhatsApp-Image-2025-10-21-at-12.06.01-110x73.jpeg 110w, https:\/\/www.rengoenlanoticia.cl\/prensa\/wp-content\/uploads\/2025\/10\/WhatsApp-Image-2025-10-21-at-12.06.01-200x133.jpeg 200w, https:\/\/www.rengoenlanoticia.cl\/prensa\/wp-content\/uploads\/2025\/10\/WhatsApp-Image-2025-10-21-at-12.06.01-380x253.jpeg 380w, https:\/\/www.rengoenlanoticia.cl\/prensa\/wp-content\/uploads\/2025\/10\/WhatsApp-Image-2025-10-21-at-12.06.01-255x170.jpeg 255w, https:\/\/www.rengoenlanoticia.cl\/prensa\/wp-content\/uploads\/2025\/10\/WhatsApp-Image-2025-10-21-at-12.06.01-550x367.jpeg 550w, https:\/\/www.rengoenlanoticia.cl\/prensa\/wp-content\/uploads\/2025\/10\/WhatsApp-Image-2025-10-21-at-12.06.01-800x533.jpeg 800w, https:\/\/www.rengoenlanoticia.cl\/prensa\/wp-content\/uploads\/2025\/10\/WhatsApp-Image-2025-10-21-at-12.06.01-1160x773.jpeg 1160w, https:\/\/www.rengoenlanoticia.cl\/prensa\/wp-content\/uploads\/2025\/10\/WhatsApp-Image-2025-10-21-at-12.06.01-scaled.jpeg 2560w\" sizes=\"auto, (max-width: 1024px) 100vw, 1024px\" \/><\/figure>\n\n\n\n<p>Al respecto, el gobernador regional, Pablo Silva Amaya, sostuvo que \u201crealizamos esta reuni\u00f3n para comunicar la rebaja presupuestaria, pero tambi\u00e9n para contarles que hemos realizado un esfuerzo y priorizado a las 33 comunas de la regi\u00f3n. Pese a las dificultades, invertiremos 20 mil millones de pesos en proyectos FRIL. Eso significa que cada comuna tendr\u00e1 financiamiento para tres iniciativas que la comunidad y los municipios necesiten durante el a\u00f1o 2026\u201d.<\/p>\n\n\n\n<p>Para garantizar el desarrollo de esta planificaci\u00f3n, el Gobierno Regional realizar\u00e1 una firma de convenios con los municipios. En ese contexto, el alcalde de Santa Cruz, Yamil Ethit, asegur\u00f3 que es importante \u201cvalorar el esfuerzo presupuestario que est\u00e1 haciendo el Gobierno Regional. Sabemos que hay una situaci\u00f3n econ\u00f3mica compleja en el pa\u00eds, donde los Gobiernos Regionales est\u00e1n siendo afectados por recortes presupuestarios, y el d\u00eda de hoy poder ordenar las finanzas, poder ordenar las cuentas y poner a disposici\u00f3n de las comunas, de nuestros proyectos, que tienen una clara identificaci\u00f3n local, tres FRIL por comuna, valoramos positivamente esa gesti\u00f3n del Gobierno Regional y por supuesto de nuestro Gobernador Regional, Pablo Silva Amaya\u201d.<\/p>\n\n\n\n<p>El financiamiento de iniciativas FRIL en las comunas permite que los municipios junto a vecinas y vecinos puedan ejecutar nuevos planes como la remodelaci\u00f3n de plazas, construcci\u00f3n de canchas, \u00e1reas verdes, iluminaci\u00f3n de parque u otros recintos, c\u00e1maras de seguridad, entre otros proyectos priorizados por la comunidad. \u201cEn el caso de Pichilemu, tenemos la reconstrucci\u00f3n de una casa de la estaci\u00f3n de ferrocarriles que el a\u00f1o 26 se cumple 100 a\u00f1os de la llegada del tren a nuestra comuna. Adem\u00e1s, tendremos la instalaci\u00f3n de sem\u00e1foro en avenida C\u00e1huil con Gustavo Ureta y la remodelaci\u00f3n de la plaza Bernardo O\u2019Higgins ubicada en el sector de infiernillo\u201d, afirm\u00f3 el alcalde, Roberto C\u00f3rdoba.<\/p>\n\n\n\n<figure class=\"wp-block-image size-large\"><img loading=\"lazy\" decoding=\"async\" width=\"1024\" height=\"683\" src=\"https:\/\/www.rengoenlanoticia.cl\/prensa\/wp-content\/uploads\/2025\/10\/WhatsApp-Image-2025-10-21-at-12.06.00-1024x683.jpeg\" alt=\"\" class=\"wp-image-7096\" srcset=\"https:\/\/www.rengoenlanoticia.cl\/prensa\/wp-content\/uploads\/2025\/10\/WhatsApp-Image-2025-10-21-at-12.06.00-1024x683.jpeg 1024w, https:\/\/www.rengoenlanoticia.cl\/prensa\/wp-content\/uploads\/2025\/10\/WhatsApp-Image-2025-10-21-at-12.06.00-300x200.jpeg 300w, https:\/\/www.rengoenlanoticia.cl\/prensa\/wp-content\/uploads\/2025\/10\/WhatsApp-Image-2025-10-21-at-12.06.00-768x512.jpeg 768w, https:\/\/www.rengoenlanoticia.cl\/prensa\/wp-content\/uploads\/2025\/10\/WhatsApp-Image-2025-10-21-at-12.06.00-1536x1024.jpeg 1536w, https:\/\/www.rengoenlanoticia.cl\/prensa\/wp-content\/uploads\/2025\/10\/WhatsApp-Image-2025-10-21-at-12.06.00-2048x1365.jpeg 2048w, https:\/\/www.rengoenlanoticia.cl\/prensa\/wp-content\/uploads\/2025\/10\/WhatsApp-Image-2025-10-21-at-12.06.00-110x73.jpeg 110w, https:\/\/www.rengoenlanoticia.cl\/prensa\/wp-content\/uploads\/2025\/10\/WhatsApp-Image-2025-10-21-at-12.06.00-200x133.jpeg 200w, https:\/\/www.rengoenlanoticia.cl\/prensa\/wp-content\/uploads\/2025\/10\/WhatsApp-Image-2025-10-21-at-12.06.00-380x253.jpeg 380w, https:\/\/www.rengoenlanoticia.cl\/prensa\/wp-content\/uploads\/2025\/10\/WhatsApp-Image-2025-10-21-at-12.06.00-255x170.jpeg 255w, https:\/\/www.rengoenlanoticia.cl\/prensa\/wp-content\/uploads\/2025\/10\/WhatsApp-Image-2025-10-21-at-12.06.00-550x367.jpeg 550w, https:\/\/www.rengoenlanoticia.cl\/prensa\/wp-content\/uploads\/2025\/10\/WhatsApp-Image-2025-10-21-at-12.06.00-800x533.jpeg 800w, https:\/\/www.rengoenlanoticia.cl\/prensa\/wp-content\/uploads\/2025\/10\/WhatsApp-Image-2025-10-21-at-12.06.00-1160x773.jpeg 1160w, https:\/\/www.rengoenlanoticia.cl\/prensa\/wp-content\/uploads\/2025\/10\/WhatsApp-Image-2025-10-21-at-12.06.00-scaled.jpeg 2560w\" sizes=\"auto, (max-width: 1024px) 100vw, 1024px\" \/><\/figure>\n\n\n\n<p>En tanto, en la comuna de Las Cabras, el alcalde Juan Pablo Flores, se\u00f1al\u00f3 que \u201cagradezco esta gesti\u00f3n que nos est\u00e9n dando tres FRIL por comuna. Son proyectos de inversi\u00f3n s\u00faper significativos. Con respecto a mi comuna es arreglar seis postas rurales, arreglar veredas y iluminar una cancha de un club deportivo; as\u00ed que de verdad me voy muy contento de esta reuni\u00f3n\u201d.<\/p>\n","protected":false},"excerpt":{"rendered":"La planificaci\u00f3n presupuestaria beneficiar\u00e1 a las 33 comunas de la regi\u00f3n con iniciativas priorizadas por vecinos, vecinas y&hellip;\n","protected":false},"author":1,"featured_media":7095,"comment_status":"open","ping_status":"open","sticky":false,"template":"","format":"standard","meta":{"_monsterinsights_skip_tracking":false,"_monsterinsights_sitenote_active":false,"_monsterinsights_sitenote_note":"","_monsterinsights_sitenote_category":0,"footnotes":""},"categories":[8],"tags":[],"class_list":{"0":"post-7094","1":"post","2":"type-post","3":"status-publish","4":"format-standard","5":"has-post-thumbnail","7":"category-portada"},"aioseo_notices":[],"_links":{"self":[{"href":"https:\/\/www.rengoenlanoticia.cl\/prensa\/wp-json\/wp\/v2\/posts\/7094","targetHints":{"allow":["GET"]}}],"collection":[{"href":"https:\/\/www.rengoenlanoticia.cl\/prensa\/wp-json\/wp\/v2\/posts"}],"about":[{"href":"https:\/\/www.rengoenlanoticia.cl\/prensa\/wp-json\/wp\/v2\/types\/post"}],"author":[{"embeddable":true,"href":"https:\/\/www.rengoenlanoticia.cl\/prensa\/wp-json\/wp\/v2\/users\/1"}],"replies":[{"embeddable":true,"href":"https:\/\/www.rengoenlanoticia.cl\/prensa\/wp-json\/wp\/v2\/comments?post=7094"}],"version-history":[{"count":3,"href":"https:\/\/www.rengoenlanoticia.cl\/prensa\/wp-json\/wp\/v2\/posts\/7094\/revisions"}],"predecessor-version":[{"id":7108,"href":"https:\/\/www.rengoenlanoticia.cl\/prensa\/wp-json\/wp\/v2\/posts\/7094\/revisions\/7108"}],"wp:featuredmedia":[{"embeddable":true,"href":"https:\/\/www.rengoenlanoticia.cl\/prensa\/wp-json\/wp\/v2\/media\/7095"}],"wp:attachment":[{"href":"https:\/\/www.rengoenlanoticia.cl\/prensa\/wp-json\/wp\/v2\/media?parent=7094"}],"wp:term":[{"taxonomy":"category","embeddable":true,"href":"https:\/\/www.rengoenlanoticia.cl\/prensa\/wp-json\/wp\/v2\/categories?post=7094"},{"taxonomy":"post_tag","embeddable":true,"href":"https:\/\/www.rengoenlanoticia.cl\/prensa\/wp-json\/wp\/v2\/tags?post=7094"}],"curies":[{"name":"wp","href":"https:\/\/api.w.org\/{rel}","templated":true}]}}